{"id":43829,"date":"2025-04-28T17:54:43","date_gmt":"2025-04-28T20:54:43","guid":{"rendered":"https:\/\/ejornais.com.br\/index.php\/2025\/04\/28\/passarinhada-nesta-segunda-feira-avistou-48-especies-diferentes-de-aves-em-campo-grande-cgnoticias\/"},"modified":"2025-04-28T17:54:43","modified_gmt":"2025-04-28T20:54:43","slug":"passarinhada-nesta-segunda-feira-avistou-48-especies-diferentes-de-aves-em-campo-grande-cgnoticias","status":"publish","type":"post","link":"https:\/\/ejornais.com.br\/index.php\/2025\/04\/28\/passarinhada-nesta-segunda-feira-avistou-48-especies-diferentes-de-aves-em-campo-grande-cgnoticias\/","title":{"rendered":"Passarinhada nesta segunda-feira avistou 48 esp\u00e9cies diferentes de aves em Campo Grande \u2013 CGNot\u00edcias"},"content":{"rendered":"<p><\/p>\n<div>\n<p>Para celebrar o segundo ano da Lei 7.023, que reconhece o munic\u00edpio como Capital do Turismo de Observa\u00e7\u00e3o de Aves e institui o Dia Municipal da Observa\u00e7\u00e3o de Aves, o Instituto Mamede de Pesquisa Ambiental e Ecoturismo, em parceria com a Secretaria Municipal de Meio Ambiente, Gest\u00e3o Urbana e Desenvolvimento Econ\u00f4mico, Tur\u00edstico e Sustent\u00e1vel (SEMADES) e a Secretaria Executiva de Cultura (SECULT), promoveram nesta segunda-feira (28) o evento \u201cVem Passarinhar\u201d, um city tour gratuito com uma manh\u00e3 inteira dedicada \u00e0 conex\u00e3o com a natureza.<\/p>\n<figure class=\"wp-block-image size-large\"><\/figure>\n<p>Durante o passeio, que come\u00e7ou \u00e0s 6h da manh\u00e3, na Pra\u00e7a do R\u00e1dio Clube, e teve como destino final o Centro de Educa\u00e7\u00e3o Ambiental Imbirussu (CEA Imbirussu), onde os participantes fizeram uma \u201cpassarinhada\u201d acompanhada por condutores especializados, foram avistadas quase 50 esp\u00e9cies de p\u00e1ssaros diferentes. Acesse <strong>aqui <\/strong>e confira os p\u00e1ssaros avistados no trajeto pela Av. Afonso Pena\u00a0e <strong>aqui <\/strong>no CEA Imbirussu.<\/p>\n<p>Acompanhando um avistamento pela primeira vez, Gislaine Freire, levou a filha e os sobrinhos para apreciarem a beleza das aves. \u201cEst\u00e1 sendo maravilhoso, est\u00e1 sendo lindo, esta \u00e9 a nossa primeira vez e estamos adorando\u201d, disse Gislaine, acompanhada das crian\u00e7as de 12, 11 e 4 anos.<\/p>\n<figure class=\"wp-block-image size-large\"><\/figure>\n<p>Do Instituto Mamede de Pesquisa Ambiental e Ecoturismo, Maricela Benites, frisa que Campo Grande \u00e9 reconhecida como a Capital da Observa\u00e7\u00e3o de Aves. \u201cN\u00f3s temos cerca de 400 esp\u00e9cies de aves convivendo conosco na \u00e1rea urbana. Ent\u00e3o, \u00e9 um privil\u00e9gio a gente conviver, mas tamb\u00e9m uma responsabilidade. Ent\u00e3o hoje \u00e9 um dia muito especial porque a gente agrega pessoas de todas as idades, pessoas que podem fazer a observa\u00e7\u00e3o e que tem essa oportunidade de conectar-se com a natureza\u201d, explicou.<\/p>\n<p>Para o gerente de desenvolvimento tur\u00edstico na SEMADES, Wantuyr Tartari, a programa\u00e7\u00e3o foi um sucesso. \u201cOrganizamos a programa\u00e7\u00e3o antes do final de semana e divulgamos para as pessoas participarem. A ades\u00e3o era gratuita e tivemos um n\u00famero expressivo de inscritos. Foi um passeio incr\u00edvel, foram catalogadas s\u00f3 no percurso mais de 30 esp\u00e9cies de aves\u201d, disse. Ele pontuou ainda que o p\u00fablico que \u00e9 adepto desse tipo de turismo \u00e9 muito fiel, mostrando o potencial tur\u00edstico da a\u00e7\u00e3o. \u201cMesmo com o tempo chuvoso n\u00f3s tivemos aqui praticamente 30 pessoas participando intensivamente desse evento\u201d, afirmou.<\/p>\n<figure class=\"wp-block-image size-large\"><\/figure>\n<p><strong>Capital do Turismo de Observa\u00e7\u00e3o de Aves<\/strong><\/p>\n<p>Com mais de 400 esp\u00e9cies de aves catalogadas, Campo Grande se consolida como um dos principais destinos de birdwatching no Brasil, com avistamentos que v\u00e3o desde os canteiros da Avenida Afonso Pena at\u00e9 \u00e1reas preservadas como o Parque dos Poderes. O munic\u00edpio tamb\u00e9m faz parte do Roteiro para o Turismo de Observa\u00e7\u00e3o de Aves da Rota Bioce\u00e2nica, que integra Brasil, Paraguai, Argentina e Chile, destacando ainda mais a import\u00e2ncia estrat\u00e9gica da cidade no cen\u00e1rio internacional.<\/p>\n<p>#<em>ParaTodosVerem As imagens mostram a Passarinhada com pessoas usando bin\u00f3culos para ver os pass\u00e1ros e aves. <\/em><\/p>\n<\/div>\n<p><script async defer async defer src=\"https:\/\/connect.facebook.net\/en_US\/sdk.js?ver=1#xfbml=1&amp;version=v3.2\" id=\"prefeitura-campogrande-script-facebook-sdk-js\"><\/script><\/p>\n","protected":false},"excerpt":{"rendered":"<p>Para celebrar o segundo ano da Lei 7.023, que reconhece o munic\u00edpio como Capital do Turismo de Observa\u00e7\u00e3o de Aves<\/p>\n","protected":false},"author":2,"featured_media":0,"comment_status":"","ping_status":"","sticky":false,"template":"","format":"standard","meta":{"colormag_page_container_layout":"default_layout","colormag_page_sidebar_layout":"default_layout","footnotes":""},"categories":[1],"tags":[],"class_list":["post-43829","post","type-post","status-publish","format-standard","hentry","category-ejornais"],"aioseo_notices":[],"amp_enabled":true,"_links":{"self":[{"href":"https:\/\/ejornais.com.br\/index.php\/wp-json\/wp\/v2\/posts\/43829","targetHints":{"allow":["GET"]}}],"collection":[{"href":"https:\/\/ejornais.com.br\/index.php\/wp-json\/wp\/v2\/posts"}],"about":[{"href":"https:\/\/ejornais.com.br\/index.php\/wp-json\/wp\/v2\/types\/post"}],"author":[{"embeddable":true,"href":"https:\/\/ejornais.com.br\/index.php\/wp-json\/wp\/v2\/users\/2"}],"replies":[{"embeddable":true,"href":"https:\/\/ejornais.com.br\/index.php\/wp-json\/wp\/v2\/comments?post=43829"}],"version-history":[{"count":0,"href":"https:\/\/ejornais.com.br\/index.php\/wp-json\/wp\/v2\/posts\/43829\/revisions"}],"wp:attachment":[{"href":"https:\/\/ejornais.com.br\/index.php\/wp-json\/wp\/v2\/media?parent=43829"}],"wp:term":[{"taxonomy":"category","embeddable":true,"href":"https:\/\/ejornais.com.br\/index.php\/wp-json\/wp\/v2\/categories?post=43829"},{"taxonomy":"post_tag","embeddable":true,"href":"https:\/\/ejornais.com.br\/index.php\/wp-json\/wp\/v2\/tags?post=43829"}],"curies":[{"name":"wp","href":"https:\/\/api.w.org\/{rel}","templated":true}]}}