{"id":43849,"date":"2025-04-29T01:09:33","date_gmt":"2025-04-29T04:09:33","guid":{"rendered":"https:\/\/ejornais.com.br\/index.php\/2025\/04\/29\/sao-jose-karate-se-prepara-para-a-final-paulista\/"},"modified":"2025-04-29T01:09:33","modified_gmt":"2025-04-29T04:09:33","slug":"sao-jose-karate-se-prepara-para-a-final-paulista","status":"publish","type":"post","link":"https:\/\/ejornais.com.br\/index.php\/2025\/04\/29\/sao-jose-karate-se-prepara-para-a-final-paulista\/","title":{"rendered":"S\u00e3o Jos\u00e9 Karat\u00ea se prepara para a Final Paulista"},"content":{"rendered":"<p><\/p>\n<div>\n<p><b>Lucas Lemes<\/b><br \/>&#13;<br \/>\n&#13;<br \/>\n                <span style=\"font-weight: bold;\">Secretaria de Esporte e Qualidade de Vida<\/span><\/p>\n<p>A equipe de Karat\u00ea do programa Atleta Cidad\u00e3o est\u00e1 pronta para mais um desafio desta temporada: a final do Campeonato Paulista, realizado pela Federa\u00e7\u00e3o Paulista de Karat\u00ea (FPK) entre os dias 1 e 3 de maio, em S\u00e3o Bernardo do Campo\/SP.<\/p>\n<\/p>\n<p><em><sup>Equipe de Karat\u00ea Atleta Cidad\u00e3o, prontos para as finais do estadual | Foto: Divulga\u00e7\u00e3o<\/sup><\/em><\/p>\n<p>Ao todo, participar\u00e3o 22 atletas vinculados ao programa de forma\u00e7\u00e3o de base esportiva da Prefeitura de S\u00e3o Jos\u00e9 dos Campos, das categorias sub-14 a s\u00eanior, dos g\u00eaneros masculino e feminino.<\/p>\n<p>De acordo com a FPK, a expectativa \u00e9 que mais de 2 mil lutadores do Estado entrem nos tatames, em busca da t\u00e3o almejada vaga para o campeonato nacional.<\/p>\n<p><span class=\"intertitulo\">Voc\u00ea sabia?<\/span><\/p>\n<p>A Prefeitura de S\u00e3o Jos\u00e9 dos Campos tem um novo canal esportivo no WhatsApp.<\/p>\n<p>Acompanhe e fique por dentro das novidades em Esporte e Lazer na cidade.<span>\u00a0<\/span><strong>Clique aqui para seguir.<\/strong><\/p>\n<p>&#13;<br \/>\n                        <strong>MAIS NOT\u00cdCIAS<\/strong><br \/>&#13;<br \/>\n                        Secretaria de Esporte e Qualidade de Vida&#13;\n                    <\/p>\n<\/p><\/div>\n","protected":false},"excerpt":{"rendered":"<p>Lucas Lemes&#13; &#13; Secretaria de Esporte e Qualidade de Vida A equipe de Karat\u00ea do programa Atleta Cidad\u00e3o est\u00e1 pronta<\/p>\n","protected":false},"author":2,"featured_media":0,"comment_status":"","ping_status":"","sticky":false,"template":"","format":"standard","meta":{"colormag_page_container_layout":"default_layout","colormag_page_sidebar_layout":"default_layout","footnotes":""},"categories":[1],"tags":[],"class_list":["post-43849","post","type-post","status-publish","format-standard","hentry","category-ejornais"],"aioseo_notices":[],"amp_enabled":true,"_links":{"self":[{"href":"https:\/\/ejornais.com.br\/index.php\/wp-json\/wp\/v2\/posts\/43849","targetHints":{"allow":["GET"]}}],"collection":[{"href":"https:\/\/ejornais.com.br\/index.php\/wp-json\/wp\/v2\/posts"}],"about":[{"href":"https:\/\/ejornais.com.br\/index.php\/wp-json\/wp\/v2\/types\/post"}],"author":[{"embeddable":true,"href":"https:\/\/ejornais.com.br\/index.php\/wp-json\/wp\/v2\/users\/2"}],"replies":[{"embeddable":true,"href":"https:\/\/ejornais.com.br\/index.php\/wp-json\/wp\/v2\/comments?post=43849"}],"version-history":[{"count":0,"href":"https:\/\/ejornais.com.br\/index.php\/wp-json\/wp\/v2\/posts\/43849\/revisions"}],"wp:attachment":[{"href":"https:\/\/ejornais.com.br\/index.php\/wp-json\/wp\/v2\/media?parent=43849"}],"wp:term":[{"taxonomy":"category","embeddable":true,"href":"https:\/\/ejornais.com.br\/index.php\/wp-json\/wp\/v2\/categories?post=43849"},{"taxonomy":"post_tag","embeddable":true,"href":"https:\/\/ejornais.com.br\/index.php\/wp-json\/wp\/v2\/tags?post=43849"}],"curies":[{"name":"wp","href":"https:\/\/api.w.org\/{rel}","templated":true}]}}