{"id":43897,"date":"2025-04-29T17:28:42","date_gmt":"2025-04-29T20:28:42","guid":{"rendered":"https:\/\/ejornais.com.br\/index.php\/2025\/04\/29\/grupos-de-bumba-meu-boi-do-maranhao-se-apresentam-no-rio\/"},"modified":"2025-04-29T17:28:42","modified_gmt":"2025-04-29T20:28:42","slug":"grupos-de-bumba-meu-boi-do-maranhao-se-apresentam-no-rio","status":"publish","type":"post","link":"https:\/\/ejornais.com.br\/index.php\/2025\/04\/29\/grupos-de-bumba-meu-boi-do-maranhao-se-apresentam-no-rio\/","title":{"rendered":"Grupos de Bumba Meu Boi do Maranh\u00e3o se apresentam no Rio"},"content":{"rendered":"<p> Por MRNews<br \/>\n<\/p>\n<div wp_automatic_readability=\"67.395697522816\">\n<p>Os<strong> grupos de Bumba Meu Boi Maracan\u00e3 e Sonhos do Maranh\u00e3o se apresentaram neste domingo (27) na Feira de S\u00e3o Crist\u00f3v\u00e3o<\/strong>, na zona norte do Rio de Janeiro, para divulgar a\u00a0manifesta\u00e7\u00e3o art\u00edstica.<\/p>\n<p>As <strong>festividades do S\u00e3o Jo\u00e3o come\u00e7am no estado nordestino no dia 4 de maio e v\u00e3o at\u00e9 o \u00faltimo dia de julho<\/strong>.<\/p>\n<p>Considerada\u00a0patrim\u00f4nio imaterial do Brasil, a <strong>manifesta\u00e7\u00e3o tem origens indefinidas<\/strong>, mas <strong>elementos culturais africanos e europeus<\/strong>, introduzidos principalmente por meio da religiosidade, segundo a Secretaria de Turismo do Maranh\u00e3o.<\/p>\n<p><strong><a href=\"https:\/\/mrnews.com.br\/index.php\/2025\/04\/29\/resultado-do-sorteio-quina-6717-de-hoje-terca-29-04\/\">RESULTADO DO SORTEIO QUINA 6717 DE HOJE TER\u00c7A (29\/04)<\/a><\/strong><\/p>\n<p><strong><a href=\"https:\/\/mrnews.com.br\/index.php\/2025\/04\/29\/resultado-do-sorteio-dia-de-sorte-1057-de-hoje-terca-29-04\/\">RESULTADO DO SORTEIO DIA DE SORTE 1057 DE HOJE TER\u00c7A (29\/04)<\/a><\/strong><\/p>\n<p>Nas comunidades que fazem a brincadeira, as <strong>celebra\u00e7\u00f5es e o trabalho em torno da festa duram praticamente o ano inteiro<\/strong>. Um dos desafios \u00e9 preparar o <strong>couro do boi, revestimento de camur\u00e7a belamente decorado com canutilhos que recobrem o corpo do animal<\/strong>, pois \u00e9 de bom tom que seja renovado a cada temporada.<\/p>\n<p>Mas \u00e9 durante os festejos juninos que ele reina absoluto, arrastando multid\u00f5es. No<strong> Bumba Meu Boi do Maranh\u00e3o<\/strong>, a <strong>variedade de sotaques<\/strong>, ou ritmos, faz a diferen\u00e7a.<\/p>\n<p><strong>&gt;&gt; S\u00e3o basicamente cinco:<\/strong><\/p>\n<ul>\n<li><strong>Sotaque de Zabumba<\/strong>: Ritmo original do Bumba Meu Boi, marca a forte influ\u00eancia africana na manifesta\u00e7\u00e3o. S\u00e3o utilizados instrumentos como pandeirinhos, marac\u00e1s e tant\u00e3s, al\u00e9m das zabumbas. No vestu\u00e1rio, destacam-se golas e saiotas bordadas e chap\u00e9us com fitas coloridas.\u00a0<br \/>\u00a0<\/li>\n<li><strong>Sotaque de Orquestra<\/strong>: Ao incorporar outras influ\u00eancias, o Bumba Meu Boi ganha o acompanhamento de diversos instrumentos de sopro e cordas. O vestu\u00e1rio \u00e9 bem elaborado e diferenciado dos demais ritmos.\u00a0<br \/>\u00a0<\/li>\n<li><strong>Sotaque de Pindar\u00e9<\/strong>: Matracas e pandeiros pequenos d\u00e3o o ritmo deste sotaque. E o personagem Cazumb\u00e1, uma mistura de homem e bicho, \u00e9 o destaque que diverte os brincantes e o p\u00fablico.\u00a0<br \/>\u00a0<\/li>\n<li><strong>Sotaque de Costa de M\u00e3o<\/strong>: T\u00edpico da regi\u00e3o de Cururupu \u2013 Floresta dos Guar\u00e1s \u2013 recebe este nome em virtude de pequenos pandeiros tocados com as costas das m\u00e3os. Al\u00e9m de roupa em veludo bordado, os brincantes usam chap\u00e9us em forma de cogumelo, com fitas coloridas e grinaldas de flores.<br \/>\u00a0<\/li>\n<li><strong>Sotaque da Ilha ou de Matraca<\/strong>: Como s\u00e3o conhecidos os bois origin\u00e1rios da ilha de S\u00e3o Lu\u00eds e que utilizam como principais instrumentos as matracas e os chamados pandeir\u00f5es. S\u00e3o os mais populares e queridos, formando verdadeiras na\u00e7\u00f5es.\u00a0<\/li>\n<\/ul>\n<p>Em todo o estado, s\u00e3o <strong>mais de 400 grupos de Bumba Meu Boi<\/strong> dessa bela demonstra\u00e7\u00e3o popular.<\/p>\n<p><strong><a href=\"https:\/\/mrnews.com.br\/index.php\/2025\/04\/29\/resultado-do-sorteio-lotofacil-3379-de-hoje-terca-29-04\/\">RESULTADO DO SORTEIO LOTOF\u00c1CIL 3379 DE HOJE TER\u00c7A (29\/04)<\/a><\/strong><\/p>\n<p><strong><a href=\"https:\/\/mrnews.com.br\/index.php\/2025\/04\/29\/resultado-do-sorteio-timemania-2237-de-hoje-terca-29-04\/\">RESULTADO DO SORTEIO TIMEMANIA 2237 DE HOJE TER\u00c7A (29\/04)<\/a><\/strong><\/p>\n<div class=\"dnd-widget-wrapper context-grande_6colunas type-image atom-align-left\">\n<h6 class=\"meta\"><!--copyright=422380-->Rio de Janeiro (RJ), 27\/04\/2025 \u2013 Bumba Meu Boi do Maranh\u00e3o\u00a0no Rio de Janeiro. <strong>Foto: Rodrigo Ribeiro\/Divulga\u00e7\u00e3o<\/strong><!--END copyright=422380--><\/h6>\n<\/div>\n<p>A estudante universit\u00e1ria Leudigera Mendes participa como \u00edndia do grupo folcl\u00f3rico Maracan\u00e3 desde os 4 anos. Esse Bumba Meu Boi \u00e9 do sotaque da Ilha ou de Matraca.<\/p>\n<p>\u201cCada regi\u00e3o do Brasil tem uma manifesta\u00e7\u00e3o cultural e o boi \u00e9 muito importante para o Maranh\u00e3o. Estamos aqui para divulgar o maior S\u00e3o Jo\u00e3o do mundo que \u00e9 o do Maranh\u00e3o\u201d, disse.\u00a0<\/p>\n<p>O mec\u00e2nico Adriano dos Santos \u00e9 o boi do grupo dos Sonhos, de sotaque de Orquestra, h\u00e1 oito anos.<\/p>\n<blockquote wp_automatic_readability=\"6\">\n<p>\u201cEssa tradi\u00e7\u00e3o \u00e9 de fam\u00edlia que veio do meu av\u00f4 e do meu pai. Todos eles eram bois. N\u00e3o \u00e9 para qualquer um n\u00e3o. Exige muito dos bra\u00e7os. Tem que ter gingado e balan\u00e7ado\u201d.\u00a0<\/p>\n<\/blockquote>\n<p>O secret\u00e1rio estadual de Cultura do Maranh\u00e3o, Yuri Arruda, disse que este ano o governo trouxe um pouco para o Rio do\u00a0gostinho da cultura maranhense.<\/p>\n<blockquote wp_automatic_readability=\"11\">\n<p>\u201cS\u00e3o 90 dias de festa em todos os cantos do estado. O Maranh\u00e3o sofre influ\u00eancias de v\u00e1rias regi\u00f5es. \u00c9 uma cultura muito diversa. Temos Bumba Meu Boi, quadrilha, forr\u00f3 p\u00e9 de serra, dan\u00e7a do coco, dan\u00e7a portuguesa. \u00c9 uma infinidade de dan\u00e7as\u201d.\u00a0<\/p>\n<\/blockquote>\n<\/div>\n","protected":false},"excerpt":{"rendered":"<p>Por MRNews Os grupos de Bumba Meu Boi Maracan\u00e3 e Sonhos do Maranh\u00e3o se apresentaram neste domingo (27) na Feira<\/p>\n","protected":false},"author":2,"featured_media":0,"comment_status":"","ping_status":"","sticky":false,"template":"","format":"standard","meta":{"colormag_page_container_layout":"default_layout","colormag_page_sidebar_layout":"default_layout","footnotes":""},"categories":[1],"tags":[],"class_list":["post-43897","post","type-post","status-publish","format-standard","hentry","category-ejornais"],"aioseo_notices":[],"amp_enabled":true,"_links":{"self":[{"href":"https:\/\/ejornais.com.br\/index.php\/wp-json\/wp\/v2\/posts\/43897","targetHints":{"allow":["GET"]}}],"collection":[{"href":"https:\/\/ejornais.com.br\/index.php\/wp-json\/wp\/v2\/posts"}],"about":[{"href":"https:\/\/ejornais.com.br\/index.php\/wp-json\/wp\/v2\/types\/post"}],"author":[{"embeddable":true,"href":"https:\/\/ejornais.com.br\/index.php\/wp-json\/wp\/v2\/users\/2"}],"replies":[{"embeddable":true,"href":"https:\/\/ejornais.com.br\/index.php\/wp-json\/wp\/v2\/comments?post=43897"}],"version-history":[{"count":0,"href":"https:\/\/ejornais.com.br\/index.php\/wp-json\/wp\/v2\/posts\/43897\/revisions"}],"wp:attachment":[{"href":"https:\/\/ejornais.com.br\/index.php\/wp-json\/wp\/v2\/media?parent=43897"}],"wp:term":[{"taxonomy":"category","embeddable":true,"href":"https:\/\/ejornais.com.br\/index.php\/wp-json\/wp\/v2\/categories?post=43897"},{"taxonomy":"post_tag","embeddable":true,"href":"https:\/\/ejornais.com.br\/index.php\/wp-json\/wp\/v2\/tags?post=43897"}],"curies":[{"name":"wp","href":"https:\/\/api.w.org\/{rel}","templated":true}]}}