{"id":43932,"date":"2025-04-30T07:15:35","date_gmt":"2025-04-30T10:15:35","guid":{"rendered":"https:\/\/ejornais.com.br\/index.php\/2025\/04\/30\/prazo-para-licenciamento-sanitario-termina-nesta-quarta-feira-prefeitura-da-cidade-do-rio-de-janeiro\/"},"modified":"2025-04-30T07:15:35","modified_gmt":"2025-04-30T10:15:35","slug":"prazo-para-licenciamento-sanitario-termina-nesta-quarta-feira-prefeitura-da-cidade-do-rio-de-janeiro","status":"publish","type":"post","link":"https:\/\/ejornais.com.br\/index.php\/2025\/04\/30\/prazo-para-licenciamento-sanitario-termina-nesta-quarta-feira-prefeitura-da-cidade-do-rio-de-janeiro\/","title":{"rendered":"Prazo para licenciamento sanit\u00e1rio termina nesta quarta-feira &#8211; Prefeitura da Cidade do Rio de Janeiro"},"content":{"rendered":"<p><\/p>\n<div id=\"main\">\n<div class=\"wrapper-breadcrumbs\" wp_automatic_readability=\"14.650876232202\">\n<p>Termina nesta quarta-feira (30\/4) o prazo para regulariza\u00e7\u00e3o do licenciamento sanit\u00e1rio referente ao ano de 2025 no munic\u00edpio do Rio. O processo, totalmente on-line, pode ser feito em menos de dez minutos pelo portal Carioca Digital at\u00e9 23h59 desta quarta e \u00e9 essencial para estabelecimentos que realizam atividades econ\u00f4micas comerciais, industriais ou de presta\u00e7\u00e3o de servi\u00e7os que tenham rela\u00e7\u00e3o com a sa\u00fade individual ou coletiva da popula\u00e7\u00e3o.<\/p>\n<blockquote wp_automatic_readability=\"12\">\n<p>\u2013 Ap\u00f3s a quita\u00e7\u00e3o da taxa, \u00e9 emitido um documento de licen\u00e7a para funcionamento do estabelecimento, que dever\u00e1 ser exposto de forma vis\u00edvel ao p\u00fablico, dispon\u00edvel para consulta das autoridades sanit\u00e1rias e anualmente revalidado \u2013 explicou a presidente do Instituto Municipal de Vigil\u00e2ncia Sanit\u00e1ria (IVISA-Rio), Aline Borges.<\/p>\n<\/blockquote>\n<p>A Taxa de Licenciamento Sanit\u00e1rio (TLS) \u00e9 calculada levando em conta a metragem do estabelecimento, a complexidade e o risco das atividades exercidas. O valor da base aplicada para o exerc\u00edcio de 2025 pode ser consultado no site da Vigil\u00e2ncia Sanit\u00e1ria.<\/p>\n<p>             <!-- Compartilhe ---><\/p>\n<p>\t\t\t <!-- TAGS --><\/p>\n<section class=\"category-tags\">\n<div class=\"marcacao-category\">\n<article class=\"category-post\">\n<p>Categoria: <\/p>\n<\/article>\n<li>29 de abril de 2025<\/li><\/div>\n<article class=\"tags\">\n\t\t\t\t\tMarca\u00e7\u00f5es: IVISA-Rio licenciamento sanit\u00e1rio regulariza\u00e7\u00e3o Taxa de Licenciamento Sanit\u00e1rio<br \/><\/article>\n<\/section>\n<p>            <!-- Mais Not&iacute;cias --><\/p>\n<p>\t\t<!-- Conte&uacute;do SIDEBAR --><\/p><\/div>\n<\/p><\/div>\n","protected":false},"excerpt":{"rendered":"<p>Termina nesta quarta-feira (30\/4) o prazo para regulariza\u00e7\u00e3o do licenciamento sanit\u00e1rio referente ao ano de 2025 no munic\u00edpio do Rio.<\/p>\n","protected":false},"author":2,"featured_media":0,"comment_status":"","ping_status":"","sticky":false,"template":"","format":"standard","meta":{"colormag_page_container_layout":"default_layout","colormag_page_sidebar_layout":"default_layout","footnotes":""},"categories":[1],"tags":[],"class_list":["post-43932","post","type-post","status-publish","format-standard","hentry","category-ejornais"],"aioseo_notices":[],"amp_enabled":true,"_links":{"self":[{"href":"https:\/\/ejornais.com.br\/index.php\/wp-json\/wp\/v2\/posts\/43932","targetHints":{"allow":["GET"]}}],"collection":[{"href":"https:\/\/ejornais.com.br\/index.php\/wp-json\/wp\/v2\/posts"}],"about":[{"href":"https:\/\/ejornais.com.br\/index.php\/wp-json\/wp\/v2\/types\/post"}],"author":[{"embeddable":true,"href":"https:\/\/ejornais.com.br\/index.php\/wp-json\/wp\/v2\/users\/2"}],"replies":[{"embeddable":true,"href":"https:\/\/ejornais.com.br\/index.php\/wp-json\/wp\/v2\/comments?post=43932"}],"version-history":[{"count":0,"href":"https:\/\/ejornais.com.br\/index.php\/wp-json\/wp\/v2\/posts\/43932\/revisions"}],"wp:attachment":[{"href":"https:\/\/ejornais.com.br\/index.php\/wp-json\/wp\/v2\/media?parent=43932"}],"wp:term":[{"taxonomy":"category","embeddable":true,"href":"https:\/\/ejornais.com.br\/index.php\/wp-json\/wp\/v2\/categories?post=43932"},{"taxonomy":"post_tag","embeddable":true,"href":"https:\/\/ejornais.com.br\/index.php\/wp-json\/wp\/v2\/tags?post=43932"}],"curies":[{"name":"wp","href":"https:\/\/api.w.org\/{rel}","templated":true}]}}