{"id":43958,"date":"2025-04-30T15:39:43","date_gmt":"2025-04-30T18:39:43","guid":{"rendered":"https:\/\/ejornais.com.br\/index.php\/2025\/04\/30\/novas-moradias-vao-beneficiar-479-familias-da-area-urbana-rural-e-comunidades-indigenas-do-estado\/"},"modified":"2025-04-30T15:39:43","modified_gmt":"2025-04-30T18:39:43","slug":"novas-moradias-vao-beneficiar-479-familias-da-area-urbana-rural-e-comunidades-indigenas-do-estado","status":"publish","type":"post","link":"https:\/\/ejornais.com.br\/index.php\/2025\/04\/30\/novas-moradias-vao-beneficiar-479-familias-da-area-urbana-rural-e-comunidades-indigenas-do-estado\/","title":{"rendered":"Novas moradias v\u00e3o beneficiar 479 fam\u00edlias da \u00e1rea urbana, rural e comunidades ind\u00edgenas do Estado"},"content":{"rendered":"<p><\/p>\n<div>\n<p>Para levar dignidade e realizar o sonho da casa pr\u00f3pria, o governador Eduardo Riedel assinou novos contratos para constru\u00e7\u00e3o de mais 479 moradias, que v\u00e3o contemplar oito munic\u00edpios. Entre os beneficiados est\u00e3o fam\u00edlias que moram na \u00e1rea rural, urbana e comunidades ind\u00edgenas. As unidades fazem parte do programa Minha Casa, Minha Vida, por meio da modalidade Rural e Entidades.<\/p>\n<p>A solenidade ocorreu nesta quarta-feira (30). \u201cCriamos o MS Moradia para fazer frente a uma demanda que envolve diferentes faixas de renda, um programa que encaixa para cada uma dessas realidades. Para realizarmos o sonho da casa pr\u00f3pria fomos buscar os parceiros. Hoje assinamos junto com o Governo Federal 479 novas habita\u00e7\u00f5es, para aquelas pessoas que n\u00e3o t\u00eam condi\u00e7\u00e3o de acessar uma moradia\u201d, afirmou o governador.<\/p>\n<figure id=\"attachment_509220\" aria-describedby=\"caption-attachment-509220\" style=\"width: 1024px\" class=\"wp-caption aligncenter\"><figcaption id=\"caption-attachment-509220\" class=\"wp-caption-text\"><em>Governador assinou os novos contratos nesta quarta-feira<\/em><\/figcaption><\/figure>\n<p>Riedel destacou que o acesso a habita\u00e7\u00e3o \u00e9 algo que faz parte do desenvolvimento do Estado. \u201cEla tem a capacidade de transformar a vida das pessoas, com a necessidade que a gente tem dentro do nosso Estado de viabilizar essa cidadania plena \u00e0s pessoas. Ter um teto para morar traz dignidade, ajuda diretamente as pessoas, por isso que somos uma gest\u00e3o t\u00e3o municipalista\u201d.<\/p>\n<p>A ministra do Planejamento e Or\u00e7amento, Simone Tebet, representou o Governo Federal durante a solenidade. \u201cExistem prioridades e duas coisas sagradas para o ser humano, a primeira \u00e9 o trabalho, a segunda \u00e9 um teto para morar. A mensagem principal que quero deixar aqui \u00e9 que n\u00e3o vai faltar dinheiro do governo federal para os projetos do Minha Casa Minha Vida, n\u00e3o s\u00f3 em Mato Grosso Sul como em todo Brasil\u201d, garantiu.<\/p>\n<div id=\"gallery-1\" class=\"gallery galleryid-509212 gallery-columns-2 gallery-size-large\">\n<figure class=\"gallery-item\">\n<div class=\"gallery-icon landscape\"><\/div>\n<\/figure>\n<figure class=\"gallery-item\">\n<div class=\"gallery-icon landscape\"><\/div>\n<\/figure><\/div>\n<p><strong>Beneficiados<\/strong><\/p>\n<p>Duas aldeias ind\u00edgenas (Moreira e Passarinho) de Miranda ser\u00e3o contempladas com 50 novas moradias (Oga Por\u00e3), 25 cada. J\u00e1 na modalidade \u201cEntidades\u201d vai beneficiar 8 munic\u00edpios, com a constru\u00e7\u00e3o de 429 unidades habitacionais, nas cidades de Costa Rica (81), Coxim (59), F\u00e1tima do Sul (39), Figueir\u00e3o (40), Juti (50), Laguna Carap\u00e3 (40), Parana\u00edba (60) e Sonora (60).<\/p>\n<p>Nesta fase foram investidos R$ 74 milh\u00f5es. Para as moradias da \u00e1rea rural o aporte federal foi de R$ 3,7 milh\u00f5es, enquanto que o estadual de R$ 1 milh\u00e3o. J\u00e1 para \u00e1rea urbana s\u00e3o mais R$ 58,1 milh\u00f5es e R$ 11,2 milh\u00f5es do Estado.<\/p>\n<div id=\"gallery-2\" class=\"gallery galleryid-509212 gallery-columns-2 gallery-size-large\">\n<figure class=\"gallery-item\">\n<div class=\"gallery-icon landscape\"><\/div>\n<\/figure>\n<figure class=\"gallery-item\">\n<div class=\"gallery-icon landscape\"><\/div>\n<\/figure><\/div>\n<p>\u201cA import\u00e2ncia que esse ato de hoje tem no social \u00e9 de uma relev\u00e2ncia muito grande. Temos entre os beneficiados os povos ind\u00edgenas, que temos uma grande popula\u00e7\u00e3o. O governador tem priorizado na \u00e1rea de habita\u00e7\u00e3o, tanto que s\u00e3o os maiores investimentos feitos pelo Estado que j\u00e1 tivemos no setor\u201d, ponderou a diretora-presidente da Agehab (Ag\u00eancia de Habita\u00e7\u00e3o Popular de MS), Maria do Carmo Avesani.<\/p>\n<p>No total, Mato Grosso do Sul foi selecionado para receber 2.336 unidades habitacionais, das quais 1.687 s\u00e3o da modalidade Rural, distribu\u00eddas em 24 munic\u00edpios (49 aldeias e 07 assentamentos), e 649 pertencem \u00e0 modalidade Entidades.<\/p>\n<figure id=\"attachment_509222\" aria-describedby=\"caption-attachment-509222\" style=\"width: 1024px\" class=\"wp-caption aligncenter\"><figcaption id=\"caption-attachment-509222\" class=\"wp-caption-text\"><em>Novas moradias fazem parte do programa Minha Casa, Minha Vida <\/em><\/figcaption><\/figure>\n<p><em>Leonardo Rocha, Comunica\u00e7\u00e3o do Governo de MS<\/em><br \/><em>Fotos: Saul Schramm<\/em><\/p>\n<p><strong>ATEN\u00c7\u00c3O<\/strong>: confira\u00a0<span style=\"color: #0000ff;\">aqui o pack imprensa<\/span> com as imagens de apoio, sonora e entrevistas<\/p>\n<\/div>\n","protected":false},"excerpt":{"rendered":"<p>Para levar dignidade e realizar o sonho da casa pr\u00f3pria, o governador Eduardo Riedel assinou novos contratos para constru\u00e7\u00e3o de<\/p>\n","protected":false},"author":2,"featured_media":0,"comment_status":"","ping_status":"","sticky":false,"template":"","format":"standard","meta":{"colormag_page_container_layout":"default_layout","colormag_page_sidebar_layout":"default_layout","footnotes":""},"categories":[1],"tags":[],"class_list":["post-43958","post","type-post","status-publish","format-standard","hentry","category-ejornais"],"aioseo_notices":[],"amp_enabled":true,"_links":{"self":[{"href":"https:\/\/ejornais.com.br\/index.php\/wp-json\/wp\/v2\/posts\/43958","targetHints":{"allow":["GET"]}}],"collection":[{"href":"https:\/\/ejornais.com.br\/index.php\/wp-json\/wp\/v2\/posts"}],"about":[{"href":"https:\/\/ejornais.com.br\/index.php\/wp-json\/wp\/v2\/types\/post"}],"author":[{"embeddable":true,"href":"https:\/\/ejornais.com.br\/index.php\/wp-json\/wp\/v2\/users\/2"}],"replies":[{"embeddable":true,"href":"https:\/\/ejornais.com.br\/index.php\/wp-json\/wp\/v2\/comments?post=43958"}],"version-history":[{"count":0,"href":"https:\/\/ejornais.com.br\/index.php\/wp-json\/wp\/v2\/posts\/43958\/revisions"}],"wp:attachment":[{"href":"https:\/\/ejornais.com.br\/index.php\/wp-json\/wp\/v2\/media?parent=43958"}],"wp:term":[{"taxonomy":"category","embeddable":true,"href":"https:\/\/ejornais.com.br\/index.php\/wp-json\/wp\/v2\/categories?post=43958"},{"taxonomy":"post_tag","embeddable":true,"href":"https:\/\/ejornais.com.br\/index.php\/wp-json\/wp\/v2\/tags?post=43958"}],"curies":[{"name":"wp","href":"https:\/\/api.w.org\/{rel}","templated":true}]}}