{"id":44087,"date":"2025-05-03T02:29:47","date_gmt":"2025-05-03T05:29:47","guid":{"rendered":"https:\/\/ejornais.com.br\/index.php\/2025\/05\/03\/conclave-2025-entenda-como-funciona-a-escolha-do-novo-papa\/"},"modified":"2025-05-03T02:29:47","modified_gmt":"2025-05-03T05:29:47","slug":"conclave-2025-entenda-como-funciona-a-escolha-do-novo-papa","status":"publish","type":"post","link":"https:\/\/ejornais.com.br\/index.php\/2025\/05\/03\/conclave-2025-entenda-como-funciona-a-escolha-do-novo-papa\/","title":{"rendered":"Conclave 2025; Entenda Como Funciona a Escolha do Novo Papa"},"content":{"rendered":"<p> Por MRNews<br \/>\n<\/p>\n<div wp_automatic_readability=\"348.9346139638\">\n<p><strong>Conclave 2025: Entenda Como Funciona a Escolha do Novo Papa<\/strong><\/p>\n<p>O <strong>Conclave 2025<\/strong> est\u00e1 prestes a acontecer, e com ele surge uma das mais importantes decis\u00f5es da Igreja Cat\u00f3lica: a elei\u00e7\u00e3o do novo papa. O processo, cercado de tradi\u00e7\u00e3o, simbolismo e segredo, atrai a aten\u00e7\u00e3o de fi\u00e9is do mundo inteiro, al\u00e9m de especialistas em pol\u00edtica internacional e religi\u00e3o. Mas, afinal, como funciona o conclave e quem pode ser eleito?<\/p>\n<h3>O que \u00e9 o Conclave?<\/h3>\n<p>O termo \u201cconclave\u201d vem do latim <em>cum clave<\/em>, que significa \u201ccom chave\u201d, indicando o isolamento dos cardeais em um local fechado \u2014 no caso, a Capela Sistina, no Vaticano \u2014 at\u00e9 que escolham um novo papa. Somente cardeais com menos de 80 anos podem votar, e o n\u00famero de participantes pode variar. Em 2025, cerca de 130 cardeais devem participar da elei\u00e7\u00e3o.<\/p>\n<h3>Etapas do Conclave<\/h3>\n<p>O Conclave s\u00f3 \u00e9 convocado ap\u00f3s a vac\u00e2ncia da S\u00e9 Apost\u00f3lica, que ocorre com a morte ou ren\u00fancia do papa. A partir da\u00ed, seguem-se os seguintes passos:<\/p>\n<p><strong><a href=\"https:\/\/mrnews.com.br\/index.php\/2025\/05\/03\/conclave-2025-favoritos-nas-casas-de-apostas-para-suceder-o-papa-francisco\/\">Conclave 2025; Favoritos nas Casas de Apostas para Suceder o Papa Francisco<\/a><\/strong><\/p>\n<p><strong><a href=\"https:\/\/mrnews.com.br\/index.php\/2025\/05\/03\/conclave-2025-quem-pode-ser-o-proximo-papa-confira-os-favoritos-ao-trono-de-sao-pedro\/\">Conclave 2025; Quem Pode Ser o Pr\u00f3ximo Papa? Confira os Favoritos ao Trono de S\u00e3o Pedro<\/a><\/strong><\/p>\n<ol>\n<li><strong>Per\u00edodo de Moura e Reflex\u00e3o<\/strong>: Se o papa faleceu, h\u00e1 um per\u00edodo de nove dias de luto com missas especiais.<\/li>\n<li><strong>Convoca\u00e7\u00e3o dos Cardeais<\/strong>: Todos os cardeais eleitores se re\u00fanem no Vaticano.<\/li>\n<li><strong>Entrada no Conclave<\/strong>: Os cardeais entram na Capela Sistina em prociss\u00e3o solene e fazem um juramento de sigilo absoluto.<\/li>\n<li><strong>Rodadas de Vota\u00e7\u00e3o<\/strong>: S\u00e3o feitas at\u00e9 quatro vota\u00e7\u00f5es por dia (duas pela manh\u00e3 e duas \u00e0 tarde) at\u00e9 que um candidato atinja dois ter\u00e7os dos votos.<\/li>\n<li><strong>Fuma\u00e7a Branca ou Preta<\/strong>: A queima das c\u00e9dulas indica o resultado. Fuma\u00e7a preta significa que n\u00e3o houve escolha. Fuma\u00e7a branca anuncia que o novo papa foi eleito.<\/li>\n<\/ol>\n<h3>Quem pode ser eleito papa?<\/h3>\n<p>Apesar de tradicionalmente serem escolhidos entre os cardeais, qualquer homem batizado e solteiro pode ser eleito papa. No entanto, na pr\u00e1tica, todos os papas nos \u00faltimos s\u00e9culos foram cardeais. O eleito \u00e9 questionado se aceita o cargo e qual nome deseja adotar como pont\u00edfice. Em seguida, \u00e9 apresentado ao mundo com o famoso an\u00fancio: <em>\u201cHabemus Papam!\u201d<\/em><\/p>\n<h3>Favoritos para o Conclave 2025<\/h3>\n<p>Nomes j\u00e1 circulam como poss\u00edveis sucessores do trono de S\u00e3o Pedro. Entre os mais cotados est\u00e3o:<\/p>\n<ul>\n<li><strong>Matteo Zuppi (It\u00e1lia)<\/strong><\/li>\n<li><strong>Peter Turkson (Gana)<\/strong><\/li>\n<li><strong>Luis Antonio Tagle (Filipinas)<\/strong><\/li>\n<li><strong>Jean-Claude Hollerich (Luxemburgo)<\/strong><\/li>\n<li><strong>Odilo Scherer (Brasil)<\/strong><\/li>\n<\/ul>\n<p>Cada um desses cardeais representa uma corrente ou regi\u00e3o espec\u00edfica dentro da Igreja, aumentando as especula\u00e7\u00f5es sobre qual perfil ser\u00e1 escolhido.<\/p>\n<h3>Por que o Conclave \u00e9 t\u00e3o importante?<\/h3>\n<p>O novo papa ser\u00e1 respons\u00e1vel por conduzir a Igreja Cat\u00f3lica diante de grandes desafios: crise de voca\u00e7\u00f5es, esc\u00e2ndalos de abuso, mudan\u00e7as sociais, quest\u00f5es ambientais, conflitos geopol\u00edticos e o avan\u00e7o da tecnologia. O Conclave, portanto, \u00e9 mais do que uma elei\u00e7\u00e3o religiosa \u2014 \u00e9 um evento com impacto espiritual, social e pol\u00edtico global.<\/p>\n<p><strong><a href=\"https:\/\/mrnews.com.br\/index.php\/2025\/05\/02\/millena-brandao-atriz-mirim-do-sbt-esta-internada-em-estado-grave-apos-sete-paradas-cardiaca\/\">Atriz mirim do SBT est\u00e1 internada em estado grave ap\u00f3s sete paradas card\u00edaca<\/a><\/strong><\/p>\n<p><strong><a href=\"https:\/\/mrnews.com.br\/index.php\/2025\/05\/02\/vale-tudo-primeiro-encontro-de-ivan-e-heleninha-vira-a-trama-totalmente-do-avesso\/\">Vale Tudo; primeiro encontro de Ivan e Heleninha vira a trama totalmente do avesso<\/a><\/strong><\/p>\n<h3>Conclus\u00e3o<\/h3>\n<p>Com o <strong>Conclave 2025<\/strong>, a Igreja Cat\u00f3lica mais uma vez volta os olhos ao futuro. Entender como funciona esse processo ajuda a compreender n\u00e3o apenas a estrutura da Igreja, mas tamb\u00e9m sua influ\u00eancia no mundo contempor\u00e2neo. O pr\u00f3ximo papa ter\u00e1 a miss\u00e3o de guiar milh\u00f5es de fi\u00e9is com sabedoria e firmeza, mantendo viva a tradi\u00e7\u00e3o apost\u00f3lica iniciada por S\u00e3o Pedro.<\/p>\n<p><strong>Palavras-chave para SEO:<\/strong> conclave 2025, novo papa, como funciona o conclave, elei\u00e7\u00e3o do papa, Vaticano, Capela Sistina, cardeais eleitores, quem ser\u00e1 o pr\u00f3ximo papa, sucess\u00e3o papal, Igreja Cat\u00f3lica.<\/p>\n<p><strong>Conclave 2025: Quem Pode Ser o Pr\u00f3ximo Papa? Confira os Favoritos ao Trono de S\u00e3o Pedro<\/strong><\/p>\n<p>Com a aproxima\u00e7\u00e3o do <a href=\"https:\/\/mrnews.com.br\/index.php\/2025\/04\/26\/conclave-2025-tudo-sobre-a-eleicao-do-proximo-papa-data-oficial-favoritos\/\">Conclave 2025<\/a>, cresce a expectativa global sobre quem ser\u00e1 o pr\u00f3ximo papa da Igreja Cat\u00f3lica. O Conclave \u2014 reuni\u00e3o dos cardeais para eleger o novo pont\u00edfice \u2014 ser\u00e1 realizado na Capela Sistina, no Vaticano, e j\u00e1 movimenta os bastidores da Santa S\u00e9. Com a ren\u00fancia ou falecimento do atual papa, o evento marcar\u00e1 um novo cap\u00edtulo na lideran\u00e7a espiritual de mais de 1 bilh\u00e3o de cat\u00f3licos no mundo.<\/p>\n<h3>O que \u00e9 o Conclave?<\/h3>\n<p>O Conclave \u00e9 a assembleia dos cardeais da Igreja Cat\u00f3lica reunidos em segredo para escolher o novo papa. Apenas os cardeais com menos de 80 anos t\u00eam direito a voto. Em 2025, cerca de 130 cardeais devem participar do processo, representando todos os continentes.<\/p>\n<p>Durante o Conclave, os cardeais s\u00e3o isolados no Vaticano e s\u00f3 podem sair ap\u00f3s a elei\u00e7\u00e3o do novo papa. O resultado \u00e9 anunciado ao mundo por meio da tradicional fuma\u00e7a branca, que sai da chamin\u00e9 da Capela Sistina, indicando que a Igreja tem um novo pont\u00edfice.<\/p>\n<h3>Favoritos ao Conclave 2025<\/h3>\n<p>Segundo a an\u00e1lise publicada pela <a href=\"https:\/\/veja.abril.com.br\/mundo\/quem-pode-ser-o-proximo-papa-veja-lista-de-cardeais-que-estarao-no-conclave\/\" target=\"_blank\" rel=\"noopener\">VEJA<\/a>, alguns nomes surgem como favoritos para suceder o atual papa. A lista inclui cardeais de diferentes origens, refletindo a diversidade e o alcance global da Igreja Cat\u00f3lica:<\/p>\n<ul>\n<li><strong>Cardeal Matteo Zuppi (It\u00e1lia):<\/strong> Atual arcebispo de Bolonha, \u00e9 conhecido por seu trabalho com refugiados e seu perfil progressista. \u00c9 visto como uma continuidade da linha adotada por Francisco.<\/li>\n<li><strong>Cardeal Peter Turkson (Gana):<\/strong> Considerado um forte candidato africano, tem trajet\u00f3ria influente na C\u00faria Romana e no di\u00e1logo inter-religioso.<\/li>\n<li><strong>Cardeal Luis Antonio Tagle (Filipinas):<\/strong> Ex-arcebispo de Manila e atualmente no Vaticano, tem grande apelo popular e \u00e9 considerado um \u201cpapa asi\u00e1tico em potencial\u201d.<\/li>\n<li><strong>Cardeal Jean-Claude Hollerich (Luxemburgo):<\/strong> Muito respeitado na Europa, \u00e9 um nome associado \u00e0 abertura e ao di\u00e1logo com a sociedade contempor\u00e2nea.<\/li>\n<li><strong>Cardeal Odilo Scherer (Brasil):<\/strong> Arcebispo de S\u00e3o Paulo, \u00e9 um dos nomes mais fortes da Am\u00e9rica Latina e pode representar um retorno da lideran\u00e7a papal \u00e0 regi\u00e3o.<\/li>\n<\/ul>\n<h3>Expectativas e Desafios do Novo Papa<\/h3>\n<p>O novo pont\u00edfice ter\u00e1 pela frente importantes desafios, como a continuidade das reformas iniciadas por Francisco, o enfrentamento das crises de abuso sexual na Igreja, o crescimento do secularismo na Europa e a manuten\u00e7\u00e3o do di\u00e1logo com outras religi\u00f5es. Tamb\u00e9m ser\u00e1 esperado um posicionamento firme sobre temas sens\u00edveis como mudan\u00e7as clim\u00e1ticas, migra\u00e7\u00e3o e pobreza global.<\/p>\n<h3>Import\u00e2ncia Global do Conclave<\/h3>\n<p>O Conclave \u00e9 um evento de grande repercuss\u00e3o internacional. A elei\u00e7\u00e3o de um novo papa pode influenciar n\u00e3o apenas o mundo religioso, mas tamb\u00e9m decis\u00f5es pol\u00edticas e sociais em diversas partes do mundo. O perfil do novo l\u00edder pode sinalizar a dire\u00e7\u00e3o que a Igreja tomar\u00e1 nas pr\u00f3ximas d\u00e9cadas \u2014 mais conservadora, progressista ou moderada.<\/p>\n<p><strong>Conclus\u00e3o<\/strong><\/p>\n<p>O Conclave 2025 ser\u00e1 decisivo para o futuro da Igreja Cat\u00f3lica. Com candidatos fortes de diversas partes do mundo, a expectativa \u00e9 de uma escolha que reflita tanto a tradi\u00e7\u00e3o quanto as demandas do s\u00e9culo XXI. At\u00e9 l\u00e1, cat\u00f3licos e n\u00e3o cat\u00f3licos acompanham atentos os sinais do Vaticano.<\/p>\n<p><strong>Palavras-chave para SEO:<\/strong> conclave 2025, novo papa, quem ser\u00e1 o pr\u00f3ximo papa, lista de cardeais, elei\u00e7\u00e3o do papa, Vaticano, Capela Sistina, cardeal favorito papa, Igreja Cat\u00f3lica, sucess\u00e3o papal.<\/p>\n<h2>Conclave 2025: Tudo sobre a elei\u00e7\u00e3o do pr\u00f3ximo Papa<\/h2>\n<p>O mundo cat\u00f3lico est\u00e1 em contagem regressiva para um dos momentos mais emblem\u00e1ticos da Igreja: a elei\u00e7\u00e3o do novo Papa. Ap\u00f3s a morte do Papa Francisco, ocorrida em 21 de abril de 2025, com 88 anos, os preparativos para o Conclave avan\u00e7am rapidamente. A previs\u00e3o \u00e9 que a elei\u00e7\u00e3o aconte\u00e7a entre os dias <strong>5 e 15 de maio<\/strong>, no Vaticano.<\/p>\n<h2>Como ser\u00e1 o Conclave<\/h2>\n<p>O Conclave seguir\u00e1 as regras tradicionais: os 135 cardeais com menos de 80 anos estar\u00e3o aptos a participar da vota\u00e7\u00e3o que definir\u00e1 o novo l\u00edder espiritual dos 1,4 bilh\u00e3o de cat\u00f3licos no mundo. Eles se reunir\u00e3o na Capela Sistina, completamente isolados do mundo exterior \u2014 sem celulares, jornais ou internet \u2014 at\u00e9 que um sucessor seja escolhido.<\/p>\n<p>Antes disso, missas e eventos p\u00fablicos ajudam a ler poss\u00edveis sinais sobre as tend\u00eancias da elei\u00e7\u00e3o. Como destacado pela <strong>CNN Brasil<\/strong>, cardeais ainda podem conceder entrevistas e participar de cerim\u00f4nias p\u00fablicas antes do isolamento. Esses momentos s\u00e3o preciosos para analistas do Vaticano tentarem decifrar prefer\u00eancias e alian\u00e7as entre os votantes.<\/p>\n<h2>Funeral do Papa Francisco e primeiros sinais<\/h2>\n<p>O funeral do Papa Francisco acontece no s\u00e1bado, 26 de abril, na Pra\u00e7a de S\u00e3o Pedro. O serm\u00e3o ser\u00e1 conduzido pelo cardeal Giovanni Battista Re, que, apesar dos seus 91 anos e da impossibilidade de votar, pode indicar, em seu discurso, o perfil de Papa que acredita ser o ideal para o futuro da Igreja. Esse momento \u00e9 simb\u00f3lico: no funeral de Jo\u00e3o Paulo II em 2005, o ent\u00e3o cardeal Joseph Ratzinger fez um discurso que foi visto como o pren\u00fancio de sua elei\u00e7\u00e3o como Bento XVI.<\/p>\n<p>Al\u00e9m do funeral, outros eventos lit\u00fargicos, como missas presididas por poss\u00edveis candidatos \u2014 entre eles o cardeal Pietro Parolin \u2014 tamb\u00e9m ser\u00e3o observados de perto.<\/p>\n<h2>Principais nomes cotados para Papa<\/h2>\n<p>Entre os cardeais mais citados como poss\u00edveis sucessores est\u00e3o:<\/p>\n<ul>\n<li><strong>Pietro Parolin (It\u00e1lia)<\/strong>: atual Secret\u00e1rio de Estado do Vaticano, conhecido por seu perfil diplom\u00e1tico e discreto.<\/li>\n<li><strong>Robert Sarah (Guin\u00e9)<\/strong>: africano conservador, de forte defesa da tradi\u00e7\u00e3o lit\u00fargica.<\/li>\n<li><strong>Matteo Zuppi (It\u00e1lia)<\/strong>: arcebispo de Bolonha, com perfil progressista e muito ligado \u00e0s pautas sociais.<\/li>\n<li><strong>Luis Antonio Tagle (Filipinas)<\/strong>: visto como um \u201cpupilo\u201d de Francisco, \u00e9 popular, jovem e com grande experi\u00eancia mission\u00e1ria.<\/li>\n<li><strong>Sean O\u2019Malley (EUA)<\/strong>: um dos nomes mais respeitados pela atua\u00e7\u00e3o contra abusos na Igreja.<\/li>\n<\/ul>\n<p>Outros nomes podem surgir conforme as \u201cCongrega\u00e7\u00f5es Gerais\u201d, reuni\u00f5es di\u00e1rias dos cardeais antes do Conclave, onde cada um pode apresentar suas vis\u00f5es e sugest\u00f5es para o futuro da Igreja.<\/p>\n<h2>A escolha do novo Papa<\/h2>\n<p>A elei\u00e7\u00e3o \u00e9 feita por vota\u00e7\u00e3o secreta. Cada cardeal escreve o nome de seu escolhido em uma c\u00e9dula e a deposita em uma urna. Para que um novo Papa seja eleito, \u00e9 necess\u00e1ria a maioria de dois ter\u00e7os dos votos. Caso a vota\u00e7\u00e3o n\u00e3o resulte em elei\u00e7\u00e3o, as c\u00e9dulas s\u00e3o queimadas, e a fuma\u00e7a preta sinaliza ao mundo que n\u00e3o houve defini\u00e7\u00e3o. Quando um Papa \u00e9 escolhido, a fuma\u00e7a branca sobe da Capela Sistina.<\/p>\n<p>O an\u00fancio \u201cHabemus Papam\u201d ser\u00e1 feito da sacada da Bas\u00edlica de S\u00e3o Pedro, revelando ao mundo o nome do novo Pont\u00edfice.<\/p>\n<h2>O que a Igreja procura<\/h2>\n<p>Especialistas apontam que, em 2025, a Igreja procura um l\u00edder que consiga:<\/p>\n<ul>\n<li>Continuar o caminho de abertura pastoral iniciado por Francisco.<\/li>\n<li>Refor\u00e7ar o combate interno contra esc\u00e2ndalos e abusos.<\/li>\n<li>Lidar com desafios geopol\u00edticos, como guerras e crises migrat\u00f3rias.<\/li>\n<li>Aproximar a Igreja de regi\u00f5es em crescimento, como \u00c1frica e \u00c1sia.<\/li>\n<\/ul>\n<p>Express\u00f5es usadas por cardeais em seus discursos, como <strong>\u201creforma\u201d<\/strong>, <strong>\u201cdi\u00e1logo\u201d<\/strong>, <strong>\u201ctradi\u00e7\u00e3o\u201d<\/strong> e <strong>\u201ccapacidade administrativa\u201d<\/strong>, ser\u00e3o indicadores importantes sobre o perfil do futuro Papa.<\/p>\n<h2>Considera\u00e7\u00f5es finais<\/h2>\n<p>O Conclave de 2025 \u00e9 hist\u00f3rico n\u00e3o apenas pela sucess\u00e3o de um Papa muito querido, mas tamb\u00e9m porque ocorre em um momento delicado da hist\u00f3ria da Igreja e do mundo. Com cardeais vindos de todas as partes do globo, a escolha refletir\u00e1 n\u00e3o apenas quest\u00f5es religiosas, mas tamb\u00e9m sociais, pol\u00edticas e culturais.<\/p>\n<p>Prepare-se para acompanhar cada sinal e movimento at\u00e9 que a fuma\u00e7a branca anuncie um novo cap\u00edtulo na hist\u00f3ria da Igreja Cat\u00f3lica.<\/p>\n<hr\/>\n<p><strong>Tags:<\/strong> Conclave 2025, Papa Francisco, Vaticano, Elei\u00e7\u00e3o do Papa, Igreja Cat\u00f3lica, Pietro Parolin, Robert Sarah, Papa, CNN Brasil<\/p>\n<hr\/>\n<p>Quer que eu tamb\u00e9m prepare uma vers\u00e3o resumida para redes sociais ou um modelo de linha do tempo sobre o Conclave?<\/p>\n<hr\/>\n<p>The world is preparing for one of the most significant events in the Catholic Church: the election of the new Pope. Following the death of Pope Francis on April 21, 2025, the Vatican has entered a period of mourning and anticipation. The upcoming conclave, set to begin between May 5 and May 15, will determine the next leader of the 1.4 billion Catholics around the globe.<\/p>\n<h3>The Conclave Process<\/h3>\n<p>The process of electing a new pope is secretive and steeped in tradition. Of the world\u2019s 252 cardinals, 135 are under the age of 80 and thus eligible to vote. According to Church law, the conclave cannot begin until at least May 6, allowing for the necessary mourning period and preparations.<\/p>\n<p>Once the conclave begins, the cardinals will be completely isolated from the outside world, locked inside the Vatican\u2019s Sistine Chapel until a new pope is elected. The iconic white or black smoke from the chapel\u2019s chimney will signal to the world whether a decision has been reached.<\/p>\n<h3>Early Signs and Speculation<\/h3>\n<p>Before the conclave officially starts, cardinals are free to participate in public events and give interviews, often hinting at the qualities they seek in the next pope. Vatican observers and journalists closely monitor these appearances for subtle signs.<\/p>\n<p>At the funeral of Pope Francis, set for April 26 in St. Peter\u2019s Square, important clues might emerge. The homily will be delivered by Cardinal Giovanni Battista Re, the dean of the College of Cardinals. Though he is 91 and not eligible to vote, his words could guide the tone of the coming election.<\/p>\n<p>In 2005, a similar homily by Cardinal Joseph Ratzinger was seen as foreshadowing his own election as Pope Benedict XVI just days later.<\/p>\n<p>Cardinal Pietro Parolin, currently Vatican Secretary of State, is among the most frequently mentioned potential successors. However, as Church historians caution, \u201cthe one who enters the conclave as pope leaves as cardinal.\u201d Predictions are notoriously unreliable.<\/p>\n<h3>Behind Closed Doors<\/h3>\n<p>Leading up to the conclave, the cardinals will meet daily in sessions called \u201cgeneral congregations,\u201d where they discuss the needs of the Church and outline the desired profile for the next pope.<\/p>\n<p>These closed-door meetings often reveal more than public statements. In 2013, then-Cardinal Jorge Mario Bergoglio gave a brief but impactful speech calling for a Church that is less self-referential and more engaged with the modern world\u2014setting the stage for his election as Pope Francis.<\/p>\n<p>During the conclave itself, strict silence is observed. The ceremony begins with the words \u201cExtra omnes!\u201d (\u201cEveryone out!\u201d) announced in Latin, signaling that only the voting cardinals may remain inside.<\/p>\n<h3>What the Church Needs<\/h3>\n<p>The Catholic Church faces a challenging global environment marked by declining church attendance in the West, growth in Africa and Asia, ongoing clerical abuse scandals, and demands for institutional reforms. As such, cardinals may prioritize candidates who emphasize:<\/p>\n<ul>\n<li>Openness to dialogue with modern society<\/li>\n<li>Administrative competence<\/li>\n<li>Strong theological grounding<\/li>\n<li>Commitment to transparency and reform<\/li>\n<\/ul>\n<p>Hints about which priorities dominate will surface in sermons, interviews, and the daily meetings in Rome.<\/p>\n<h3>A Global Moment<\/h3>\n<p>The funeral of Pope Francis will draw world leaders such as U.S. President Donald Trump and Ukrainian President Volodymyr Zelensky to the Vatican. Millions around the globe will be watching closely\u2014not only to mourn a pope but to glimpse the future of the Church.<\/p>\n<p>As the College of Cardinals prepares to fulfill its sacred duty, Catholics and observers alike await the moment when white smoke rises again over St. Peter\u2019s Square, announcing: <em>Habemus Papam<\/em> \u2014 We have a Pope.<\/p>\n<hr\/>\n<p>Would you also like me to format it for a website or a newsletter version too?<\/p>\n<p><!-- CONTENT END 3 --><\/p><\/div>\n","protected":false},"excerpt":{"rendered":"<p>Por MRNews Conclave 2025: Entenda Como Funciona a Escolha do Novo Papa O Conclave 2025 est\u00e1 prestes a acontecer, e<\/p>\n","protected":false},"author":2,"featured_media":0,"comment_status":"","ping_status":"","sticky":false,"template":"","format":"standard","meta":{"colormag_page_container_layout":"default_layout","colormag_page_sidebar_layout":"default_layout","footnotes":""},"categories":[1],"tags":[],"class_list":["post-44087","post","type-post","status-publish","format-standard","hentry","category-ejornais"],"aioseo_notices":[],"amp_enabled":true,"_links":{"self":[{"href":"https:\/\/ejornais.com.br\/index.php\/wp-json\/wp\/v2\/posts\/44087","targetHints":{"allow":["GET"]}}],"collection":[{"href":"https:\/\/ejornais.com.br\/index.php\/wp-json\/wp\/v2\/posts"}],"about":[{"href":"https:\/\/ejornais.com.br\/index.php\/wp-json\/wp\/v2\/types\/post"}],"author":[{"embeddable":true,"href":"https:\/\/ejornais.com.br\/index.php\/wp-json\/wp\/v2\/users\/2"}],"replies":[{"embeddable":true,"href":"https:\/\/ejornais.com.br\/index.php\/wp-json\/wp\/v2\/comments?post=44087"}],"version-history":[{"count":0,"href":"https:\/\/ejornais.com.br\/index.php\/wp-json\/wp\/v2\/posts\/44087\/revisions"}],"wp:attachment":[{"href":"https:\/\/ejornais.com.br\/index.php\/wp-json\/wp\/v2\/media?parent=44087"}],"wp:term":[{"taxonomy":"category","embeddable":true,"href":"https:\/\/ejornais.com.br\/index.php\/wp-json\/wp\/v2\/categories?post=44087"},{"taxonomy":"post_tag","embeddable":true,"href":"https:\/\/ejornais.com.br\/index.php\/wp-json\/wp\/v2\/tags?post=44087"}],"curies":[{"name":"wp","href":"https:\/\/api.w.org\/{rel}","templated":true}]}}