{"id":44106,"date":"2025-05-03T17:20:37","date_gmt":"2025-05-03T20:20:37","guid":{"rendered":"https:\/\/ejornais.com.br\/index.php\/2025\/05\/03\/erro-em-vale-tudo-intriga-telespectadores-na-cena-da-mala-de-rubinho\/"},"modified":"2025-05-03T17:20:37","modified_gmt":"2025-05-03T20:20:37","slug":"erro-em-vale-tudo-intriga-telespectadores-na-cena-da-mala-de-rubinho","status":"publish","type":"post","link":"https:\/\/ejornais.com.br\/index.php\/2025\/05\/03\/erro-em-vale-tudo-intriga-telespectadores-na-cena-da-mala-de-rubinho\/","title":{"rendered":"Erro em Vale Tudo Intriga Telespectadores na Cena da Mala de Rubinho"},"content":{"rendered":"<p> Por MRNews<br \/>\n<\/p>\n<div wp_automatic_readability=\"341.35426285011\">\n<p><strong>Erro de Continuidade em <em>Vale Tudo<\/em> Intriga Telespectadores na Cena da Mala de Rubinho<\/strong><\/p>\n<p>A novela <em>Vale Tudo<\/em>, exibida no hor\u00e1rio nobre da TV Globo, entregou aos telespectadores uma cena de tirar o f\u00f4lego no cap\u00edtulo da \u00faltima sexta-feira (2). O momento em que Raquel (Ta\u00eds Araujo) e Ivan (Renato G\u00f3es) finalmente descobrem o conte\u00fado da misteriosa mala deixada por Rubinho (Julio Andrade) gerou grande expectativa \u2014 mas tamb\u00e9m revelou uma falha de continuidade que n\u00e3o passou despercebida pelos mais atentos.<\/p>\n<p>Ao longo dos epis\u00f3dios anteriores, o p\u00fablico acompanhou cenas em que Marco Aur\u00e9lio (Alexandre Nero) tranca a mala com um cadeado de c\u00f3digo num\u00e9rico, o que sugeria um segredo guardado a sete chaves. No entanto, na cena mais recente, a mala simplesmente se abre ap\u00f3s uma breve disputa entre Raquel e Ivan, sem qualquer esfor\u00e7o para quebrar ou desvendar o c\u00f3digo.<\/p>\n<p>A situa\u00e7\u00e3o se desenrola quando Raquel decide levar a mala embora do apartamento de Ivan. Ele tenta impedir, puxa o objeto \u2014 e, para surpresa geral, a mala se abre, revelando caixas de bombons. Ao perceber a quantidade de chocolates, Raquel estranha, dizendo que Rubinho nem gostava de doces. A grande revela\u00e7\u00e3o vem quando, ao abrir uma das caixas, o casal encontra ma\u00e7os de d\u00f3lares escondidos entre os bombons.<\/p>\n<p><strong><a href=\"https:\/\/mrnews.com.br\/index.php\/2025\/05\/03\/preta-gil-emociona-ao-revelar-que-esta-preparada-para-a-morte-apos-conversa-com-gilberto-gil\/\">Preta Gil emociona ao revelar que est\u00e1 preparada para a morte ap\u00f3s conversa com Gilberto Gil<\/a><\/strong><\/p>\n<p><strong><a href=\"https:\/\/mrnews.com.br\/index.php\/2025\/05\/03\/conclave-2025-favoritos-nas-casas-de-apostas-para-suceder-o-papa-francisco\/\">Conclave 2025; Favoritos nas Casas de Apostas para Suceder o Papa Francisco<\/a><\/strong><\/p>\n<p>Apesar da incoer\u00eancia no roteiro, a sequ\u00eancia trouxe um novo rumo \u00e0 trama. Raquel inicialmente hesita em mexer no dinheiro, temendo consequ\u00eancias legais. \u201cN\u00e3o quero nem saber o que tem a\u00ed dentro, Ivan\u201d, diz ela. J\u00e1 Ivan insiste na import\u00e2ncia de compreender o que aquilo tudo representa. \u201cNingu\u00e9m esconde uma mala assim por acaso\u201d, argumenta.<\/p>\n<p>A revela\u00e7\u00e3o termina com Raquel impactada diante da quantia escondida: \u201cAi, meu Deus\u2026 Isso tudo estava aqui?\u201d, questiona, incr\u00e9dula. Agora, os personagens se veem diante de um dilema moral e pr\u00e1tico: o que fazer com essa fortuna?<\/p>\n<p>Mesmo com o deslize na l\u00f3gica da cena, <em>Vale Tudo<\/em> segue mantendo o p\u00fablico engajado com reviravoltas intensas e atua\u00e7\u00f5es marcantes.<\/p>\n<p><strong>Tags:<\/strong> #ValeTudo #Raquel #Ivan #Globo #Novela #ErroDeContinuidade #Rubinho<\/p>\n<p><strong><a href=\"https:\/\/mrnews.com.br\/index.php\/2025\/05\/03\/conclave-2025-entenda-como-funciona-a-escolha-do-novo-papa\/\">Conclave 2025; Entenda Como Funciona a Escolha do Novo Papa<\/a><\/strong><\/p>\n<p><strong><a href=\"https:\/\/mrnews.com.br\/index.php\/2025\/05\/03\/conclave-2025-quem-pode-ser-o-proximo-papa-confira-os-favoritos-ao-trono-de-sao-pedro\/\">Conclave 2025; Quem Pode Ser o Pr\u00f3ximo Papa? Confira os Favoritos ao Trono de S\u00e3o Pedro<\/a><\/strong><\/p>\n<p><strong>Vale Tudo: primeiro encontro de Ivan e Heleninha vira a trama totalmente do avesso<\/strong><\/p>\n<p>A novela <em>Vale Tudo<\/em>, exibida na faixa das nove da TV Globo, promete uma reviravolta emocionante com o aguardado encontro entre Heleninha Roitman (Paolla Oliveira) e Ivan Meireles (Renato G\u00f3es). O momento marca uma virada significativa na trajet\u00f3ria da filha de Odete Roitman (Debora Bloch), que enfrenta um turbilh\u00e3o de emo\u00e7\u00f5es diante dos conflitos familiares e tentativas de manipula\u00e7\u00e3o.<\/p>\n<h2>Heleninha descobre arma\u00e7\u00e3o da m\u00e3e<\/h2>\n<p>Em cenas que devem ir ao ar nos pr\u00f3ximos cap\u00edtulos, Heleninha, ainda emocionalmente abalada pela press\u00e3o que sofre em casa, escutar\u00e1 uma conversa comprometedora entre sua m\u00e3e Odete e Celina (Malu Galli). Escondida atr\u00e1s da porta, ela ouvir\u00e1 que o jantar que sua m\u00e3e organiza tem um objetivo espec\u00edfico: aproxim\u00e1-la de Ivan, o novo administrador da holding da fam\u00edlia.<\/p>\n<p>Ao perceber que est\u00e1 sendo alvo de mais uma artimanha da m\u00e3e controladora, a artista pl\u00e1stica decide agir. Tomada pela raiva e frustra\u00e7\u00e3o, Heleninha abandona a mans\u00e3o discretamente, apagando as luzes do jardim e tentando evitar qualquer confronto direto.<\/p>\n<h2>Encontro inusitado no jardim<\/h2>\n<p>No entanto, o destino tem outros planos. Ao tentar sair despercebida pelos fundos da casa, Heleninha acaba esbarrando justamente em Ivan, que chegava para o tal jantar. Em meio \u00e0 escurid\u00e3o e a mangueira ligada da irriga\u00e7\u00e3o autom\u00e1tica, os dois trope\u00e7am, escorregam e acabam caindo juntos no gramado molhado. A cena inusitada rende um momento leve e c\u00f4mico, que quebra o clima tenso e d\u00e1 in\u00edcio a uma conex\u00e3o inesperada.<\/p>\n<h2>Nova fase da trama<\/h2>\n<p>Apesar do desconforto inicial, Heleninha se surpreende com o comportamento gentil de Ivan. Ele se mostra compreensivo, respeitoso e com um toque de bom humor, caracter\u00edsticas que contrastam com o ambiente sufocante ao qual Heleninha est\u00e1 acostumada. Essa primeira troca de olhares e palavras entre os dois d\u00e1 in\u00edcio a uma aproxima\u00e7\u00e3o genu\u00edna e promissora.<\/p>\n<p>Com isso, <em>Vale Tudo<\/em> inaugura uma nova fase em sua narrativa, deixando claro que a rela\u00e7\u00e3o entre Heleninha e Ivan ter\u00e1 impacto direto nos rumos da novela. A resist\u00eancia dela \u00e0s imposi\u00e7\u00f5es familiares come\u00e7a a ganhar for\u00e7a, e o envolvimento amoroso com o novo personagem pode ser o empurr\u00e3o que faltava para sua liberta\u00e7\u00e3o emocional.<\/p>\n<hr\/>\n<p><strong>Categorias:<\/strong> NOVELAS<br \/><strong>Tags:<\/strong> acontece vale tudo, cap\u00edtulos vale tudo, entretenimento, Globo, heleninha ivan, Novela das nove, Novelas Globo, resumo novelas, resumos vale tudo, Vale Tudo<\/p>\n<p><strong>Tiago troca bebidas de Heleninha por refrigerante e salva a m\u00e3e do v\u00edcio em <em>Vale Tudo<\/em><\/strong><\/p>\n<p>Nos pr\u00f3ximos cap\u00edtulos de <em>Vale Tudo<\/em>, o drama de Heleninha alcan\u00e7a um dos momentos mais delicados da trama. Ap\u00f3s uma nova reca\u00edda provocada pela press\u00e3o emocional, especialmente com a presen\u00e7a constante de Odete Roitman, Heleninha volta a se refugiar no \u00e1lcool. Mas \u00e9 nesse ponto cr\u00edtico que o amor de Tiago, seu filho, se transforma em for\u00e7a e coragem para mudar tudo.<\/p>\n<p><strong>Tiago toma atitude comovente para salvar Heleninha<\/strong><\/p>\n<p>Ao perceber que a m\u00e3e est\u00e1 novamente dependente do \u00e1lcool e que Celina teme uma nova interna\u00e7\u00e3o, Tiago decide agir. Determinado a salvar Heleninha sem causar mais dor, ele cria um plano ousado: troca as bebidas escondidas da casa por refrigerante escuro, parecido visualmente com u\u00edsque. A ideia \u00e9 simples, mas poderosa \u2014 enganar a mente da m\u00e3e at\u00e9 que o corpo se desacostume da bebida.<\/p>\n<p>Sem perceber, Heleninha come\u00e7a a consumir o refrigerante no lugar do \u00e1lcool. No in\u00edcio, estranha o gosto, mas sua mente, fragilizada, aceita a substitui\u00e7\u00e3o. Aos poucos, ela se sente melhor, mais leve e come\u00e7a a recuperar as for\u00e7as.<\/p>\n<p><strong>Celina descobre o plano e se emociona<\/strong><\/p>\n<p>Com o passar dos dias, Celina nota a mudan\u00e7a em Heleninha. Desconfiada, decide conversar com Tiago, que ent\u00e3o revela tudo. Em uma conversa repleta de emo\u00e7\u00e3o, Celina reconhece a coragem do sobrinho e o abra\u00e7a comovida, chamando-o de \u201canjo\u201d.<\/p>\n<p><strong>Heleninha descobre tudo e agradece o filho<\/strong><\/p>\n<p>Pouco depois, Heleninha tamb\u00e9m descobre a troca e se emociona. Em uma das cenas mais tocantes da novela, ela agradece Tiago por n\u00e3o desistir dela, mesmo quando ela j\u00e1 havia perdido as esperan\u00e7as.<\/p>\n<p>\u2014 <em>Voc\u00ea me salvou, Tiago. Voc\u00ea me deu uma nova chance de viver<\/em> \u2014 diz Heleninha, com l\u00e1grimas nos olhos.<\/p>\n<p><strong>Recome\u00e7o cheio de esperan\u00e7a<\/strong><\/p>\n<p>Recuperando a autoestima, Heleninha volta a pintar, reencontra alegria nas pequenas coisas e se reconecta com a fam\u00edlia. O gesto silencioso de Tiago, aliado \u00e0 f\u00e9 de Celina e \u00e0 for\u00e7a interior de Heleninha, mostra que o amor \u00e9 capaz de vencer at\u00e9 os v\u00edcios mais profundos.<\/p>\n<p>A hist\u00f3ria de Heleninha em <em>Vale Tudo<\/em> inspira e emociona, mostrando que sempre \u00e9 poss\u00edvel recome\u00e7ar quando se tem algu\u00e9m que acredita em n\u00f3s.<\/p>\n<p><strong>Tags:<\/strong> #ValeTudo #Heleninha #Tiago #Celina #Novelas #Cap\u00edtuloDeHoje #Recome\u00e7o #AmorDeFilho #TVGlobo #ResumoDeNovela #NovelasAnos80<\/p>\n<p><strong>Gilda se redime e se torna pe\u00e7a-chave contra vilania de F\u00e1tima em <em>Vale Tudo<\/em><\/strong><\/p>\n<p>Nos pr\u00f3ximos cap\u00edtulos da novela <em>Vale Tudo<\/em>, exibida pela TV Globo, o p\u00fablico ser\u00e1 surpreendido com a reviravolta emocionante protagonizada por Gilda (Let\u00edcia Vieira). Ap\u00f3s um in\u00edcio conturbado, marcado por atitudes oportunistas e um deslize ao desviar dinheiro das vendas de sandu\u00edches na praia, a jovem decidir\u00e1 mudar de vida ao receber uma nova chance de Raquel (Ta\u00eds Ara\u00fajo), que a acolhe como uma verdadeira filha.<\/p>\n<p>Ao admitir seu erro e devolver o dinheiro roubado, Gilda mostra arrependimento sincero, o que comove Raquel. Como gesto de confian\u00e7a, a empres\u00e1ria lhe oferece um emprego no restaurante que est\u00e1 abrindo com Poliana (Matheus Nachtergaele). Gilda, ent\u00e3o, abra\u00e7a a oportunidade com dedica\u00e7\u00e3o, decide retomar os estudos e d\u00e1 in\u00edcio a uma trajet\u00f3ria de reden\u00e7\u00e3o pessoal e profissional.<\/p>\n<p>Mas \u00e9 no momento mais inesperado que Gilda realmente provar\u00e1 seu valor. Ao descobrir um plano arquitetado por Maria de F\u00e1tima (Bella Campos) para roubar a mala de d\u00f3lares que Raquel pretendia devolver a Marco Aur\u00e9lio (Alexandre Nero), Gilda assume papel central na trama. F\u00e1tima, em conluio com C\u00e9sar (Cau\u00e3 Reymond), contrata Olavo (Ricardo Teodoro) para atropelar Gilda e impedir a entrega da mala. O plano maquiav\u00e9lico funciona: Raquel desconfia de Ivan (Renato G\u00f3es), acreditando que ele a traiu, o que leva ao rompimento do casal.<\/p>\n<p>A vil\u00e3, ent\u00e3o, manipula a situa\u00e7\u00e3o para incriminar Ivan e garantir seu espa\u00e7o na alta sociedade ao lado de Afonso (Humberto Carr\u00e3o). No entanto, o golpe n\u00e3o passa despercebido por Gilda. Ao ver Olavo com C\u00e9sar e flagrar F\u00e1tima em momentos comprometedores, a jovem conecta os pontos e revela toda a verdade a Raquel.<\/p>\n<p>Embora a revela\u00e7\u00e3o venha tarde demais para salvar o relacionamento entre Raquel e Ivan, Gilda se firma como uma das maiores aliadas da protagonista, consolidando sua transforma\u00e7\u00e3o de personagem desacreditada para s\u00edmbolo de lealdade e reden\u00e7\u00e3o. Sua coragem ao enfrentar F\u00e1tima destaca sua nova postura e conquista a admira\u00e7\u00e3o de todos ao seu redor.<\/p>\n<p><em>Vale Tudo<\/em> segue conquistando o p\u00fablico com seus personagens complexos e enredos carregados de emo\u00e7\u00e3o e reviravoltas, mantendo-se como uma das tramas mais comentadas da televis\u00e3o brasileira em 2025.<\/p>\n<p><strong>Tags:<\/strong> gilda, Maria de F\u00e1tima, Raquel, Vale Tudo, novela das nove, Globo<\/p>\n<p><strong>Vale Tudo: Solange tem passado exposto e choca ao enfrentar Odete Roitman na novela da Globo<\/strong><\/p>\n<p>A tens\u00e3o vai dominar os pr\u00f3ximos cap\u00edtulos de <em>Vale Tudo<\/em>, novela das nove da TV Globo. Solange (Alice Wegmann), que conquistou o p\u00fablico com sua determina\u00e7\u00e3o e compet\u00eancia, ter\u00e1 seu passado escancarado em meio a uma guerra silenciosa contra Odete Roitman (Debora Bloch). A empres\u00e1ria, m\u00e3e de Afonso (Humberto Carr\u00e3o), n\u00e3o aceitar\u00e1 o envolvimento do filho com a jovem diretora da Tomorrow e far\u00e1 de tudo para destru\u00ed-la.<\/p>\n<p>O conflito se acirra durante um jantar promovido por Afonso para apresentar Solange \u00e0 fam\u00edlia. O que era para ser uma ocasi\u00e3o harmoniosa se transforma em um campo de batalha emocional. Odete, incomodada com o perfil da nora, n\u00e3o esconde seu desprezo ao descobrir que Solange estudou como bolsista em Berkeley, nos Estados Unidos. A rea\u00e7\u00e3o preconceituosa da empres\u00e1ria choca a todos, mas Solange, com firmeza, rebate: \u201cFui bolsista com orgulho, m\u00e9rito vale mais que dinheiro.\u201d<\/p>\n<p><strong>Revela\u00e7\u00e3o do passado de Solange agita Vale Tudo<\/strong><\/p>\n<p>Como parte de sua estrat\u00e9gia para desmoralizar a jovem, Odete encomenda um dossi\u00ea sobre Solange. \u00c9 por meio de uma mensagem an\u00f4nima que a vil\u00e3 descobre um ponto delicado do passado da mo\u00e7a: sua pris\u00e3o durante um protesto social. A informa\u00e7\u00e3o \u00e9 recebida com entusiasmo por Celina (Malu Galli), e logo se espalha, gerando constrangimento e pol\u00eamica.<\/p>\n<p>Odete aproveita o epis\u00f3dio para expor uma imagem de Solange sendo detida, tentando pintar a diretora como algu\u00e9m inst\u00e1vel e problem\u00e1tica. Contudo, o contexto verdadeiro logo vem \u00e0 tona: a pris\u00e3o ocorreu durante uma manifesta\u00e7\u00e3o pac\u00edfica por justi\u00e7a social, e Solange foi mantida por oito dias injustamente na cadeia, sem condena\u00e7\u00e3o ou provas concretas.<\/p>\n<p><strong>Apoio de Afonso e rea\u00e7\u00e3o do p\u00fablico<\/strong><\/p>\n<p>Apesar da revela\u00e7\u00e3o, Solange mant\u00e9m sua postura e n\u00e3o se deixa abalar. Seu car\u00e1ter e trajet\u00f3ria inspiradora ganham ainda mais destaque, sobretudo com o apoio firme de Afonso, que se recusa a ceder \u00e0s manipula\u00e7\u00f5es da m\u00e3e. O p\u00fablico, que acompanha cada passo do casal, se solidariza com a personagem e critica duramente a postura elitista de Odete nas redes sociais.<\/p>\n<p>A nova vers\u00e3o de <em>Vale Tudo<\/em> segue gerando discuss\u00f5es e emo\u00e7\u00f5es ao revisitar temas atuais como desigualdade, meritocracia e preconceito. A batalha entre Solange e Odete promete esquentar ainda mais os pr\u00f3ximos cap\u00edtulos.<\/p>\n<p><strong>Tags:<\/strong> acontece vale tudo, cap\u00edtulos vale tudo, entretenimento, Globo, novela das nove, novelas Globo, odete roitman solange presa, resumo novelas, resumos vale tudo, Vale Tudo.<\/p>\n<p>\u00a0<\/p>\n<p><!-- CONTENT END 3 --><\/p><\/div>\n","protected":false},"excerpt":{"rendered":"<p>Por MRNews Erro de Continuidade em Vale Tudo Intriga Telespectadores na Cena da Mala de Rubinho A novela Vale Tudo,<\/p>\n","protected":false},"author":2,"featured_media":0,"comment_status":"","ping_status":"","sticky":false,"template":"","format":"standard","meta":{"colormag_page_container_layout":"default_layout","colormag_page_sidebar_layout":"default_layout","footnotes":""},"categories":[1],"tags":[],"class_list":["post-44106","post","type-post","status-publish","format-standard","hentry","category-ejornais"],"aioseo_notices":[],"aioseo_head":"\n\t\t<!-- All in One SEO 5.0.1.1 - aioseo.com -->\n\t<meta name=\"description\" content=\"Por MRNews Erro de Continuidade em Vale Tudo Intriga Telespectadores na Cena da Mala de Rubinho A novela Vale Tudo, exibida no hor\u00e1rio nobre da TV Globo, entregou aos telespectadores uma cena de tirar o f\u00f4lego no cap\u00edtulo da \u00faltima sexta-feira (2). O momento em que Raquel (Ta\u00eds Araujo) e Ivan (Renato G\u00f3es) finalmente descobrem\" \/>\n\t<meta name=\"robots\" content=\"max-image-preview:large\" \/>\n\t<meta name=\"author\" content=\"admin1\"\/>\n\t<link rel=\"canonical\" href=\"https:\/\/ejornais.com.br\/index.php\/2025\/05\/03\/erro-em-vale-tudo-intriga-telespectadores-na-cena-da-mala-de-rubinho\/\" \/>\n\t<meta name=\"generator\" content=\"All in One SEO (AIOSEO) 5.0.1.1\" \/>\n\t\t<meta property=\"og:locale\" content=\"pt_BR\" \/>\n\t\t<meta property=\"og:site_name\" content=\"eJornais - Cat\u00e1logo de Jornais no mundo, Not\u00edcias, Blog e Esportes ao vivo\" \/>\n\t\t<meta property=\"og:type\" content=\"article\" \/>\n\t\t<meta property=\"og:title\" content=\"Erro em Vale Tudo Intriga Telespectadores na Cena da Mala de Rubinho - eJornais\" \/>\n\t\t<meta property=\"og:description\" content=\"Por MRNews Erro de Continuidade em Vale Tudo Intriga Telespectadores na Cena da Mala de Rubinho A novela Vale Tudo, exibida no hor\u00e1rio nobre da TV Globo, entregou aos telespectadores uma cena de tirar o f\u00f4lego no cap\u00edtulo da \u00faltima sexta-feira (2). O momento em que Raquel (Ta\u00eds Araujo) e Ivan (Renato G\u00f3es) finalmente descobrem\" \/>\n\t\t<meta property=\"og:url\" content=\"https:\/\/ejornais.com.br\/index.php\/2025\/05\/03\/erro-em-vale-tudo-intriga-telespectadores-na-cena-da-mala-de-rubinho\/\" \/>\n\t\t<meta property=\"article:published_time\" content=\"2025-05-03T20:20:37+00:00\" \/>\n\t\t<meta property=\"article:modified_time\" content=\"2025-05-03T20:20:37+00:00\" \/>\n\t\t<meta name=\"twitter:card\" content=\"summary_large_image\" \/>\n\t\t<meta name=\"twitter:title\" content=\"Erro em Vale Tudo Intriga Telespectadores na Cena da Mala de Rubinho - eJornais\" \/>\n\t\t<meta name=\"twitter:description\" content=\"Por MRNews Erro de Continuidade em Vale Tudo Intriga Telespectadores na Cena da Mala de Rubinho A novela Vale Tudo, exibida no hor\u00e1rio nobre da TV Globo, entregou aos telespectadores uma cena de tirar o f\u00f4lego no cap\u00edtulo da \u00faltima sexta-feira (2). O momento em que Raquel (Ta\u00eds Araujo) e Ivan (Renato G\u00f3es) finalmente descobrem\" \/>\n\t\t<script type=\"application\/ld+json\" class=\"aioseo-schema\">\n\t\t\t{\"@context\":\"https:\\\/\\\/schema.org\",\"@graph\":[{\"@type\":\"BlogPosting\",\"@id\":\"https:\\\/\\\/ejornais.com.br\\\/index.php\\\/2025\\\/05\\\/03\\\/erro-em-vale-tudo-intriga-telespectadores-na-cena-da-mala-de-rubinho\\\/#blogposting\",\"name\":\"Erro em Vale Tudo Intriga Telespectadores na Cena da Mala de Rubinho - eJornais\",\"headline\":\"Erro em Vale Tudo Intriga Telespectadores na Cena da Mala de Rubinho\",\"author\":{\"@id\":\"https:\\\/\\\/ejornais.com.br\\\/index.php\\\/author\\\/admin1\\\/#author\"},\"publisher\":{\"@id\":\"https:\\\/\\\/ejornais.com.br\\\/#organization\"},\"datePublished\":\"2025-05-03T17:20:37-03:00\",\"dateModified\":\"2025-05-03T17:20:37-03:00\",\"inLanguage\":\"pt-BR\",\"mainEntityOfPage\":{\"@id\":\"https:\\\/\\\/ejornais.com.br\\\/index.php\\\/2025\\\/05\\\/03\\\/erro-em-vale-tudo-intriga-telespectadores-na-cena-da-mala-de-rubinho\\\/#webpage\"},\"isPartOf\":{\"@id\":\"https:\\\/\\\/ejornais.com.br\\\/index.php\\\/2025\\\/05\\\/03\\\/erro-em-vale-tudo-intriga-telespectadores-na-cena-da-mala-de-rubinho\\\/#webpage\"},\"articleSection\":\"Cat\\u00e1logo de Jornais\"},{\"@type\":\"BreadcrumbList\",\"@id\":\"https:\\\/\\\/ejornais.com.br\\\/index.php\\\/2025\\\/05\\\/03\\\/erro-em-vale-tudo-intriga-telespectadores-na-cena-da-mala-de-rubinho\\\/#breadcrumblist\",\"itemListElement\":[{\"@type\":\"ListItem\",\"@id\":\"https:\\\/\\\/ejornais.com.br#listItem\",\"position\":1,\"name\":\"In\\u00edcio\",\"item\":\"https:\\\/\\\/ejornais.com.br\",\"nextItem\":{\"@type\":\"ListItem\",\"@id\":\"https:\\\/\\\/ejornais.com.br\\\/index.php\\\/category\\\/ejornais\\\/#listItem\",\"name\":\"Cat\\u00e1logo de Jornais\"}},{\"@type\":\"ListItem\",\"@id\":\"https:\\\/\\\/ejornais.com.br\\\/index.php\\\/category\\\/ejornais\\\/#listItem\",\"position\":2,\"name\":\"Cat\\u00e1logo de Jornais\",\"item\":\"https:\\\/\\\/ejornais.com.br\\\/index.php\\\/category\\\/ejornais\\\/\",\"nextItem\":{\"@type\":\"ListItem\",\"@id\":\"https:\\\/\\\/ejornais.com.br\\\/index.php\\\/2025\\\/05\\\/03\\\/erro-em-vale-tudo-intriga-telespectadores-na-cena-da-mala-de-rubinho\\\/#listItem\",\"name\":\"Erro em Vale Tudo Intriga Telespectadores na Cena da Mala de Rubinho\"},\"previousItem\":{\"@type\":\"ListItem\",\"@id\":\"https:\\\/\\\/ejornais.com.br#listItem\",\"name\":\"In\\u00edcio\"}},{\"@type\":\"ListItem\",\"@id\":\"https:\\\/\\\/ejornais.com.br\\\/index.php\\\/2025\\\/05\\\/03\\\/erro-em-vale-tudo-intriga-telespectadores-na-cena-da-mala-de-rubinho\\\/#listItem\",\"position\":3,\"name\":\"Erro em Vale Tudo Intriga Telespectadores na Cena da Mala de Rubinho\",\"previousItem\":{\"@type\":\"ListItem\",\"@id\":\"https:\\\/\\\/ejornais.com.br\\\/index.php\\\/category\\\/ejornais\\\/#listItem\",\"name\":\"Cat\\u00e1logo de Jornais\"}}]},{\"@type\":\"Organization\",\"@id\":\"https:\\\/\\\/ejornais.com.br\\\/#organization\",\"name\":\"eJornais\",\"description\":\"Cat\\u00e1logo de Jornais no mundo, Not\\u00edcias, Blog e Esportes ao vivo\",\"url\":\"https:\\\/\\\/ejornais.com.br\\\/\"},{\"@type\":\"Person\",\"@id\":\"https:\\\/\\\/ejornais.com.br\\\/index.php\\\/author\\\/admin1\\\/#author\",\"url\":\"https:\\\/\\\/ejornais.com.br\\\/index.php\\\/author\\\/admin1\\\/\",\"name\":\"admin1\",\"image\":{\"@type\":\"ImageObject\",\"@id\":\"https:\\\/\\\/ejornais.com.br\\\/index.php\\\/2025\\\/05\\\/03\\\/erro-em-vale-tudo-intriga-telespectadores-na-cena-da-mala-de-rubinho\\\/#authorImage\",\"url\":\"https:\\\/\\\/secure.gravatar.com\\\/avatar\\\/04084e6d73c042b8646e7c17b494073bf0ede3ea13c7105cfc45cbbbc28385a4?s=96&d=mm&r=g\",\"width\":96,\"height\":96,\"caption\":\"admin1\"}},{\"@type\":\"WebPage\",\"@id\":\"https:\\\/\\\/ejornais.com.br\\\/index.php\\\/2025\\\/05\\\/03\\\/erro-em-vale-tudo-intriga-telespectadores-na-cena-da-mala-de-rubinho\\\/#webpage\",\"url\":\"https:\\\/\\\/ejornais.com.br\\\/index.php\\\/2025\\\/05\\\/03\\\/erro-em-vale-tudo-intriga-telespectadores-na-cena-da-mala-de-rubinho\\\/\",\"name\":\"Erro em Vale Tudo Intriga Telespectadores na Cena da Mala de Rubinho - eJornais\",\"description\":\"Por MRNews Erro de Continuidade em Vale Tudo Intriga Telespectadores na Cena da Mala de Rubinho A novela Vale Tudo, exibida no hor\\u00e1rio nobre da TV Globo, entregou aos telespectadores uma cena de tirar o f\\u00f4lego no cap\\u00edtulo da \\u00faltima sexta-feira (2). O momento em que Raquel (Ta\\u00eds Araujo) e Ivan (Renato G\\u00f3es) finalmente descobrem\",\"inLanguage\":\"pt-BR\",\"isPartOf\":{\"@id\":\"https:\\\/\\\/ejornais.com.br\\\/#website\"},\"breadcrumb\":{\"@id\":\"https:\\\/\\\/ejornais.com.br\\\/index.php\\\/2025\\\/05\\\/03\\\/erro-em-vale-tudo-intriga-telespectadores-na-cena-da-mala-de-rubinho\\\/#breadcrumblist\"},\"author\":{\"@id\":\"https:\\\/\\\/ejornais.com.br\\\/index.php\\\/author\\\/admin1\\\/#author\"},\"creator\":{\"@id\":\"https:\\\/\\\/ejornais.com.br\\\/index.php\\\/author\\\/admin1\\\/#author\"},\"datePublished\":\"2025-05-03T17:20:37-03:00\",\"dateModified\":\"2025-05-03T17:20:37-03:00\"},{\"@type\":\"WebSite\",\"@id\":\"https:\\\/\\\/ejornais.com.br\\\/#website\",\"url\":\"https:\\\/\\\/ejornais.com.br\\\/\",\"name\":\"eJornais\",\"description\":\"Cat\\u00e1logo de Jornais no mundo, Not\\u00edcias, Blog e Esportes ao vivo\",\"inLanguage\":\"pt-BR\",\"publisher\":{\"@id\":\"https:\\\/\\\/ejornais.com.br\\\/#organization\"}}]}\n\t\t<\/script>\n\t\t<!-- All in One SEO -->\n\n","aioseo_head_json":{"title":"Erro em Vale Tudo Intriga Telespectadores na Cena da Mala de Rubinho - eJornais","description":"Por MRNews Erro de Continuidade em Vale Tudo Intriga Telespectadores na Cena da Mala de Rubinho A novela Vale Tudo, exibida no hor\u00e1rio nobre da TV Globo, entregou aos telespectadores uma cena de tirar o f\u00f4lego no cap\u00edtulo da \u00faltima sexta-feira (2). O momento em que Raquel (Ta\u00eds Araujo) e Ivan (Renato G\u00f3es) finalmente descobrem","canonical_url":"https:\/\/ejornais.com.br\/index.php\/2025\/05\/03\/erro-em-vale-tudo-intriga-telespectadores-na-cena-da-mala-de-rubinho\/","robots":"max-image-preview:large","keywords":"","webmasterTools":{"miscellaneous":""},"schema":{"@context":"https:\/\/schema.org","@graph":[{"@type":"BlogPosting","@id":"https:\/\/ejornais.com.br\/index.php\/2025\/05\/03\/erro-em-vale-tudo-intriga-telespectadores-na-cena-da-mala-de-rubinho\/#blogposting","name":"Erro em Vale Tudo Intriga Telespectadores na Cena da Mala de Rubinho - eJornais","headline":"Erro em Vale Tudo Intriga Telespectadores na Cena da Mala de Rubinho","author":{"@id":"https:\/\/ejornais.com.br\/index.php\/author\/admin1\/#author"},"publisher":{"@id":"https:\/\/ejornais.com.br\/#organization"},"datePublished":"2025-05-03T17:20:37-03:00","dateModified":"2025-05-03T17:20:37-03:00","inLanguage":"pt-BR","mainEntityOfPage":{"@id":"https:\/\/ejornais.com.br\/index.php\/2025\/05\/03\/erro-em-vale-tudo-intriga-telespectadores-na-cena-da-mala-de-rubinho\/#webpage"},"isPartOf":{"@id":"https:\/\/ejornais.com.br\/index.php\/2025\/05\/03\/erro-em-vale-tudo-intriga-telespectadores-na-cena-da-mala-de-rubinho\/#webpage"},"articleSection":"Cat\u00e1logo de Jornais"},{"@type":"BreadcrumbList","@id":"https:\/\/ejornais.com.br\/index.php\/2025\/05\/03\/erro-em-vale-tudo-intriga-telespectadores-na-cena-da-mala-de-rubinho\/#breadcrumblist","itemListElement":[{"@type":"ListItem","@id":"https:\/\/ejornais.com.br#listItem","position":1,"name":"In\u00edcio","item":"https:\/\/ejornais.com.br","nextItem":{"@type":"ListItem","@id":"https:\/\/ejornais.com.br\/index.php\/category\/ejornais\/#listItem","name":"Cat\u00e1logo de Jornais"}},{"@type":"ListItem","@id":"https:\/\/ejornais.com.br\/index.php\/category\/ejornais\/#listItem","position":2,"name":"Cat\u00e1logo de Jornais","item":"https:\/\/ejornais.com.br\/index.php\/category\/ejornais\/","nextItem":{"@type":"ListItem","@id":"https:\/\/ejornais.com.br\/index.php\/2025\/05\/03\/erro-em-vale-tudo-intriga-telespectadores-na-cena-da-mala-de-rubinho\/#listItem","name":"Erro em Vale Tudo Intriga Telespectadores na Cena da Mala de Rubinho"},"previousItem":{"@type":"ListItem","@id":"https:\/\/ejornais.com.br#listItem","name":"In\u00edcio"}},{"@type":"ListItem","@id":"https:\/\/ejornais.com.br\/index.php\/2025\/05\/03\/erro-em-vale-tudo-intriga-telespectadores-na-cena-da-mala-de-rubinho\/#listItem","position":3,"name":"Erro em Vale Tudo Intriga Telespectadores na Cena da Mala de Rubinho","previousItem":{"@type":"ListItem","@id":"https:\/\/ejornais.com.br\/index.php\/category\/ejornais\/#listItem","name":"Cat\u00e1logo de Jornais"}}]},{"@type":"Organization","@id":"https:\/\/ejornais.com.br\/#organization","name":"eJornais","description":"Cat\u00e1logo de Jornais no mundo, Not\u00edcias, Blog e Esportes ao vivo","url":"https:\/\/ejornais.com.br\/"},{"@type":"Person","@id":"https:\/\/ejornais.com.br\/index.php\/author\/admin1\/#author","url":"https:\/\/ejornais.com.br\/index.php\/author\/admin1\/","name":"admin1","image":{"@type":"ImageObject","@id":"https:\/\/ejornais.com.br\/index.php\/2025\/05\/03\/erro-em-vale-tudo-intriga-telespectadores-na-cena-da-mala-de-rubinho\/#authorImage","url":"https:\/\/secure.gravatar.com\/avatar\/04084e6d73c042b8646e7c17b494073bf0ede3ea13c7105cfc45cbbbc28385a4?s=96&d=mm&r=g","width":96,"height":96,"caption":"admin1"}},{"@type":"WebPage","@id":"https:\/\/ejornais.com.br\/index.php\/2025\/05\/03\/erro-em-vale-tudo-intriga-telespectadores-na-cena-da-mala-de-rubinho\/#webpage","url":"https:\/\/ejornais.com.br\/index.php\/2025\/05\/03\/erro-em-vale-tudo-intriga-telespectadores-na-cena-da-mala-de-rubinho\/","name":"Erro em Vale Tudo Intriga Telespectadores na Cena da Mala de Rubinho - eJornais","description":"Por MRNews Erro de Continuidade em Vale Tudo Intriga Telespectadores na Cena da Mala de Rubinho A novela Vale Tudo, exibida no hor\u00e1rio nobre da TV Globo, entregou aos telespectadores uma cena de tirar o f\u00f4lego no cap\u00edtulo da \u00faltima sexta-feira (2). O momento em que Raquel (Ta\u00eds Araujo) e Ivan (Renato G\u00f3es) finalmente descobrem","inLanguage":"pt-BR","isPartOf":{"@id":"https:\/\/ejornais.com.br\/#website"},"breadcrumb":{"@id":"https:\/\/ejornais.com.br\/index.php\/2025\/05\/03\/erro-em-vale-tudo-intriga-telespectadores-na-cena-da-mala-de-rubinho\/#breadcrumblist"},"author":{"@id":"https:\/\/ejornais.com.br\/index.php\/author\/admin1\/#author"},"creator":{"@id":"https:\/\/ejornais.com.br\/index.php\/author\/admin1\/#author"},"datePublished":"2025-05-03T17:20:37-03:00","dateModified":"2025-05-03T17:20:37-03:00"},{"@type":"WebSite","@id":"https:\/\/ejornais.com.br\/#website","url":"https:\/\/ejornais.com.br\/","name":"eJornais","description":"Cat\u00e1logo de Jornais no mundo, Not\u00edcias, Blog e Esportes ao vivo","inLanguage":"pt-BR","publisher":{"@id":"https:\/\/ejornais.com.br\/#organization"}}]},"og:locale":"pt_BR","og:site_name":"eJornais - Cat\u00e1logo de Jornais no mundo, Not\u00edcias, Blog e Esportes ao vivo","og:type":"article","og:title":"Erro em Vale Tudo Intriga Telespectadores na Cena da Mala de Rubinho - eJornais","og:description":"Por MRNews Erro de Continuidade em Vale Tudo Intriga Telespectadores na Cena da Mala de Rubinho A novela Vale Tudo, exibida no hor\u00e1rio nobre da TV Globo, entregou aos telespectadores uma cena de tirar o f\u00f4lego no cap\u00edtulo da \u00faltima sexta-feira (2). O momento em que Raquel (Ta\u00eds Araujo) e Ivan (Renato G\u00f3es) finalmente descobrem","og:url":"https:\/\/ejornais.com.br\/index.php\/2025\/05\/03\/erro-em-vale-tudo-intriga-telespectadores-na-cena-da-mala-de-rubinho\/","article:published_time":"2025-05-03T20:20:37+00:00","article:modified_time":"2025-05-03T20:20:37+00:00","twitter:card":"summary_large_image","twitter:title":"Erro em Vale Tudo Intriga Telespectadores na Cena da Mala de Rubinho - eJornais","twitter:description":"Por MRNews Erro de Continuidade em Vale Tudo Intriga Telespectadores na Cena da Mala de Rubinho A novela Vale Tudo, exibida no hor\u00e1rio nobre da TV Globo, entregou aos telespectadores uma cena de tirar o f\u00f4lego no cap\u00edtulo da \u00faltima sexta-feira (2). O momento em que Raquel (Ta\u00eds Araujo) e Ivan (Renato G\u00f3es) finalmente descobrem"},"aioseo_meta_data":{"post_id":"44106","title":null,"description":null,"keywords":null,"keyphrases":null,"primary_term":null,"canonical_url":null,"og_title":null,"og_description":null,"og_object_type":"default","og_image_type":"default","og_image_url":null,"og_image_width":null,"og_image_height":null,"og_image_custom_url":null,"og_image_custom_fields":null,"og_video":null,"og_custom_url":null,"og_article_section":null,"og_article_tags":null,"twitter_use_og":false,"twitter_card":"default","twitter_image_type":"default","twitter_image_url":null,"twitter_image_custom_url":null,"twitter_image_custom_fields":null,"twitter_title":null,"twitter_description":null,"schema":{"blockGraphs":[],"customGraphs":[],"default":{"data":{"Article":[],"Course":[],"Dataset":[],"FAQPage":[],"Movie":[],"Person":[],"Product":[],"ProductReview":[],"Car":[],"Recipe":[],"Service":[],"SoftwareApplication":[],"WebPage":[]},"graphName":"","isEnabled":true},"graphs":[]},"schema_type":"default","schema_type_options":null,"pillar_content":false,"robots_default":true,"robots_noindex":false,"robots_noarchive":false,"robots_nosnippet":false,"robots_nofollow":false,"robots_noimageindex":false,"robots_noodp":false,"robots_notranslate":false,"robots_max_snippet":null,"robots_max_videopreview":null,"robots_max_imagepreview":"large","priority":null,"frequency":null,"local_seo":null,"breadcrumb_settings":null,"limit_modified_date":false,"ai":null,"created":"2025-05-03 20:34:01","updated":"2025-06-06 18:22:02","seo_analyzer_scan_date":null,"focus_keyword":null,"additional_keywords":null,"truseo_locale":null},"aioseo_breadcrumb":"<div class=\"aioseo-breadcrumbs\"><span class=\"aioseo-breadcrumb\">\n\t\t\t<a href=\"https:\/\/ejornais.com.br\" title=\"In\u00edcio\">In\u00edcio<\/a>\n\t\t<\/span><span class=\"aioseo-breadcrumb-separator\">&raquo;<\/span><span class=\"aioseo-breadcrumb\">\n\t\t\t<a href=\"https:\/\/ejornais.com.br\/index.php\/category\/ejornais\/\" title=\"Cat\u00e1logo de Jornais\">Cat\u00e1logo de Jornais<\/a>\n\t\t<\/span><span class=\"aioseo-breadcrumb-separator\">&raquo;<\/span><span class=\"aioseo-breadcrumb\">\n\t\t\tErro em Vale Tudo Intriga Telespectadores na Cena da Mala de Rubinho\n\t\t<\/span><\/div>","aioseo_breadcrumb_json":[{"label":"In\u00edcio","link":"https:\/\/ejornais.com.br"},{"label":"Cat\u00e1logo de Jornais","link":"https:\/\/ejornais.com.br\/index.php\/category\/ejornais\/"},{"label":"Erro em Vale Tudo Intriga Telespectadores na Cena da Mala de Rubinho","link":"https:\/\/ejornais.com.br\/index.php\/2025\/05\/03\/erro-em-vale-tudo-intriga-telespectadores-na-cena-da-mala-de-rubinho\/"}],"amp_enabled":true,"_links":{"self":[{"href":"https:\/\/ejornais.com.br\/index.php\/wp-json\/wp\/v2\/posts\/44106","targetHints":{"allow":["GET"]}}],"collection":[{"href":"https:\/\/ejornais.com.br\/index.php\/wp-json\/wp\/v2\/posts"}],"about":[{"href":"https:\/\/ejornais.com.br\/index.php\/wp-json\/wp\/v2\/types\/post"}],"author":[{"embeddable":true,"href":"https:\/\/ejornais.com.br\/index.php\/wp-json\/wp\/v2\/users\/2"}],"replies":[{"embeddable":true,"href":"https:\/\/ejornais.com.br\/index.php\/wp-json\/wp\/v2\/comments?post=44106"}],"version-history":[{"count":0,"href":"https:\/\/ejornais.com.br\/index.php\/wp-json\/wp\/v2\/posts\/44106\/revisions"}],"wp:attachment":[{"href":"https:\/\/ejornais.com.br\/index.php\/wp-json\/wp\/v2\/media?parent=44106"}],"wp:term":[{"taxonomy":"category","embeddable":true,"href":"https:\/\/ejornais.com.br\/index.php\/wp-json\/wp\/v2\/categories?post=44106"},{"taxonomy":"post_tag","embeddable":true,"href":"https:\/\/ejornais.com.br\/index.php\/wp-json\/wp\/v2\/tags?post=44106"}],"curies":[{"name":"wp","href":"https:\/\/api.w.org\/{rel}","templated":true}]}}