{"id":44700,"date":"2025-05-13T17:50:58","date_gmt":"2025-05-13T20:50:58","guid":{"rendered":"https:\/\/ejornais.com.br\/index.php\/2025\/05\/13\/desenvolvimento-economico-da-prefeitura-leva-resultados-do-primeiro-quadrimestre-para-camara-de-vereadores-cgnoticias\/"},"modified":"2025-05-13T17:50:58","modified_gmt":"2025-05-13T20:50:58","slug":"desenvolvimento-economico-da-prefeitura-leva-resultados-do-primeiro-quadrimestre-para-camara-de-vereadores-cgnoticias","status":"publish","type":"post","link":"https:\/\/ejornais.com.br\/index.php\/2025\/05\/13\/desenvolvimento-economico-da-prefeitura-leva-resultados-do-primeiro-quadrimestre-para-camara-de-vereadores-cgnoticias\/","title":{"rendered":"Desenvolvimento Econ\u00f4mico da Prefeitura leva resultados do primeiro quadrimestre para C\u00e2mara de Vereadores \u2013 CGNot\u00edcias"},"content":{"rendered":"<p><\/p>\n<div>\n<p>A Prefeitura de Campo Grande, por meio da Secretaria Municipal de Meio Ambiente, Gest\u00e3o Urbana e Desenvolvimento Econ\u00f4mico, Tur\u00edstico e Sustent\u00e1vel (Semades), se reuniu na manh\u00e3 desta ter\u00e7a-feira (13), com a Comiss\u00e3o Permanente de Ind\u00fastria, Com\u00e9rcio e Turismo da C\u00e2mara de Vereadores. O \u00f3rg\u00e3o legislativo \u00e9 respons\u00e1vel por analisar e debater as propostas relacionadas \u00e0 ind\u00fastria, com\u00e9rcio e servi\u00e7os, bem como pol\u00edticas econ\u00f4micas e leis empresariais.<\/p>\n<p>\u00a0A Semades levou o resultado das iniciativas de desenvolvimento econ\u00f4mico realizadas neste primeiro quadrimestre e apresentou um resumo de iniciativas que devem ser implementadas ainda este ano. \u201cQuero agradecer o convite de estar aqui hoje na C\u00e2mara. A gente trouxe toda a equipe Semades para apresentar os trabalhos que a gente j\u00e1 desenvolveu nesses 120 dias. \u00c9 muito importante para n\u00f3s, como Secretaria, como gest\u00e3o municipal, estar pr\u00f3ximo \u00e0 C\u00e2mara de Vereadores, que \u00e9 quem representa o povo de Campo Grande. \u00c9 a nossa obriga\u00e7\u00e3o, mas mais do que isso, aumentar a parceria da administra\u00e7\u00e3o p\u00fablica com a sociedade\u201d, disse o secret\u00e1rio da Semades, Ademar Silva Junior.<\/p>\n<figure class=\"wp-block-image size-large\"><\/figure>\n<p>Neste primeiro quadrimestre a Semades promoveu diversas a\u00e7\u00f5es que v\u00e3o desde a desburocratiza\u00e7\u00e3o de processos a participa\u00e7\u00e3o em eventos nacionais, levando o nome de Campo Grande, para investidores, a pesquisas que dar\u00e3o base para pol\u00edticas p\u00fablicas efetivas.<\/p>\n<p>Dentre as a\u00e7\u00f5es de desburocratiza\u00e7\u00e3o, destaque para a regulamenta\u00e7\u00e3o da Lei de Liberdade Econ\u00f4mica, que facilita os\u00a0processos\u00a0de abertura de 654 tipos de atividades empresariais. A integra\u00e7\u00e3o da REDESIM tamb\u00e9m automatizou a abertura de diversas empresas (aproximadamente 480 CNAEs) facilitando os processos para quem quer investir em Campo Grande.<\/p>\n<p>Foram emitidas 3.008 Cartas de Habite-se, totalizando 257.214,11 m2 de \u00e1rea constru\u00edda regularizada perante o Munic\u00edpio. Tamb\u00e9m foram autorizados 1.645 alvar\u00e1s de constru\u00e7\u00e3o, totalizando 118.295,93m2 de \u00e1reas a serem constru\u00eddas \u2013 gerando emprego e renda na Capital. \u201cIsso mostra o quanto a cidade est\u00e1 crescendo e se desenvolvendo. S\u00e3o quase 1,7 mil obras espalhadas pela cidade\u201d, frisa Ademar Silva Junior.<\/p>\n<p>Outros 2.668 novos lotes foram aprovados em loteamentos e parcelamentos, levando a urbaniza\u00e7\u00e3o em mais de 1.898.000 m\u00b2. Tamb\u00e9m foram entregues mais de 160 licen\u00e7as ambientais e assinados 8 termos de compromisso, que preveem injetar mais de mais de R$ 32 milh\u00f5es em Campo Grande, gerando novas vagas de empregos.<\/p>\n<p>O pequeno produtor tamb\u00e9m foi contemplado. Nas tr\u00eas a\u00e7\u00f5es sociais que aconteceram neste quadrimestre mais de 1.217 atendimentos foram realizados, levando 35 tipos de servi\u00e7os diferentes para quem vive no campo. Cerca de 600 pessoas foram beneficiadas com mudas frut\u00edferas e mais de 25 mil m\u00b2\u00a0de\u00a0\u00e1reas gradeadas, al\u00e9m da entrega de 12 toneladas de adubos org\u00e2nicos.<\/p>\n<p>Para o presidente da Comiss\u00e3o Permanente de Ind\u00fastria, Com\u00e9rcio e Turismo, Ronil\u00e7o Guerreiro, a reuni\u00e3o foi proveitosa. \u201c\u00c9 importante a sua fala para conhecer a estrutura da Secretaria, n\u00f3s estamos \u00e0 disposi\u00e7\u00e3o, a Comiss\u00e3o de Ind\u00fastria e Com\u00e9rcio est\u00e1 aberta para conversar em rela\u00e7\u00e3o a esses investimentos e dizer que n\u00f3s precisamos de um planejamento a curto, m\u00e9dio, e longo prazo e dizer quais s\u00e3o os desafios e quais s\u00e3o as possibilidades para Campo Grande\u201d, disse.<\/p>\n<figure class=\"wp-block-image size-large\"><\/figure>\n<p>Estiveram presentes na reuni\u00e3o da Comiss\u00e3o Permanente de Ind\u00fastria, Com\u00e9rcio e Turismo os vereadores F\u00e1bio Rocha, Landmark, Wilson Lands, Dr. Vitor Rocha, Dr. Jamal, Veterin\u00e1rio Francisco e Junior Coringa.<\/p>\n<\/div>\n<p><script async defer async defer src=\"https:\/\/connect.facebook.net\/en_US\/sdk.js?ver=1#xfbml=1&amp;version=v3.2\" id=\"prefeitura-campogrande-script-facebook-sdk-js\"><\/script><\/p>\n","protected":false},"excerpt":{"rendered":"<p>A Prefeitura de Campo Grande, por meio da Secretaria Municipal de Meio Ambiente, Gest\u00e3o Urbana e Desenvolvimento Econ\u00f4mico, Tur\u00edstico e<\/p>\n","protected":false},"author":2,"featured_media":0,"comment_status":"","ping_status":"","sticky":false,"template":"","format":"standard","meta":{"colormag_page_container_layout":"default_layout","colormag_page_sidebar_layout":"default_layout","footnotes":""},"categories":[1],"tags":[],"class_list":["post-44700","post","type-post","status-publish","format-standard","hentry","category-ejornais"],"aioseo_notices":[],"amp_enabled":true,"_links":{"self":[{"href":"https:\/\/ejornais.com.br\/index.php\/wp-json\/wp\/v2\/posts\/44700","targetHints":{"allow":["GET"]}}],"collection":[{"href":"https:\/\/ejornais.com.br\/index.php\/wp-json\/wp\/v2\/posts"}],"about":[{"href":"https:\/\/ejornais.com.br\/index.php\/wp-json\/wp\/v2\/types\/post"}],"author":[{"embeddable":true,"href":"https:\/\/ejornais.com.br\/index.php\/wp-json\/wp\/v2\/users\/2"}],"replies":[{"embeddable":true,"href":"https:\/\/ejornais.com.br\/index.php\/wp-json\/wp\/v2\/comments?post=44700"}],"version-history":[{"count":0,"href":"https:\/\/ejornais.com.br\/index.php\/wp-json\/wp\/v2\/posts\/44700\/revisions"}],"wp:attachment":[{"href":"https:\/\/ejornais.com.br\/index.php\/wp-json\/wp\/v2\/media?parent=44700"}],"wp:term":[{"taxonomy":"category","embeddable":true,"href":"https:\/\/ejornais.com.br\/index.php\/wp-json\/wp\/v2\/categories?post=44700"},{"taxonomy":"post_tag","embeddable":true,"href":"https:\/\/ejornais.com.br\/index.php\/wp-json\/wp\/v2\/tags?post=44700"}],"curies":[{"name":"wp","href":"https:\/\/api.w.org\/{rel}","templated":true}]}}