{"id":44740,"date":"2025-05-14T08:32:56","date_gmt":"2025-05-14T11:32:56","guid":{"rendered":"https:\/\/ejornais.com.br\/index.php\/2025\/05\/14\/na-18a-edicao-festival-america-do-sul-integra-em-ms-culturas-patrimonio-e-sustentabilidade\/"},"modified":"2025-05-14T08:32:56","modified_gmt":"2025-05-14T11:32:56","slug":"na-18a-edicao-festival-america-do-sul-integra-em-ms-culturas-patrimonio-e-sustentabilidade","status":"publish","type":"post","link":"https:\/\/ejornais.com.br\/index.php\/2025\/05\/14\/na-18a-edicao-festival-america-do-sul-integra-em-ms-culturas-patrimonio-e-sustentabilidade\/","title":{"rendered":"Na 18\u00aa edi\u00e7\u00e3o, Festival Am\u00e9rica do Sul integra em MS culturas, patrim\u00f4nio e sustentabilidade"},"content":{"rendered":"<p><\/p>\n<div>\n<p>Na hist\u00f3rica e bela Corumb\u00e1, arte e natureza se incorporam mais uma vez. De quinta-feira (15) a domingo (18), o 18\u00ba Festival Am\u00e9rica do Sul reunir\u00e1 96 atra\u00e7\u00f5es culturais gratuitas que valorizam a integra\u00e7\u00e3o Brasil \u2013 Am\u00e9rica-Latina e o patrim\u00f4nio sul-mato-grossense.<\/p>\n<figure id=\"attachment_54367\" aria-describedby=\"caption-attachment-54367\" style=\"width: 1024px\" class=\"wp-caption aligncenter\"><figcaption id=\"caption-attachment-54367\" class=\"wp-caption-text\">Vista do Porto Geral \/ Acervo Fundtur<\/figcaption><\/figure>\n<p>Realizado pelo Governo do Estado por meio da Secretaria de Turismo, Esporte e Cultura, Funda\u00e7\u00e3o de Cultura e apoio da Prefeitura Municipal, o Festival Am\u00e9rica do Sul vai muito al\u00e9m dos grandes palcos. Tendas, escolas, pra\u00e7as, associa\u00e7\u00f5es e tablados ressaltam a pluralidade de produ\u00e7\u00f5es e representatividades: o FAS abra\u00e7a a arte negra e ind\u00edgena, a inf\u00e2ncia e percorre bairros perif\u00e9ricos de uma cidade de m\u00faltiplas identidades.<\/p>\n<p>Rica em diversidade e hist\u00f3ria, Corumb\u00e1 ser\u00e1 celebrada com proje\u00e7\u00f5es no Casario do Porto Geral, conjunto arquitet\u00f4nico tombado como patrim\u00f4nio hist\u00f3rico e cultural do Brasil.<\/p>\n<\/p>\n<p>Grandes atra\u00e7\u00f5es da m\u00fasica, das artes visuais, dos saberes tradicionais, do teatro e dan\u00e7a se apresentam neste cen\u00e1rio, que remete ao in\u00edcio da trajet\u00f3ria de desenvolvimento do Sul de Mato Grosso e \u00e0s belezas do Rio Paraguai e do Pantanal.<\/p>\n<p>Promovendo mais uma vez o recolhimento de res\u00edduos recicl\u00e1veis, o Festival tamb\u00e9m valoriza a sustentabilidade em Corumb\u00e1, cora\u00e7\u00e3o da Am\u00e9rica do Sul e destino de milhares de turistas. Celebra\u00e7\u00e3o da integra\u00e7\u00e3o cultural e do valor da economia criativa.<\/p>\n<figure id=\"attachment_27710\" aria-describedby=\"caption-attachment-27710\" style=\"width: 1024px\" class=\"wp-caption aligncenter\"><figcaption id=\"caption-attachment-27710\" class=\"wp-caption-text\">Acervo FCMS<\/figcaption><\/figure>\n<p><strong>O que vem por a\u00ed<\/strong><\/p>\n<p>Grandes atra\u00e7\u00f5es da m\u00fasica brasileira estar\u00e3o no palco do Porto Geral de Corumb\u00e1. Duduca &amp; Dalvan, \u00edcones da m\u00fasica sertaneja \u201craiz\u201d, se apresentam dia 15 de maio (quinta); Xam\u00e3, destaque da atual safra do rap nacional, faz o som no dia 16 (sexta); Alcione, uma das mais exponenciais vozes do samba \u00e9 a atra\u00e7\u00e3o do dia 17 (s\u00e1bado); encerrando a programa\u00e7\u00e3o, no dia 18 (domingo) o grupo Pixote e Isabel Fillardis unem carisma e cl\u00e1ssicos do pagode e MPB.<\/p>\n<figure id=\"attachment_54368\" aria-describedby=\"caption-attachment-54368\" style=\"width: 1024px\" class=\"wp-caption aligncenter\"><figcaption id=\"caption-attachment-54368\" class=\"wp-caption-text\">Alcione \/ Foto: B\u00e1rbara Reis<\/figcaption><\/figure>\n<p>Tem tamb\u00e9m muita cultura latino-americana: os m\u00fasicos Pedro de La Colina (Chile) e Mayra Sanchez (Col\u00f4mbia) s\u00e3o atra\u00e7\u00f5es de sexta (16) no Palco do Porto; Buena Vista Social Club Tribute (Cuba) e Fiesta Cuetillo (Bol\u00edvia) se apresentam no s\u00e1bado (17).<\/p>\n<figure id=\"attachment_54369\" aria-describedby=\"caption-attachment-54369\" style=\"width: 1024px\" class=\"wp-caption aligncenter\"><figcaption id=\"caption-attachment-54369\" class=\"wp-caption-text\">Buena Vista Social Club Orchestra \/ Foto: Cory Ingram<\/figcaption><\/figure>\n<p>A arte produzida em Mato Grosso do Sul promove a diversidade. J\u00e1 na abertura se apresentam Matu Miranda e Beb\u00ea Kramer, Cia. do Mato, com o espet\u00e1culo de dan\u00e7a &#8220;Chafica&#8221;, Escolas de Samba de Corumb\u00e1 e a banda Exilados; Na sexta (16) \u00e9 a vez do Teatro Imagin\u00e1rio Maracangalha com &#8220;As Miragens do Asfalto&#8221;, do Grupo de Dan\u00e7a Estrela do Pantanal, do som de SoulRa e Karla Coronel e da m\u00fasica cl\u00e1ssica de Catedral Erudita; No s\u00e1bado (17) \u00e9 a vez da Cia. Tarsila de Artes C\u00eanicas com &#8220;Balan\u00e7a, mas n\u00e3o cai!&#8221;e o m\u00fasico J\u00falio Ruschel; J\u00e1 no domingo (18) tem batalha de rap no Porto, Grupo Urbe, Orquestra Ocamp e Guga Borba.<\/p>\n<figure id=\"attachment_53604\" aria-describedby=\"caption-attachment-53604\" style=\"width: 1024px\" class=\"wp-caption aligncenter\"><figcaption id=\"caption-attachment-53604\" class=\"wp-caption-text\">Guga Borba \/ Foto: Marith\u00ea do C\u00e9u<\/figcaption><\/figure>\n<p><strong>Programa\u00e7\u00e3o<\/strong><\/p>\n<p><span style=\"color: #0000ff;\">Al\u00e9m da m\u00fasica, teatro e artes visuais, o evento contar\u00e1 com programa\u00e7\u00e3o especial: oficinas, saraus, conta\u00e7\u00e3o de hist\u00f3rias e rodas de conversa que mergulham em nossa diversidade cultural. Tudo gratuito.<\/span><\/p>\n<p>Os eventos ocorrem em diferentes locais: IFMS, Tenda dos Saberes, Moinho Cultural Sul-Americano, Escola Municipal \u00c2ngela Maria Perez, Biblioteca Helo\u00edsa Urt, Casa da Mem\u00f3ria Sebasti\u00e3o Brand\u00e3o, Iphan e Porto Geral.<\/p>\n<p><span style=\"color: #0000ff;\"><em><strong>Confira a programa\u00e7\u00e3o completa aqui<\/strong><\/em><\/span><\/p>\n<p><em>Marcio Breda, Comunica\u00e7\u00e3o Setesc<br \/><\/em><em>Foto destaque: Marith\u00ea do C\u00e9u<\/em><\/p>\n<\/div>\n","protected":false},"excerpt":{"rendered":"<p>Na hist\u00f3rica e bela Corumb\u00e1, arte e natureza se incorporam mais uma vez. De quinta-feira (15) a domingo (18), o<\/p>\n","protected":false},"author":2,"featured_media":0,"comment_status":"","ping_status":"","sticky":false,"template":"","format":"standard","meta":{"colormag_page_container_layout":"default_layout","colormag_page_sidebar_layout":"default_layout","footnotes":""},"categories":[1],"tags":[],"class_list":["post-44740","post","type-post","status-publish","format-standard","hentry","category-ejornais"],"aioseo_notices":[],"amp_enabled":true,"_links":{"self":[{"href":"https:\/\/ejornais.com.br\/index.php\/wp-json\/wp\/v2\/posts\/44740","targetHints":{"allow":["GET"]}}],"collection":[{"href":"https:\/\/ejornais.com.br\/index.php\/wp-json\/wp\/v2\/posts"}],"about":[{"href":"https:\/\/ejornais.com.br\/index.php\/wp-json\/wp\/v2\/types\/post"}],"author":[{"embeddable":true,"href":"https:\/\/ejornais.com.br\/index.php\/wp-json\/wp\/v2\/users\/2"}],"replies":[{"embeddable":true,"href":"https:\/\/ejornais.com.br\/index.php\/wp-json\/wp\/v2\/comments?post=44740"}],"version-history":[{"count":0,"href":"https:\/\/ejornais.com.br\/index.php\/wp-json\/wp\/v2\/posts\/44740\/revisions"}],"wp:attachment":[{"href":"https:\/\/ejornais.com.br\/index.php\/wp-json\/wp\/v2\/media?parent=44740"}],"wp:term":[{"taxonomy":"category","embeddable":true,"href":"https:\/\/ejornais.com.br\/index.php\/wp-json\/wp\/v2\/categories?post=44740"},{"taxonomy":"post_tag","embeddable":true,"href":"https:\/\/ejornais.com.br\/index.php\/wp-json\/wp\/v2\/tags?post=44740"}],"curies":[{"name":"wp","href":"https:\/\/api.w.org\/{rel}","templated":true}]}}