{"id":44755,"date":"2025-05-14T13:26:40","date_gmt":"2025-05-14T16:26:40","guid":{"rendered":"https:\/\/ejornais.com.br\/index.php\/2025\/05\/14\/em-acao-do-maio-amarelo-detran-ms-semeia-consciencia-com-arte-nas-escolas-de-anaurilandia\/"},"modified":"2025-05-14T13:26:40","modified_gmt":"2025-05-14T16:26:40","slug":"em-acao-do-maio-amarelo-detran-ms-semeia-consciencia-com-arte-nas-escolas-de-anaurilandia","status":"publish","type":"post","link":"https:\/\/ejornais.com.br\/index.php\/2025\/05\/14\/em-acao-do-maio-amarelo-detran-ms-semeia-consciencia-com-arte-nas-escolas-de-anaurilandia\/","title":{"rendered":"Em a\u00e7\u00e3o do Maio Amarelo, Detran-MS semeia consci\u00eancia com arte nas escolas de Anauril\u00e2ndia\u00a0"},"content":{"rendered":"<p><\/p>\n<div>\n<p><span style=\"font-weight: 400;\">Na costa leste de Mato Grosso do Sul, a cidade de Anauril\u00e2ndia viveu dias especiais de aprendizado, emo\u00e7\u00e3o e muita consci\u00eancia no tr\u00e2nsito. Como parte da campanha nacional Maio Amarelo, o munic\u00edpio recebeu diversas a\u00e7\u00f5es do Detran-MS (Departamento Estadual de Tr\u00e2nsito de Mato Grosso do Sul) que provam que educa\u00e7\u00e3o e arte, quando unidas, t\u00eam um poder transformador.<\/span><\/p>\n<p><span style=\"font-weight: 400;\">Com o tema &#8220;Desacelere. Seu bem maior \u00e9 a vida&#8221;, o poeta, repentista e servidor do Detran-MS, Ruberval Cunha, carinhosamente conhecido como Rubinho, levou a tr\u00eas escolas da cidade uma experi\u00eancia \u00fanica, que alcan\u00e7ou mais de 500 pessoas entre crian\u00e7as, adolescentes e adultos.<\/span><\/p>\n<\/p>\n<p><span style=\"font-weight: 400;\">As apresenta\u00e7\u00f5es foram cuidadosamente adaptadas para cada faixa et\u00e1ria. Para os pequenos de 3 a 5 anos, Rubinho encantou com conta\u00e7\u00e3o de hist\u00f3rias e brincadeiras educativas. J\u00e1 os alunos de 6 a 14 anos participaram de din\u00e2micas envolventes. E com os adultos, o tom foi mais reflexivo e impactante, com hist\u00f3rias reais capazes de despertar empatia e responsabilidade.<\/span><\/p>\n<p><span style=\"font-weight: 400;\">\u201cCada apresenta\u00e7\u00e3o \u00e9 pensada com carinho. A ideia \u00e9 que todos entendam que tr\u00e2nsito seguro se constroi com consci\u00eancia, responsabilidade e amor \u00e0 vida\u201d, destacou Rubinho.<\/span><\/p>\n<p><span style=\"font-weight: 400;\">O retorno foi imediato. A professora Gabriela Zandonadi, da Escola Municipal Paulo Ney, definiu como \u201cum evento maravilhoso\u201d, exaltando o vocabul\u00e1rio acess\u00edvel e o carisma do artista. Rosi Melo, da educa\u00e7\u00e3o infantil Risque e Rabisque, contou que as crian\u00e7as ficaram encantadas: \u201cUm trabalho l\u00fadico, muito proveitoso.\u201d<\/span><\/p>\n<p><span style=\"font-weight: 400;\">Eliane Muchon, que atua em duas escolas da cidade, refor\u00e7ou: \u201cEle sabe como conversar, como expressar. Falou do Maio Amarelo de forma que toda cidade deveria ouvir\u201d.\u00a0<\/span><span style=\"font-weight: 400;\">Edna, da Escola Estadual Ezequiel Balbino, no Distrito Quebracho, admitiu ter imaginado algo simples, mas se emocionou com a profundidade da palestra: \u201cImpactante. Meus alunos prestaram aten\u00e7\u00e3o e v\u00e3o refletir.\u201d<\/span><\/p>\n<p><span style=\"font-weight: 400;\">Priscilla, tamb\u00e9m da Escola Municipal Paulo Ney, concluiu: \u201cEle falou com linguagem simples, e as crian\u00e7as entenderam a mensagem\u201d. <\/span><span style=\"font-weight: 400;\">A semente foi plantada e, como disse uma das professoras, as crian\u00e7as multiplicam o que aprendem, dentro e fora de casa.<\/span><\/p>\n<\/p>\n<p><span style=\"font-weight: 400;\">A visita do artista \u00e0 cidade foi uma solicita\u00e7\u00e3o do diretor da Agetran de Anauril\u00e2ndia, Jo\u00e3o Chamorro, e teve o apoio do Diretor-presidente do Detran-MS, Rudel Trindade, do Diretor-executivo, Jo\u00e3o C\u00e9sar Mattogrosso, da diretora de Educa\u00e7\u00e3o para o Tr\u00e2nsito, Andrea Moringo, al\u00e9m da gerente do Detran de Corguinho, Josiele Silva. O evento tamb\u00e9m teve apoio do Prefeito, Rafael Gusm\u00e3o, da secret\u00e1ria de Educa\u00e7\u00e3o e Cultura, Joselaine Garcia, do representante da Pol\u00edcia Militar de Anauril\u00e2ndia, Tenente Rafael.\u00a0<\/span><\/p>\n<p><span style=\"font-weight: 400;\">Uma das a\u00e7\u00f5es contou com a presen\u00e7a do prefeito, Rafael Gusm\u00e3o e da secret\u00e1ria de Educa\u00e7\u00e3o e Cultura, Joselaine Garcia, que parabenizaram a parceria entre as institui\u00e7\u00f5es.\u00a0<\/span><\/p>\n<p><em>Mireli Obando, Comunica\u00e7\u00e3o Detran-MS<br \/><\/em><em>Fotos: Divulga\u00e7\u00e3o\/Detran<\/em><\/p>\n<\/div>\n","protected":false},"excerpt":{"rendered":"<p>Na costa leste de Mato Grosso do Sul, a cidade de Anauril\u00e2ndia viveu dias especiais de aprendizado, emo\u00e7\u00e3o e muita<\/p>\n","protected":false},"author":2,"featured_media":0,"comment_status":"","ping_status":"","sticky":false,"template":"","format":"standard","meta":{"colormag_page_container_layout":"default_layout","colormag_page_sidebar_layout":"default_layout","footnotes":""},"categories":[1],"tags":[],"class_list":["post-44755","post","type-post","status-publish","format-standard","hentry","category-ejornais"],"aioseo_notices":[],"amp_enabled":true,"_links":{"self":[{"href":"https:\/\/ejornais.com.br\/index.php\/wp-json\/wp\/v2\/posts\/44755","targetHints":{"allow":["GET"]}}],"collection":[{"href":"https:\/\/ejornais.com.br\/index.php\/wp-json\/wp\/v2\/posts"}],"about":[{"href":"https:\/\/ejornais.com.br\/index.php\/wp-json\/wp\/v2\/types\/post"}],"author":[{"embeddable":true,"href":"https:\/\/ejornais.com.br\/index.php\/wp-json\/wp\/v2\/users\/2"}],"replies":[{"embeddable":true,"href":"https:\/\/ejornais.com.br\/index.php\/wp-json\/wp\/v2\/comments?post=44755"}],"version-history":[{"count":0,"href":"https:\/\/ejornais.com.br\/index.php\/wp-json\/wp\/v2\/posts\/44755\/revisions"}],"wp:attachment":[{"href":"https:\/\/ejornais.com.br\/index.php\/wp-json\/wp\/v2\/media?parent=44755"}],"wp:term":[{"taxonomy":"category","embeddable":true,"href":"https:\/\/ejornais.com.br\/index.php\/wp-json\/wp\/v2\/categories?post=44755"},{"taxonomy":"post_tag","embeddable":true,"href":"https:\/\/ejornais.com.br\/index.php\/wp-json\/wp\/v2\/tags?post=44755"}],"curies":[{"name":"wp","href":"https:\/\/api.w.org\/{rel}","templated":true}]}}