{"id":44759,"date":"2025-05-14T14:18:45","date_gmt":"2025-05-14T17:18:45","guid":{"rendered":"https:\/\/ejornais.com.br\/index.php\/2025\/05\/14\/maio-laranja-todos-juntos-na-protecao-de-nossas-criancas-prefeitura-estancia-turistica-guaratingueta\/"},"modified":"2025-05-14T14:18:45","modified_gmt":"2025-05-14T17:18:45","slug":"maio-laranja-todos-juntos-na-protecao-de-nossas-criancas-prefeitura-estancia-turistica-guaratingueta","status":"publish","type":"post","link":"https:\/\/ejornais.com.br\/index.php\/2025\/05\/14\/maio-laranja-todos-juntos-na-protecao-de-nossas-criancas-prefeitura-estancia-turistica-guaratingueta\/","title":{"rendered":"Maio Laranja \u2013 Todos juntos na prote\u00e7\u00e3o de nossas crian\u00e7as!\u00a0 \u2013 Prefeitura Est\u00e2ncia Tur\u00edstica Guaratinguet\u00e1"},"content":{"rendered":"<p><\/p>\n<div>\n<p>Maio \u00e9 o m\u00eas da conscientiza\u00e7\u00e3o e combate ao abuso e \u00e0 explora\u00e7\u00e3o sexual de crian\u00e7as e adolescentes. Essa \u00e9 uma causa urgente, e a luta \u00e9 de toda a sociedade!<\/p>\n<p>O CMDCA ( Conselho Municipal dos Direitos da Crian\u00e7a e do Adolescente) de Guaratinguet\u00e1 convida voc\u00ea para participar de uma manh\u00e3 especial com oficinas, apresenta\u00e7\u00f5es e atividades educativas, voltadas \u00e0 prote\u00e7\u00e3o da inf\u00e2ncia e ao fortalecimento da rede de apoio.<\/p>\n<p>Porque proteger \u00e9 um ato de amor e responsabilidade!<\/p>\n<p>\ud83d\uddd3 Data: 16 de maio de 2025 (sexta-feira)<br \/>\u23f0 Hor\u00e1rio: Das 9h \u00e0s 11h<br \/>\ud83d\udccd Local: Parque Ecol\u00f3gico Anthero dos Santos<\/p>\n<p>\ud83e\udde1 Apoia essa causa. Participe. Fa\u00e7a bonito!<br \/>Juntos somos mais fortes contra qualquer forma de viol\u00eancia!<\/p>\n<\/p><\/div>\n","protected":false},"excerpt":{"rendered":"<p>Maio \u00e9 o m\u00eas da conscientiza\u00e7\u00e3o e combate ao abuso e \u00e0 explora\u00e7\u00e3o sexual de crian\u00e7as e adolescentes. Essa \u00e9<\/p>\n","protected":false},"author":2,"featured_media":0,"comment_status":"","ping_status":"","sticky":false,"template":"","format":"standard","meta":{"colormag_page_container_layout":"default_layout","colormag_page_sidebar_layout":"default_layout","footnotes":""},"categories":[1],"tags":[],"class_list":["post-44759","post","type-post","status-publish","format-standard","hentry","category-ejornais"],"aioseo_notices":[],"amp_enabled":true,"_links":{"self":[{"href":"https:\/\/ejornais.com.br\/index.php\/wp-json\/wp\/v2\/posts\/44759","targetHints":{"allow":["GET"]}}],"collection":[{"href":"https:\/\/ejornais.com.br\/index.php\/wp-json\/wp\/v2\/posts"}],"about":[{"href":"https:\/\/ejornais.com.br\/index.php\/wp-json\/wp\/v2\/types\/post"}],"author":[{"embeddable":true,"href":"https:\/\/ejornais.com.br\/index.php\/wp-json\/wp\/v2\/users\/2"}],"replies":[{"embeddable":true,"href":"https:\/\/ejornais.com.br\/index.php\/wp-json\/wp\/v2\/comments?post=44759"}],"version-history":[{"count":0,"href":"https:\/\/ejornais.com.br\/index.php\/wp-json\/wp\/v2\/posts\/44759\/revisions"}],"wp:attachment":[{"href":"https:\/\/ejornais.com.br\/index.php\/wp-json\/wp\/v2\/media?parent=44759"}],"wp:term":[{"taxonomy":"category","embeddable":true,"href":"https:\/\/ejornais.com.br\/index.php\/wp-json\/wp\/v2\/categories?post=44759"},{"taxonomy":"post_tag","embeddable":true,"href":"https:\/\/ejornais.com.br\/index.php\/wp-json\/wp\/v2\/tags?post=44759"}],"curies":[{"name":"wp","href":"https:\/\/api.w.org\/{rel}","templated":true}]}}