{"id":44865,"date":"2025-05-16T00:37:50","date_gmt":"2025-05-16T03:37:50","guid":{"rendered":"https:\/\/ejornais.com.br\/index.php\/2025\/05\/16\/instituto-candida-vargas-e-hospital-santa-isabel-destacam-papel-do-assistente-social-no-cuidado-aos-pacientes\/"},"modified":"2025-05-16T00:37:50","modified_gmt":"2025-05-16T03:37:50","slug":"instituto-candida-vargas-e-hospital-santa-isabel-destacam-papel-do-assistente-social-no-cuidado-aos-pacientes","status":"publish","type":"post","link":"https:\/\/ejornais.com.br\/index.php\/2025\/05\/16\/instituto-candida-vargas-e-hospital-santa-isabel-destacam-papel-do-assistente-social-no-cuidado-aos-pacientes\/","title":{"rendered":"Instituto C\u00e2ndida Vargas e Hospital Santa Isabel destacam papel do assistente social no cuidado aos pacientes"},"content":{"rendered":"<p><\/p>\n<div>\n<p>O Dia Nacional do Assistente Social, profissional que desempenha um papel fundamental na garantia de direitos, se dedicando ao bem-estar f\u00edsico, psicol\u00f3gico e social das pessoas, \u00e9 comemorado nesta quinta-feira, 15 de maio. Na \u00e1rea da sa\u00fade, esse profissional atua no cuidado integral e humanizado do paciente e seus familiares, respeitando o que preconiza o Sistema \u00danico de Sa\u00fade (SUS). Na rede hospitalar de Jo\u00e3o Pessoa, ele se faz presente nas unidades de sa\u00fade, a exemplo do Instituto C\u00e2ndida Vargas (ICV) e Hospital Municipal Santa Isabel (HMSI).<\/p>\n<figure class=\"wp-block-gallery has-nested-images columns-default is-cropped wp-block-gallery-1 is-layout-flex wp-block-gallery-is-layout-flex\">\n<figure class=\"wp-block-image size-full\"><\/figure>\n<figure class=\"wp-block-image size-full\"><\/figure>\n<\/figure>\n<p>Para se ter ideia da import\u00e2ncia da assist\u00eancia desse profissional, no primeiro trimestre desse ano, no Instituto C\u00e2ndida Vargas, o setor de Servi\u00e7o Social realizou cerca de 11 mil atendimentos por meio da iniciativa \u2018Cuidado que Acolhe\u2019, uma a\u00e7\u00e3o cont\u00ednua voltada para responder \u00e0s demandas espont\u00e2neas e tamb\u00e9m \u00e0s situa\u00e7\u00f5es identificadas pela equipe multiprofissional no cotidiano da unidade. Esses atendimentos envolvem gestantes, pu\u00e9rperas, rec\u00e9m-nascidos e suas redes familiares e sociais, com o objetivo de garantir o acesso integral aos servi\u00e7os de sa\u00fade.<\/p>\n<p>De acordo com Liane Guerra, coordenadora do servi\u00e7o social do ICV, o setor atua de forma resolutiva e integrada com as demais \u00e1reas. \u201cNosso trabalho busca assegurar que cada usu\u00e1ria tenha seus direitos garantidos, acionando os profissionais da equipe multiprofissional, cada um com suas compet\u00eancias e habilidades espec\u00edficas\u201d, destacou.<\/p>\n<figure class=\"wp-block-gallery has-nested-images columns-default is-cropped wp-block-gallery-2 is-layout-flex wp-block-gallery-is-layout-flex\">\n<figure class=\"wp-block-image size-large\"><\/figure>\n<figure class=\"wp-block-image size-large\"><\/figure>\n<\/figure>\n<p>A integra\u00e7\u00e3o do Servi\u00e7o Social com as demais equipes da maternidade, como enfermagem, psicologia e corpo m\u00e9dico, acontece por meio de fluxos de encaminhamento estruturados, que visam garantir o melhor cuidado poss\u00edvel \u00e0s usu\u00e1rias. \u201cRecebemos muitos depoimentos de usu\u00e1rias que s\u00f3 conseguiram acessar seus direitos por meio da nossa orienta\u00e7\u00e3o. Isso mostra o quanto nosso trabalho \u00e9 essencial na vida de tantas mulheres e fam\u00edlias\u201d, afirmou a assistente social Patricya Karla.<\/p>\n<p>A atua\u00e7\u00e3o do Servi\u00e7o Social no ICV segue os princ\u00edpios do SUS e as diretrizes da Constitui\u00e7\u00e3o Federal (Art. 196), da Lei Org\u00e2nica da Sa\u00fade n\u00ba 8.080\/90 e da Pol\u00edtica Nacional de Humaniza\u00e7\u00e3o, reafirmando o compromisso com um atendimento universal e de qualidade. Entre os principais desafios enfrentados pela equipe est\u00e3o as vulnerabilidades sociais e econ\u00f4micas das pacientes e de suas fam\u00edlias, o que exige uma atua\u00e7\u00e3o sens\u00edvel, t\u00e9cnica e articulada com a rede de assist\u00eancia externa.<\/p>\n<p><strong>HMSI \u2013 <\/strong>O Hospital Municipal Santa Isabel comemorou o Dia Nacional do Assistente Social com uma a\u00e7\u00e3o junto a pacientes, acompanhantes e visitantes sobre o papel do servi\u00e7o social no \u00e2mbito hospitalar. A programa\u00e7\u00e3o tamb\u00e9m chamou a aten\u00e7\u00e3o dos usu\u00e1rios para a conscientiza\u00e7\u00e3o da import\u00e2ncia da doa\u00e7\u00e3o de sangue.<\/p>\n<figure class=\"wp-block-gallery has-nested-images columns-default is-cropped wp-block-gallery-3 is-layout-flex wp-block-gallery-is-layout-flex\">\n<figure class=\"wp-block-image size-large\"><\/figure>\n<figure class=\"wp-block-image size-full\"><\/figure>\n<\/figure>\n<p>\u201cHoje, no Dia Nacional do Assistente Social, celebramos com uma a\u00e7\u00e3o junto aos usu\u00e1rios em processo de cirurgia eletiva sobre o papel do servi\u00e7o social nas institui\u00e7\u00f5es de sa\u00fade. Aproveitamos tamb\u00e9m essa oportunidade para conscientizar os pacientes e acompanhantes da import\u00e2ncia da doa\u00e7\u00e3o de sangue e como esse ato pode salvar vidas\u201d, disse a assistente social Maria do C\u00e9u de Melo Vieira, coordenadora do Servi\u00e7o Social do Santa Isabel, formado por uma equipe com 21 profissionais.<\/p>\n<p>No Santa Isabel, o Servi\u00e7o Social atende os usu\u00e1rios da Rede Municipal de Sa\u00fade prestando atendimentos e assegurando direitos desde o momento da sua interna\u00e7\u00e3o at\u00e9 a alta hospitalar. O servi\u00e7o funciona de forma humanizada, com cuidado, respeito e acolhimento como prioridades. No hospital, o objetivo \u00e9 atender os pacientes em suas fragilidades sociais, garantindo a eles o conhecimento dos servi\u00e7os oferecidos pelas institui\u00e7\u00f5es que atuam pelo SUS e fazendo os encaminhamentos quando necess\u00e1rio.<\/p>\n<figure class=\"wp-block-gallery has-nested-images columns-default is-cropped wp-block-gallery-4 is-layout-flex wp-block-gallery-is-layout-flex\">\n<figure class=\"wp-block-image size-full\"><\/figure>\n<\/figure>\n<p>Pacientes e familiares t\u00eam acesso ao setor do Servi\u00e7o Social no HMSI, que atua, como demanda espont\u00e2nea, acompanhando pacientes do Servi\u00e7o de Cirurgia Bari\u00e1trica e de vasectomia, realizando entrevista social para conhecer a individualidade dos pacientes. \u201cAtendemos todos os pacientes internos e seus familiares diariamente, tanto os pacientes que v\u00e3o fazer cirurgia, como tamb\u00e9m os internos nas enfermarias e unidades de terapia intensiva que v\u00eam de outros servi\u00e7os de sa\u00fade via regula\u00e7\u00e3o\u201d, refor\u00e7ou Maria do C\u00e9u de Melo Vieira.<\/p>\n<p>A a\u00e7\u00e3o, onde tamb\u00e9m foram oferecidos aos profissionais servi\u00e7os como ventosaterapia e auriculoterapia, prossegue nesta sexta-feira (16). A programa\u00e7\u00e3o ter\u00e1 apoio de parceiros e contar\u00e1 com a palestra \u2018A interven\u00e7\u00e3o social nos cuidados paliativos\u2019, proferida pela assistente social Cl\u00edssia Soares.<\/p>\n<p><strong>Data <\/strong>\u2013 O Dia Nacional do Assistente Social \u00e9 celebrado em 15 de maio, data que, no ano de 1962, foi regulamentada e oficializada a profiss\u00e3o no Brasil. Este profissional \u00e9 respons\u00e1vel por promover o bem-estar f\u00edsico, psicol\u00f3gico e social das pessoas, se dedicando a lutar pelos direitos, melhores condi\u00e7\u00f5es de vida, sa\u00fade e trabalho, principalmente de grupos sociais mais desfavorecidos ou em vulnerabilidade social.<\/p>\n<\/p><\/div>\n","protected":false},"excerpt":{"rendered":"<p>O Dia Nacional do Assistente Social, profissional que desempenha um papel fundamental na garantia de direitos, se dedicando ao bem-estar<\/p>\n","protected":false},"author":2,"featured_media":0,"comment_status":"","ping_status":"","sticky":false,"template":"","format":"standard","meta":{"colormag_page_container_layout":"default_layout","colormag_page_sidebar_layout":"default_layout","footnotes":""},"categories":[1],"tags":[],"class_list":["post-44865","post","type-post","status-publish","format-standard","hentry","category-ejornais"],"aioseo_notices":[],"amp_enabled":true,"_links":{"self":[{"href":"https:\/\/ejornais.com.br\/index.php\/wp-json\/wp\/v2\/posts\/44865","targetHints":{"allow":["GET"]}}],"collection":[{"href":"https:\/\/ejornais.com.br\/index.php\/wp-json\/wp\/v2\/posts"}],"about":[{"href":"https:\/\/ejornais.com.br\/index.php\/wp-json\/wp\/v2\/types\/post"}],"author":[{"embeddable":true,"href":"https:\/\/ejornais.com.br\/index.php\/wp-json\/wp\/v2\/users\/2"}],"replies":[{"embeddable":true,"href":"https:\/\/ejornais.com.br\/index.php\/wp-json\/wp\/v2\/comments?post=44865"}],"version-history":[{"count":0,"href":"https:\/\/ejornais.com.br\/index.php\/wp-json\/wp\/v2\/posts\/44865\/revisions"}],"wp:attachment":[{"href":"https:\/\/ejornais.com.br\/index.php\/wp-json\/wp\/v2\/media?parent=44865"}],"wp:term":[{"taxonomy":"category","embeddable":true,"href":"https:\/\/ejornais.com.br\/index.php\/wp-json\/wp\/v2\/categories?post=44865"},{"taxonomy":"post_tag","embeddable":true,"href":"https:\/\/ejornais.com.br\/index.php\/wp-json\/wp\/v2\/tags?post=44865"}],"curies":[{"name":"wp","href":"https:\/\/api.w.org\/{rel}","templated":true}]}}