{"id":44904,"date":"2025-05-16T15:09:40","date_gmt":"2025-05-16T18:09:40","guid":{"rendered":"https:\/\/ejornais.com.br\/index.php\/2025\/05\/16\/sesau-retoma-projeto-prevenir-para-salvar-que-ensina-primeiros-socorros-a-populacao-cgnoticias\/"},"modified":"2025-05-16T15:09:40","modified_gmt":"2025-05-16T18:09:40","slug":"sesau-retoma-projeto-prevenir-para-salvar-que-ensina-primeiros-socorros-a-populacao-cgnoticias","status":"publish","type":"post","link":"https:\/\/ejornais.com.br\/index.php\/2025\/05\/16\/sesau-retoma-projeto-prevenir-para-salvar-que-ensina-primeiros-socorros-a-populacao-cgnoticias\/","title":{"rendered":"Sesau retoma projeto \u2018Prevenir para Salvar\u2019 que ensina primeiros socorros \u00e0 popula\u00e7\u00e3o \u2013 CGNot\u00edcias"},"content":{"rendered":"<p><\/p>\n<div>\n<p>A Prefeitura de Campo Grande, por meio da Secretaria Municipal de Sa\u00fade (SESAU), retoma neste m\u00eas as atividades do projeto \u201cPrevenir para Salvar\u201d, iniciativa que capacita a popula\u00e7\u00e3o em t\u00e9cnicas b\u00e1sicas de primeiros socorros.\u00a0<\/p>\n<p>A primeira forma\u00e7\u00e3o de 2025 ser\u00e1 realizada no dia 24 de maio (s\u00e1bado), das 7h \u00e0s 12h, na Unidade de Sa\u00fade da Fam\u00edlia (USF) Vila Nasser. Est\u00e3o dispon\u00edveis 60 vagas, e as inscri\u00e7\u00f5es s\u00e3o gratuitas, pelo link:\u00a0https:\/\/forms.gle\/m6u6vGCux78x88TT9.<\/p>\n<p>O projeto \u00e9 desenvolvido pela Coordenadoria-Geral de Educa\u00e7\u00e3o em Sa\u00fade (CGES) da SESAU, em parceria com Institui\u00e7\u00f5es de Ensino Superior da Capital. Acad\u00eamicos dos cursos de Medicina, Enfermagem e Fisioterapia, previamente capacitados por profissionais socorristas da CCR\/MS, s\u00e3o respons\u00e1veis por ministrar os treinamentos \u00e0 popula\u00e7\u00e3o.<\/p>\n<figure class=\"wp-block-image size-large\"><\/figure>\n<p>Desde sua cria\u00e7\u00e3o, em 2019, o Prevenir para Salvar j\u00e1 capacitou mais de 2.500 pessoas em Campo Grande. A proposta \u00e9 preparar a comunidade para agir com seguran\u00e7a em situa\u00e7\u00f5es emergenciais, antes da chegada do atendimento especializado do SAMU (192) ou Corpo de Bombeiros (193).<\/p>\n<p><strong>Capacita\u00e7\u00e3o acess\u00edvel e pr\u00e1tica<\/strong><\/p>\n<p>Durante as forma\u00e7\u00f5es, os participantes aprendem a identificar sinais de emerg\u00eancia e como atuar em casos de parada cardiorrespirat\u00f3ria, engasgos, crises convulsivas, desmaios e outras ocorr\u00eancias comuns no cotidiano, utilizando manobras simples e eficazes.<\/p>\n<p>\u201cQuando a popula\u00e7\u00e3o est\u00e1 preparada para agir, ela se torna protagonista do cuidado coletivo. O projeto \u2018Prevenir para Salvar\u2019 \u00e9 uma ferramenta poderosa de cidadania. Ensinar primeiros socorros \u00e9, acima de tudo, salvar vidas antes mesmo da chegada do socorro profissional. E isso \u00e9 algo que todos podemos aprender. Nossa miss\u00e3o \u00e9 fazer esse conhecimento chegar a cada canto de Campo Grande\u201d, destaca a secret\u00e1ria municipal de Sa\u00fade, Rosana Leite.<\/p>\n<p>Al\u00e9m da forma\u00e7\u00e3o pr\u00e1tica, o projeto tamb\u00e9m busca sensibilizar a popula\u00e7\u00e3o sobre a import\u00e2ncia de saber como agir em momentos cr\u00edticos, contribuindo para uma sociedade mais consciente e preparada.\u00a0<\/p>\n<figure class=\"wp-block-image size-large\"><\/figure>\n<p>\u201cA ideia do Prevenir para Salvar \u00e9 simples: preparar as pessoas para saberem o que fazer em situa\u00e7\u00f5es de emerg\u00eancia. A gente nunca sabe quando vai se deparar com algu\u00e9m precisando de ajuda \u2014 pode ser em casa, no trabalho, na rua. Ter esse conhecimento pode fazer toda a diferen\u00e7a\u201d, explica o gestor operacional da SESAU e coordenador do projeto, Rodrigo Ribeiro Guimar\u00e3es.<\/p>\n<p><strong>Agendamentos para institui\u00e7\u00f5es<\/strong><\/p>\n<p>Al\u00e9m das capacita\u00e7\u00f5es abertas ao p\u00fablico, o projeto tamb\u00e9m est\u00e1 dispon\u00edvel para institui\u00e7\u00f5es p\u00fablicas e privadas \u2014 como escolas, empresas, igrejas e associa\u00e7\u00f5es de bairro \u2014 que queiram oferecer o curso aos seus membros. Os agendamentos podem ser feitos pelo e-mail:\u00a0projetoprevenirparasalvar@gmail.com.<\/p>\n<figure class=\"wp-block-image size-large\"><\/figure>\n<p><strong>Servi\u00e7o:<\/strong><\/p>\n<p>Capacita\u00e7\u00e3o em primeiros socorros \u2013 Projeto Prevenir para Salvar<\/p>\n<p>Data: 24 de maio de 2025 (s\u00e1bado)<\/p>\n<p>Hor\u00e1rio: 7h \u00e0s 12h<\/p>\n<p>Local: USF Vila Nasser<\/p>\n<p>Vagas: 60<\/p>\n<p>Inscri\u00e7\u00e3o gratuita:\u00a0https:\/\/forms.gle\/m6u6vGCux78x88TT9<\/p>\n<p>Agendamentos institucionais:\u00a0projetoprevenirparasalvar@gmail.com<\/p>\n<p>#ParaTodosVerem As imagens mostram imagens do projeto.<\/p>\n<\/div>\n<p><script async defer async defer src=\"https:\/\/connect.facebook.net\/en_US\/sdk.js?ver=1#xfbml=1&amp;version=v3.2\" id=\"prefeitura-campogrande-script-facebook-sdk-js\"><\/script><\/p>\n","protected":false},"excerpt":{"rendered":"<p>A Prefeitura de Campo Grande, por meio da Secretaria Municipal de Sa\u00fade (SESAU), retoma neste m\u00eas as atividades do projeto<\/p>\n","protected":false},"author":2,"featured_media":0,"comment_status":"","ping_status":"","sticky":false,"template":"","format":"standard","meta":{"colormag_page_container_layout":"default_layout","colormag_page_sidebar_layout":"default_layout","footnotes":""},"categories":[1],"tags":[],"class_list":["post-44904","post","type-post","status-publish","format-standard","hentry","category-ejornais"],"aioseo_notices":[],"amp_enabled":true,"_links":{"self":[{"href":"https:\/\/ejornais.com.br\/index.php\/wp-json\/wp\/v2\/posts\/44904","targetHints":{"allow":["GET"]}}],"collection":[{"href":"https:\/\/ejornais.com.br\/index.php\/wp-json\/wp\/v2\/posts"}],"about":[{"href":"https:\/\/ejornais.com.br\/index.php\/wp-json\/wp\/v2\/types\/post"}],"author":[{"embeddable":true,"href":"https:\/\/ejornais.com.br\/index.php\/wp-json\/wp\/v2\/users\/2"}],"replies":[{"embeddable":true,"href":"https:\/\/ejornais.com.br\/index.php\/wp-json\/wp\/v2\/comments?post=44904"}],"version-history":[{"count":0,"href":"https:\/\/ejornais.com.br\/index.php\/wp-json\/wp\/v2\/posts\/44904\/revisions"}],"wp:attachment":[{"href":"https:\/\/ejornais.com.br\/index.php\/wp-json\/wp\/v2\/media?parent=44904"}],"wp:term":[{"taxonomy":"category","embeddable":true,"href":"https:\/\/ejornais.com.br\/index.php\/wp-json\/wp\/v2\/categories?post=44904"},{"taxonomy":"post_tag","embeddable":true,"href":"https:\/\/ejornais.com.br\/index.php\/wp-json\/wp\/v2\/tags?post=44904"}],"curies":[{"name":"wp","href":"https:\/\/api.w.org\/{rel}","templated":true}]}}