{"id":44905,"date":"2025-05-16T15:19:48","date_gmt":"2025-05-16T18:19:48","guid":{"rendered":"https:\/\/ejornais.com.br\/index.php\/2025\/05\/16\/prefeitura-reforca-iluminacao-na-regiao-sul\/"},"modified":"2025-05-16T15:19:48","modified_gmt":"2025-05-16T18:19:48","slug":"prefeitura-reforca-iluminacao-na-regiao-sul","status":"publish","type":"post","link":"https:\/\/ejornais.com.br\/index.php\/2025\/05\/16\/prefeitura-reforca-iluminacao-na-regiao-sul\/","title":{"rendered":"Prefeitura refor\u00e7a ilumina\u00e7\u00e3o na regi\u00e3o sul"},"content":{"rendered":"<p><\/p>\n<div>\n<p><b>Rosi Masiero<\/b><br \/>&#13;<br \/>\n&#13;<br \/>\n                <span style=\"font-weight: bold;\">Secretaria de Manuten\u00e7\u00e3o da Cidade<\/span><\/p>\n<p data-sourcepos=\"1:1-1:290\">A Prefeitura de S\u00e3o Jos\u00e9 dos Campos est\u00e1 ampliando a ilumina\u00e7\u00e3o LED em mais um trecho da Rua Bacabal, no Parque Industrial, na regi\u00e3o sul. Com a iniciativa, o local ter\u00e1 um aumento de luminosidade com efici\u00eancia energ\u00e9tica, j\u00e1 que as l\u00e2mpadas de 60 W ser\u00e3o substitu\u00eddas por outras de 185 W.<\/p>\n<p data-sourcepos=\"3:1-3:267\">O aumento da pot\u00eancia das l\u00e2mpadas na Rua Bacabal beneficiar\u00e1 todo o trecho, com 35 postes que atendem, de um lado da via, casas residenciais e, do outro, um grande terreno linear que abriga torres de transmiss\u00e3o de energia, desde a Rua Caravelas at\u00e9 a Rua Parintins.<\/p>\n<p data-sourcepos=\"5:1-5:217\">A tecnologia de l\u00e2mpadas LED, al\u00e9m de reduzir o consumo de energia em at\u00e9 70%, proporciona mais economia e garante maior luminosidade, o que gera mais seguran\u00e7a aos grupos vulner\u00e1veis que precisam se deslocar \u00e0 noite.<\/p>\n<p data-sourcepos=\"7:1-7:21\"><span class=\"intertitulo\"><strong>Ilumina\u00e7\u00e3o de LED<\/strong><\/span><\/p>\n<p data-sourcepos=\"9:1-9:121\">A amplia\u00e7\u00e3o da ilumina\u00e7\u00e3o em toda a cidade integra o plano de gest\u00e3o de 2025 a 2028 da Prefeitura de S\u00e3o Jos\u00e9 dos Campos.<\/p>\n<p data-sourcepos=\"11:1-11:220\">S\u00e3o Jos\u00e9 conta com a moderniza\u00e7\u00e3o da ilumina\u00e7\u00e3o em 100% das vias p\u00fablicas urbanas e rurais, al\u00e9m de mais de 80 espa\u00e7os p\u00fablicos que receberam a melhoria, inclusive nos distritos de S\u00e3o Francisco Xavier e Eug\u00eanio de Melo.<\/p>\n<p data-sourcepos=\"13:1-13:190\">A moderniza\u00e7\u00e3o do sistema de ilumina\u00e7\u00e3o ornamental visa \u00e0 qualidade de vida da popula\u00e7\u00e3o que frequenta os espa\u00e7os p\u00fablicos, uma vez que aumenta a luminosidade, proporcionando mais seguran\u00e7a.<\/p>\n<p data-sourcepos=\"15:1-15:122\">O sistema tamb\u00e9m gera economia com a maior durabilidade do material e menores gastos, al\u00e9m de ser uma pr\u00e1tica sustent\u00e1vel.<\/p>\n<p>&#13;<br \/>\n                        <strong>MAIS NOT\u00cdCIAS<\/strong><br \/>&#13;<br \/>\n                        Secretaria de Manuten\u00e7\u00e3o da Cidade&#13;\n                    <\/p>\n<\/p><\/div>\n","protected":false},"excerpt":{"rendered":"<p>Rosi Masiero&#13; &#13; Secretaria de Manuten\u00e7\u00e3o da Cidade A Prefeitura de S\u00e3o Jos\u00e9 dos Campos est\u00e1 ampliando a ilumina\u00e7\u00e3o LED<\/p>\n","protected":false},"author":2,"featured_media":0,"comment_status":"","ping_status":"","sticky":false,"template":"","format":"standard","meta":{"colormag_page_container_layout":"default_layout","colormag_page_sidebar_layout":"default_layout","footnotes":""},"categories":[1],"tags":[],"class_list":["post-44905","post","type-post","status-publish","format-standard","hentry","category-ejornais"],"aioseo_notices":[],"amp_enabled":true,"_links":{"self":[{"href":"https:\/\/ejornais.com.br\/index.php\/wp-json\/wp\/v2\/posts\/44905","targetHints":{"allow":["GET"]}}],"collection":[{"href":"https:\/\/ejornais.com.br\/index.php\/wp-json\/wp\/v2\/posts"}],"about":[{"href":"https:\/\/ejornais.com.br\/index.php\/wp-json\/wp\/v2\/types\/post"}],"author":[{"embeddable":true,"href":"https:\/\/ejornais.com.br\/index.php\/wp-json\/wp\/v2\/users\/2"}],"replies":[{"embeddable":true,"href":"https:\/\/ejornais.com.br\/index.php\/wp-json\/wp\/v2\/comments?post=44905"}],"version-history":[{"count":0,"href":"https:\/\/ejornais.com.br\/index.php\/wp-json\/wp\/v2\/posts\/44905\/revisions"}],"wp:attachment":[{"href":"https:\/\/ejornais.com.br\/index.php\/wp-json\/wp\/v2\/media?parent=44905"}],"wp:term":[{"taxonomy":"category","embeddable":true,"href":"https:\/\/ejornais.com.br\/index.php\/wp-json\/wp\/v2\/categories?post=44905"},{"taxonomy":"post_tag","embeddable":true,"href":"https:\/\/ejornais.com.br\/index.php\/wp-json\/wp\/v2\/tags?post=44905"}],"curies":[{"name":"wp","href":"https:\/\/api.w.org\/{rel}","templated":true}]}}