{"id":44906,"date":"2025-05-16T15:52:02","date_gmt":"2025-05-16T18:52:02","guid":{"rendered":"https:\/\/ejornais.com.br\/index.php\/2025\/05\/16\/festival-america-do-sul-agita-corumba-com-cultura-turismo-e-comercio-em-alta-agencia-de-noticias-do-governo-de-mato-grosso-do-sul\/"},"modified":"2025-05-16T15:52:02","modified_gmt":"2025-05-16T18:52:02","slug":"festival-america-do-sul-agita-corumba-com-cultura-turismo-e-comercio-em-alta-agencia-de-noticias-do-governo-de-mato-grosso-do-sul","status":"publish","type":"post","link":"https:\/\/ejornais.com.br\/index.php\/2025\/05\/16\/festival-america-do-sul-agita-corumba-com-cultura-turismo-e-comercio-em-alta-agencia-de-noticias-do-governo-de-mato-grosso-do-sul\/","title":{"rendered":"Festival Am\u00e9rica do Sul agita Corumb\u00e1 com cultura, turismo e com\u00e9rcio em alta \u2013 Ag\u00eancia de Noticias do Governo de Mato Grosso do Sul"},"content":{"rendered":"<p><\/p>\n<div>\n<p style=\"text-align: center;\"><em>Edi\u00e7\u00e3o 2025 chega com for\u00e7a total e traz expectativa de impacto positivo para a cidade e a regi\u00e3o<\/em><\/p>\n<p>De 15 a 18 de maio, Corumb\u00e1 volta a ser o cora\u00e7\u00e3o pulsante da cultura latino-americana. A 18\u00aa edi\u00e7\u00e3o do Festival Am\u00e9rica do Sul, que come\u00e7a nesta quinta-feira, traz uma novidade que j\u00e1 d\u00e1 o tom da grandiosidade do evento: pela primeira vez, o palco principal ser\u00e1 montado no Porto Geral, cart\u00e3o-postal da cidade \u00e0s margens do Rio Paraguai.<\/p>\n<p>A programa\u00e7\u00e3o se espalha pelo local com shows, oficinas, exposi\u00e7\u00f5es, apresenta\u00e7\u00f5es teatrais, rodas de conversa e interven\u00e7\u00f5es culturais.<\/p>\n<\/p>\n<p>Durante quatro dias, 96 atra\u00e7\u00f5es gratuitas transformar\u00e3o Corumb\u00e1 em um mosaico vivo da diversidade latino-americana. Grandes nomes da m\u00fasica brasileira, como Duduca &amp; Dalvan, Xam\u00e3, Alcione, Pixote e Isabel Fillardis, dividem a cena com artistas de outros pa\u00edses do continente.<\/p>\n<p>Sobem ao palco Pedro de La Colina, do Chile, e Mayra Sanchez, da Col\u00f4mbia, que se apresentam na sexta-feira. No s\u00e1bado, o agito fica por conta do grupo Fiesta Cuetillo, da Bol\u00edvia, e do aclamado Buena Vista Social Club Tribute, representando Cuba. No domingo, o festival recebe tamb\u00e9m o Coro Ars Antiqua, do Paraguai, ampliando ainda mais o di\u00e1logo cultural entre as na\u00e7\u00f5es vizinhas.<\/p>\n<p>A programa\u00e7\u00e3o inclui ainda nomes como Matu Miranda e Beb\u00ea Kramer, a Cia do Mato com o espet\u00e1culo \u201cChafica\u201d, o Teatro Imagin\u00e1rio Maracangalha, o Grupo de Dan\u00e7a Estrela do Pantanal, SoulRa, Karla Coronel, Catedral Erudita, Cia Tarsila de Artes C\u00eanicas, J\u00falio Ruschel, Grupo Urbe, Orquestra Ocamp e Guga Borba.<\/p>\n<p>A cultura afro, ind\u00edgena e pantaneira tamb\u00e9m ganha destaque, com uma curadoria que valoriza a representatividade, os saberes tradicionais e m\u00faltiplas linguagens art\u00edsticas.<\/p>\n<p><strong>Ansiedade em alta<\/strong><\/p>\n<p>A expectativa para esta edi\u00e7\u00e3o \u00e9 grande. N\u00e3o s\u00f3 pela nova localiza\u00e7\u00e3o do palco e pelas atra\u00e7\u00f5es de peso, mas porque a \u00faltima edi\u00e7\u00e3o, realizada em 2023, deixou um saldo bastante positivo. Mais de 100 mil pessoas participaram do festival, que impulsionou a ocupa\u00e7\u00e3o da rede hoteleira em at\u00e9 40% e aqueceu o com\u00e9rcio local de maneira significativa. Em 2024, o evento n\u00e3o aconteceu, o que s\u00f3 aumentou a ansiedade pelo seu retorno em grande estilo.<\/p>\n<\/p>\n<p>Carla Martins Pexe, gerente de hotel, confirma o impacto direto do festival na economia local. \u201cS\u00f3 com os dias do evento, tivemos um aumento de 30% na ocupa\u00e7\u00e3o em rela\u00e7\u00e3o ao mesmo m\u00eas do ano passado. E quando o hotel enche, cresce a demanda por insumos, lavanderia, manuten\u00e7\u00e3o, transporte\u2026 Tudo isso movimenta o com\u00e9rcio e os servi\u00e7os em Corumb\u00e1.\u201d<\/p>\n<p>Para quem vive a cidade de perto, o festival \u00e9 mais que um evento art\u00edstico. A comerciante Ana Caroline Mirande, que j\u00e1 participou de outras edi\u00e7\u00f5es, conta que o movimento come\u00e7a dias antes.<\/p>\n<p>\u201cQuando o festival chega, a gente j\u00e1 sente o clima diferente. A comida, os artesanatos, os shows\u2026 tudo isso ajuda muito o com\u00e9rcio local. Eu preparo a loja para receber turistas, at\u00e9 da Bol\u00edvia. \u00c9 uma \u00e9poca \u00f3tima para a cidade.\u201d<\/p>\n<p>Para quem trabalha diretamente no Rio Paraguai, como o guia e piloteiro Rafael Santos Moraes, o festival tamb\u00e9m faz os bons ventos soprarem. Os passeios de barco aumentam consideravelmente e ajudam a equilibrar o or\u00e7amento anual. \u201cChegamos a fazer at\u00e9 10 passeios por dia. Isso ajuda demais, principalmente porque em alguns meses do ano o movimento \u00e9 fraco. \u00c9 um ganho essencial para a gente.\u201d<\/p>\n<\/p>\n<p>J\u00e1 quem aposta na culin\u00e1ria como atrativo, como Jos\u00e9 Carlos de Oliveira, o Z\u00e9zin, tamb\u00e9m v\u00ea no festival uma oportunidade de ouro. Dono de um restaurante no Porto Geral, ele passou d\u00e9cadas servindo boa comida nos barcos de passeio e agora trouxe o sabor das \u00e1guas para terra firme. Para o festival, preparou um card\u00e1pio especial. \u201cTem brochete de pintado, quibe de jacar\u00e9, quibe de barbado e torresminho de piranha, entre outras del\u00edcias. Quero que n\u00e3o s\u00f3 o turista, mas tamb\u00e9m o corumbaense, tenha essa experi\u00eancia e sinta o gosto do nosso Pantanal.\u201d<\/p>\n<p><strong>Facilidade no acesso<\/strong><\/p>\n<p>Para facilitar a chegada do p\u00fablico, a organiza\u00e7\u00e3o do Festival Am\u00e9rica do Sul vai oferecer transporte coletivo gratuito. A linha \u201cExpresso Festival\u201d liga a parte alta \u00e0 parte baixa da cidade, com hor\u00e1rios estrat\u00e9gicos entre os dias 15 e 18 de maio.<\/p>\n<p>Al\u00e9m disso, micro\u00f4nibus saem do Terminal Ant\u00f4nio Maria em dire\u00e7\u00e3o \u00e0 Orla Portu\u00e1ria a cada 30 minutos, com frequ\u00eancia ajustada conforme a demanda. O \u00faltimo hor\u00e1rio depender\u00e1 do fim das apresenta\u00e7\u00f5es.<\/p>\n<p>Com uma proposta que une integra\u00e7\u00e3o cultural, economia criativa e sustentabilidade, o Festival Am\u00e9rica do Sul 2025 reafirma seu papel como um dos maiores eventos culturais da regi\u00e3o. Um convite ao encontro com a arte, a hist\u00f3ria, a natureza e o calor humano de Corumb\u00e1, que mais uma vez se transforma no cora\u00e7\u00e3o vibrante da Am\u00e9rica do Sul.<\/p>\n<p>Confira a programa\u00e7\u00e3o completa do festival no site:\u00a0<span style=\"color: #0000ff;\">mscultural.ms.gov.br\/festival\/festival-america-do-sul<\/span><\/p>\n<p><em>Evelise Couto, Ascom FAS 2025<\/em><br \/><em>Fotos: Ascom FAS 2025<\/em><\/p>\n<\/div>\n","protected":false},"excerpt":{"rendered":"<p>Edi\u00e7\u00e3o 2025 chega com for\u00e7a total e traz expectativa de impacto positivo para a cidade e a regi\u00e3o De 15<\/p>\n","protected":false},"author":2,"featured_media":0,"comment_status":"","ping_status":"","sticky":false,"template":"","format":"standard","meta":{"colormag_page_container_layout":"default_layout","colormag_page_sidebar_layout":"default_layout","footnotes":""},"categories":[1],"tags":[],"class_list":["post-44906","post","type-post","status-publish","format-standard","hentry","category-ejornais"],"aioseo_notices":[],"amp_enabled":true,"_links":{"self":[{"href":"https:\/\/ejornais.com.br\/index.php\/wp-json\/wp\/v2\/posts\/44906","targetHints":{"allow":["GET"]}}],"collection":[{"href":"https:\/\/ejornais.com.br\/index.php\/wp-json\/wp\/v2\/posts"}],"about":[{"href":"https:\/\/ejornais.com.br\/index.php\/wp-json\/wp\/v2\/types\/post"}],"author":[{"embeddable":true,"href":"https:\/\/ejornais.com.br\/index.php\/wp-json\/wp\/v2\/users\/2"}],"replies":[{"embeddable":true,"href":"https:\/\/ejornais.com.br\/index.php\/wp-json\/wp\/v2\/comments?post=44906"}],"version-history":[{"count":0,"href":"https:\/\/ejornais.com.br\/index.php\/wp-json\/wp\/v2\/posts\/44906\/revisions"}],"wp:attachment":[{"href":"https:\/\/ejornais.com.br\/index.php\/wp-json\/wp\/v2\/media?parent=44906"}],"wp:term":[{"taxonomy":"category","embeddable":true,"href":"https:\/\/ejornais.com.br\/index.php\/wp-json\/wp\/v2\/categories?post=44906"},{"taxonomy":"post_tag","embeddable":true,"href":"https:\/\/ejornais.com.br\/index.php\/wp-json\/wp\/v2\/tags?post=44906"}],"curies":[{"name":"wp","href":"https:\/\/api.w.org\/{rel}","templated":true}]}}