{"id":45168,"date":"2025-05-20T13:41:47","date_gmt":"2025-05-20T16:41:47","guid":{"rendered":"https:\/\/ejornais.com.br\/index.php\/2025\/05\/20\/governo-de-ms-incentiva-uso-da-tecnologia-e-inovacao-para-impulsionar-producao-no-campo-agencia-de-noticias-do-governo-de-mato-grosso-do-sul\/"},"modified":"2025-05-20T13:41:47","modified_gmt":"2025-05-20T16:41:47","slug":"governo-de-ms-incentiva-uso-da-tecnologia-e-inovacao-para-impulsionar-producao-no-campo-agencia-de-noticias-do-governo-de-mato-grosso-do-sul","status":"publish","type":"post","link":"https:\/\/ejornais.com.br\/index.php\/2025\/05\/20\/governo-de-ms-incentiva-uso-da-tecnologia-e-inovacao-para-impulsionar-producao-no-campo-agencia-de-noticias-do-governo-de-mato-grosso-do-sul\/","title":{"rendered":"Governo de MS incentiva uso da tecnologia e inova\u00e7\u00e3o para impulsionar produ\u00e7\u00e3o no campo \u2013 Ag\u00eancia de Noticias do Governo de Mato Grosso do Sul"},"content":{"rendered":"<p><\/p>\n<div>\n<p>Com foco na inova\u00e7\u00e3o e melhores resultados ao homem do campo, o governador Eduardo Riedel participou nesta ter\u00e7a-feira (20) da abertura do Showtec, uma das maiores feiras de agroneg\u00f3cio do Brasil, com mais de 120 mil m\u00b2 de \u00e1rea de visita\u00e7\u00e3o e mais de 100 expositores. Uma oportunidade para conhecer as novidades do setor, baseados na pesquisa e tecnologia.<\/p>\n<figure id=\"attachment_511042\" aria-describedby=\"caption-attachment-511042\" style=\"width: 300px\" class=\"wp-caption alignright\"><figcaption id=\"caption-attachment-511042\" class=\"wp-caption-text\"><em>Showtec come\u00e7ou nesta ter\u00e7a-feira<\/em><\/figcaption><\/figure>\n<p>\u201cSempre \u00e9 um momento importante ao produtor, quando a atividade est\u00e1 lastreada de informa\u00e7\u00e3o, conhecimento e tecnologia tem resultados a longo prazo. O Brasil se tornou gigante e Mato Grosso do Sul se inseriu neste contexto, por conta deste avan\u00e7o da tecnologia, da persist\u00eancia do produtor, do empreendedorismo, da capacidade de trabalho do produtor\u201d, afirmou o governador.<\/p>\n<p>Riedel ressaltou que esta jun\u00e7\u00e3o de tecnologia e inova\u00e7\u00e3o d\u00e1 competividade a diferentes atividades. \u201cO Showtec \u00e9 uma vitrine de tecnologia e de conhecimento, que se atualiza ano a ano. Muito bom estar aqui prestigiando esta feira constru\u00edda h\u00e1 v\u00e1rias m\u00e3os. Os respons\u00e1veis pelo evento lan\u00e7aram um alicerce importante para a ci\u00eancia e tecnologia do nosso Estado. Al\u00e9m do evento, temos um trabalho anual de pesquisa e extens\u00e3o, que proporciona ao produtor uma tomada de decis\u00e3o com qualidade\u201d, descreveu.<\/p>\n<figure id=\"attachment_511046\" aria-describedby=\"caption-attachment-511046\" style=\"width: 1024px\" class=\"wp-caption aligncenter\"><figcaption id=\"caption-attachment-511046\" class=\"wp-caption-text\">Governador Eduardo Riedel discursa na abertura da feira<\/figcaption><\/figure>\n<p>Realizada em Maracaju pela Funda\u00e7\u00e3o MS, a feira de agroneg\u00f3cio come\u00e7ou nesta ter\u00e7a-feira (20) e segue at\u00e9 o dia 22 de maio. Ela reunir\u00e1 produtores rurais, pesquisadores e especialistas para debater os principais desafios e inova\u00e7\u00f5es do setor.<\/p>\n<p>Durante os tr\u00eas dias, a Arena Showtec, na Funda\u00e7\u00e3o MS, receber\u00e1 palestras sobre manejo sustent\u00e1vel, demonstra\u00e7\u00e3o de tecnologias aplicadas ao campo e tend\u00eancias do agroneg\u00f3cio. Al\u00e9m das palestras, os visitantes do Showtec 2025 ter\u00e3o acesso a espa\u00e7os interativos e poder\u00e3o acompanhar de perto as \u00faltimas novidades do agroneg\u00f3cio, lan\u00e7amentos de tecnologias e outras atra\u00e7\u00f5es.<\/p>\n<div id=\"gallery-1\" class=\"gallery galleryid-511031 gallery-columns-2 gallery-size-large\">\n<figure class=\"gallery-item\">\n<div class=\"gallery-icon landscape\"><\/div>\n<\/figure>\n<figure class=\"gallery-item\">\n<div class=\"gallery-icon landscape\"><\/div>\n<\/figure><\/div>\n<p>\u201cSer\u00e3o dias de muito aprendizado, conversa, network e levaremos isso de forma clara e atendendo as expectativas de todos aqui. S\u00f3 com informa\u00e7\u00e3o e boas pr\u00e1ticas vamos chegar \u00e0 locomotiva da lucratividade. Pesquisa \u00e9 com a gente\u201d, afirmou o presidente da Funda\u00e7\u00e3o MS, Daniel Franco Pereira.<\/p>\n<p>O prefeito de Maracaju, Marcos Calderan, destacou a import\u00e2ncia do evento para movimentar a cidade e ser refer\u00eancia no agroneg\u00f3cio. \u201cA Funda\u00e7\u00e3o MS \u00e9 um dos respons\u00e1veis por Maracaju se tornar uma pot\u00eancia no agro. A feira \u00e9 uma vitrine importante para o setor e para nossa cidade\u201d.<\/p>\n<div id=\"gallery-2\" class=\"gallery galleryid-511031 gallery-columns-2 gallery-size-large\">\n<figure class=\"gallery-item\">\n<div class=\"gallery-icon landscape\"><\/div><figcaption class=\"wp-caption-text gallery-caption\" id=\"gallery-2-511041\">\n\t\t\t\tDaniel Franco<br \/>\n\t\t\t\t<\/figcaption><\/figure>\n<figure class=\"gallery-item\">\n<div class=\"gallery-icon landscape\"><\/div><figcaption class=\"wp-caption-text gallery-caption\" id=\"gallery-2-511045\">\n\t\t\t\tMarcos Calderan<br \/>\n\t\t\t\t<\/figcaption><\/figure>\n<\/p><\/div>\n<p>A Funda\u00e7\u00e3o MS tamb\u00e9m recebe recursos estaduais para pesquisas de novas tecnologias na \u00e1rea de milho e soja, oriundos do Fundems (Fundo para o Desenvolvimento das Culturas de Milho e Soja).<\/p>\n<p>\u201cO campo \u00e9 competitivo e pode atender tanto mercado interno, quanto externo, e isso \u00e9 fruto do trabalho de todo setor produtivo representado aqui hoje\u201d, reconheceu o deputado federal Dagoberto Nogueira.<\/p>\n<div id=\"gallery-3\" class=\"gallery galleryid-511031 gallery-columns-2 gallery-size-large\">\n<figure class=\"gallery-item\">\n<div class=\"gallery-icon landscape\"><\/div>\n<\/figure>\n<figure class=\"gallery-item\">\n<div class=\"gallery-icon landscape\"><\/div>\n<\/figure><\/div>\n<p><em>Leonardo Rocha, Comunica\u00e7\u00e3o do Governo de MS<\/em><br \/><em>Fotos: Bruno Rezende<\/em><\/p>\n<p>\u00a0<\/p>\n<\/div>\n","protected":false},"excerpt":{"rendered":"<p>Com foco na inova\u00e7\u00e3o e melhores resultados ao homem do campo, o governador Eduardo Riedel participou nesta ter\u00e7a-feira (20) da<\/p>\n","protected":false},"author":2,"featured_media":0,"comment_status":"","ping_status":"","sticky":false,"template":"","format":"standard","meta":{"colormag_page_container_layout":"default_layout","colormag_page_sidebar_layout":"default_layout","footnotes":""},"categories":[1],"tags":[],"class_list":["post-45168","post","type-post","status-publish","format-standard","hentry","category-ejornais"],"aioseo_notices":[],"amp_enabled":true,"_links":{"self":[{"href":"https:\/\/ejornais.com.br\/index.php\/wp-json\/wp\/v2\/posts\/45168","targetHints":{"allow":["GET"]}}],"collection":[{"href":"https:\/\/ejornais.com.br\/index.php\/wp-json\/wp\/v2\/posts"}],"about":[{"href":"https:\/\/ejornais.com.br\/index.php\/wp-json\/wp\/v2\/types\/post"}],"author":[{"embeddable":true,"href":"https:\/\/ejornais.com.br\/index.php\/wp-json\/wp\/v2\/users\/2"}],"replies":[{"embeddable":true,"href":"https:\/\/ejornais.com.br\/index.php\/wp-json\/wp\/v2\/comments?post=45168"}],"version-history":[{"count":0,"href":"https:\/\/ejornais.com.br\/index.php\/wp-json\/wp\/v2\/posts\/45168\/revisions"}],"wp:attachment":[{"href":"https:\/\/ejornais.com.br\/index.php\/wp-json\/wp\/v2\/media?parent=45168"}],"wp:term":[{"taxonomy":"category","embeddable":true,"href":"https:\/\/ejornais.com.br\/index.php\/wp-json\/wp\/v2\/categories?post=45168"},{"taxonomy":"post_tag","embeddable":true,"href":"https:\/\/ejornais.com.br\/index.php\/wp-json\/wp\/v2\/tags?post=45168"}],"curies":[{"name":"wp","href":"https:\/\/api.w.org\/{rel}","templated":true}]}}