{"id":45556,"date":"2025-05-26T20:57:52","date_gmt":"2025-05-26T23:57:52","guid":{"rendered":"https:\/\/ejornais.com.br\/index.php\/2025\/05\/26\/casa-de-cultura-recebe-exposicao-inedita-sobre-sul-mato-grossense-patrona-do-urbanismo-no-brasil-carmen-portinho-cgnoticias\/"},"modified":"2025-05-26T20:57:52","modified_gmt":"2025-05-26T23:57:52","slug":"casa-de-cultura-recebe-exposicao-inedita-sobre-sul-mato-grossense-patrona-do-urbanismo-no-brasil-carmen-portinho-cgnoticias","status":"publish","type":"post","link":"https:\/\/ejornais.com.br\/index.php\/2025\/05\/26\/casa-de-cultura-recebe-exposicao-inedita-sobre-sul-mato-grossense-patrona-do-urbanismo-no-brasil-carmen-portinho-cgnoticias\/","title":{"rendered":"Casa de Cultura recebe exposi\u00e7\u00e3o in\u00e9dita sobre sul-mato-grossense patrona do urbanismo no Brasil Carmen Portinho \u2013 CGNot\u00edcias"},"content":{"rendered":"<p><\/p>\n<div>\n<p>Nesta ter\u00e7a-feira (27), \u00e0s 19h, ser\u00e1 realizada a abertura da exposi\u00e7\u00e3o \u201cCarmen Portinho: pioneira do urbanismo no Brasil\u201d, na Casa de Cultura, pela primeira vez em Campo Grande. A mostra itinerante tem como foco a trajet\u00f3ria da urbanista e teve sua primeira edi\u00e7\u00e3o realizada no Edif\u00edcio Jorge Machado Moreira, na Cidade Universit\u00e1ria, sede da Faculdade de Arquitetura e Urbanismo da UFRJ (FAU\/UFRJ), inaugurada em outubro de 2024.<\/p>\n<p>A iniciativa de trazer a exibi\u00e7\u00e3o para a capital do estado onde Carmen Portinho nasceu \u00e9 do Conselho de Arquitetura e Urbanismo de Mato Grosso do Sul (CAU\/MS), em parceria com o IAB\/MS (Instituto de Arquitetos do Brasil \u2013 Dpto MS), IAB-RJ (Instituto de Arquitetos do Brasil \u2013 Dpto RJ) e o N\u00facleo de Desenvolvimento e Pesquisa (NPD) da UFRJ.<\/p>\n<p>A exposi\u00e7\u00e3o partiu da tese de doutorado em urbanismo \u201cG\u00eanero e produ\u00e7\u00e3o de habita\u00e7\u00e3o social: uma perspectiva para o planejamento urbano a partir do pensamento de Elizabeth Denby, Carmen Portinho, Margarete Sch\u00fctteLihotzky e Catherine Bauer\u201d, da presidente do IAB-RJ, Marcela Abla, na FAU\/UFRJ.<\/p>\n<p>A autora da tese e curadora Marcela Abla destaca que o trabalho \u00e9 um tributo a uma mulher que, \u00e0 frente de seu tempo, deixou marcas profundas na cidade e na hist\u00f3ria do urbanismo. \u201cA mostra apresenta projetos de arquitetos renomados, desenvolvidos sob a direta supervis\u00e3o de Carmen Portinho, conforme princ\u00edpios que considerava inalter\u00e1veis: bem-estar social, melhores condi\u00e7\u00f5es habitacionais, uma cidade justa e, principalmente, a independ\u00eancia feminina\u201d. Marcela complementa que a realiza\u00e7\u00e3o desta exposi\u00e7\u00e3o na terra natal de Carmen refor\u00e7a a import\u00e2ncia de valorizar e divulgar o legado de uma das pioneiras do urbanismo no Brasil.<\/p>\n<p>Carmen Portinho \u00e9 uma das respons\u00e1veis pela introdu\u00e7\u00e3o do conceito de unidade de vizinhan\u00e7a no Pa\u00eds. Junto com o seu companheiro, o arquiteto Affonso Eduardo Reidy, liderou diversos projetos de habita\u00e7\u00e3o popular, como o Conjunto Residencial Prefeito Mendes de Moraes, conhecido como Pedregulho; Marqu\u00eas de S\u00e3o Vicente (projetos de Affonso Eduardo Reidy), Visconde de Santa Isabel e de Paquet\u00e1 (projetados por Francisco Bolonha).<\/p>\n<p>Carmen dirigiu o Museu de Arte Moderna do Rio de Janeiro (1952-1978), al\u00e9m de coordenar as obras da sede da institui\u00e7\u00e3o. Tamb\u00e9m esteve \u00e0 frente da Escola Superior de Desenho Industrial (1967-1988). De 1988 a 2001, foi assessora do Centro de Tecnologia e Ci\u00eancias da UERJ.<\/p>\n<p><em><strong>#PraTodosVerem<\/strong>: Na capa do release h\u00e1 uma foto que mostra a fachada da Casa de Cultura de Campo Grande.<\/em><\/p>\n<\/div>\n<p><script async defer async defer src=\"https:\/\/connect.facebook.net\/en_US\/sdk.js?ver=1#xfbml=1&amp;version=v3.2\" id=\"prefeitura-campogrande-script-facebook-sdk-js\"><\/script><\/p>\n","protected":false},"excerpt":{"rendered":"<p>Nesta ter\u00e7a-feira (27), \u00e0s 19h, ser\u00e1 realizada a abertura da exposi\u00e7\u00e3o \u201cCarmen Portinho: pioneira do urbanismo no Brasil\u201d, na Casa<\/p>\n","protected":false},"author":2,"featured_media":0,"comment_status":"","ping_status":"","sticky":false,"template":"","format":"standard","meta":{"colormag_page_container_layout":"default_layout","colormag_page_sidebar_layout":"default_layout","footnotes":""},"categories":[1],"tags":[],"class_list":["post-45556","post","type-post","status-publish","format-standard","hentry","category-ejornais"],"aioseo_notices":[],"amp_enabled":true,"_links":{"self":[{"href":"https:\/\/ejornais.com.br\/index.php\/wp-json\/wp\/v2\/posts\/45556","targetHints":{"allow":["GET"]}}],"collection":[{"href":"https:\/\/ejornais.com.br\/index.php\/wp-json\/wp\/v2\/posts"}],"about":[{"href":"https:\/\/ejornais.com.br\/index.php\/wp-json\/wp\/v2\/types\/post"}],"author":[{"embeddable":true,"href":"https:\/\/ejornais.com.br\/index.php\/wp-json\/wp\/v2\/users\/2"}],"replies":[{"embeddable":true,"href":"https:\/\/ejornais.com.br\/index.php\/wp-json\/wp\/v2\/comments?post=45556"}],"version-history":[{"count":0,"href":"https:\/\/ejornais.com.br\/index.php\/wp-json\/wp\/v2\/posts\/45556\/revisions"}],"wp:attachment":[{"href":"https:\/\/ejornais.com.br\/index.php\/wp-json\/wp\/v2\/media?parent=45556"}],"wp:term":[{"taxonomy":"category","embeddable":true,"href":"https:\/\/ejornais.com.br\/index.php\/wp-json\/wp\/v2\/categories?post=45556"},{"taxonomy":"post_tag","embeddable":true,"href":"https:\/\/ejornais.com.br\/index.php\/wp-json\/wp\/v2\/tags?post=45556"}],"curies":[{"name":"wp","href":"https:\/\/api.w.org\/{rel}","templated":true}]}}