{"id":45561,"date":"2025-05-26T22:21:48","date_gmt":"2025-05-27T01:21:48","guid":{"rendered":"https:\/\/ejornais.com.br\/index.php\/2025\/05\/26\/sonora-indica-saneamento-habitacao-e-pavimentacao-como-prioridades-no-programa-ms-ativo-municipalismo\/"},"modified":"2025-05-26T22:21:48","modified_gmt":"2025-05-27T01:21:48","slug":"sonora-indica-saneamento-habitacao-e-pavimentacao-como-prioridades-no-programa-ms-ativo-municipalismo","status":"publish","type":"post","link":"https:\/\/ejornais.com.br\/index.php\/2025\/05\/26\/sonora-indica-saneamento-habitacao-e-pavimentacao-como-prioridades-no-programa-ms-ativo-municipalismo\/","title":{"rendered":"Sonora indica saneamento, habita\u00e7\u00e3o e pavimenta\u00e7\u00e3o como prioridades no programa MS Ativo Municipalismo"},"content":{"rendered":"<p><\/p>\n<div>\n<p><span style=\"font-weight: 400;\">O munic\u00edpio de Sonora, no norte do Estado, entra para a segunda fase do programa estadual MS Ativo Municipalismo com grandes obras de saneamento e lazer, constru\u00e7\u00e3o de casas, drenagem e pavimenta\u00e7\u00e3o. O MS Ativo \u00e9 o maior programa de atendimento \u00e0 popula\u00e7\u00e3o e investimentos nos munic\u00edpios, por meio do Governo do Estado, em parceria com emendas parlamentares das bancadas federal e estadual.<\/span><\/p>\n<p><span style=\"font-weight: 400;\">E com o objetivo de alavancar ainda mais os empreendimentos em Sonora, a prefeita Clarice Ewerling, acompanhada de sua equipe, vereadores e vereadoras, se reuniu na tarde desta segunda-feira (26) com o governador Eduardo Riedel, t\u00e9cnicos do Governo do Estado, secret\u00e1rios estaduais e parlamentares.<\/span><\/p>\n<p><span style=\"font-weight: 400;\">Inicialmente ao saudar a prefeita Clarice, vereadores e vereadores, Riedel destacou o esp\u00edrito de uni\u00e3o e alinhamento pol\u00edtico em prol dos anseios da popula\u00e7\u00e3o sonorense. &#8220;A presen\u00e7a de todos voc\u00eas aqui \u00e9 sinal de prioridade entre for\u00e7as pol\u00edticas distintas. E de maneira especial tamb\u00e9m a grandiosidade das nossas bancadas federal e estadual que pensam no Estado. A presen\u00e7a maci\u00e7a de deputados estaduais e federais mostra a preocupa\u00e7\u00e3o com Sonora, \u00e9 um sinal de prestigio&#8221;, disse o governador.\u00a0<\/span><\/p>\n<p><span style=\"font-weight: 400;\">A comitiva de Sonora escolheu como prioridade nesta segunda fase do MS Ativo a pavimenta\u00e7\u00e3o e drenagem para dois acessos ao Balne\u00e1rio P\u00f4r do Sol, importante ponto tur\u00edstico da cidade e regi\u00e3o e conhecido por suas \u00e1guas cristalinas e bela paisagem.\u00a0<\/span><\/p>\n<p><span style=\"font-weight: 400;\">Ainda na pauta foram apresentados os projetos que j\u00e1 est\u00e3o em execu\u00e7\u00e3o neste momento como a constru\u00e7\u00e3o de Centro de Conviv\u00eancia, a reforma e amplia\u00e7\u00e3o da unidade b\u00e1sica de sa\u00fade, a constru\u00e7\u00e3o de 86 unidades habitacionais no loteamento Bela Vista, a urbaniza\u00e7\u00e3o de 42 lotes, e a implanta\u00e7\u00e3o e complementa\u00e7\u00e3o do sistema de esgotamento sanit\u00e1rio da <\/span><span style=\"font-weight: 400;\">esta\u00e7\u00e3o de tratamento, elevat\u00f3ria, rede e liga\u00e7\u00f5es,\u00a0 com previs\u00e3o de entrega em maio de 2026.\u00a0<\/span><\/p>\n<p><span style=\"font-weight: 400;\">Riedel fez quest\u00e3o de ressaltar que com a entrega do complexo de saneamento, o munic\u00edpio alcan\u00e7ar\u00e1 98% de universaliza\u00e7\u00e3o do sistema de abastecimento de \u00e1gua e esgoto.<\/span><\/p>\n<p>A prefeita Clarice agradeceu o apoio do executivo estadual e dos parlamentares e elogiou o trabalho dos t\u00e9cnicos do Governo do Estado. &#8220;Somos eleitos por uma popula\u00e7\u00e3o que necessita da gente. Fizemos antes uma reuni\u00e3o para trazer nossos pedidos&#8221;, completou.<\/p>\n<p><span style=\"font-weight: 400;\">Lan\u00e7ado em abril de 2024, o MS Ativo \u00e9 um programa do Governo de Mato Grosso do Sul que fortalece a parceria com os munic\u00edpios, com foco em gest\u00e3o p\u00fablica eficiente, baseada em dados e metas. A proposta \u00e9 garantir entregas mais eficazes \u00e0 popula\u00e7\u00e3o, respeitando as necessidades espec\u00edficas de cada munic\u00edpio.<\/span><\/p>\n<p><span style=\"font-weight: 400;\">Na fase 1 foram mapeadas as demandas locais. Com isso, o Estado prev\u00ea R$ 1,5 bilh\u00e3o em investimentos em obras urbanas e rodovi\u00e1rias nos 79 munic\u00edpios.<\/span><\/p>\n<p><span style=\"font-weight: 400;\">A reuni\u00e3o contou com a presen\u00e7a do vice-governador Jos\u00e9 Carlos Barbosa (Barbosinha), dos secret\u00e1rios Eduardo Rocha (Casa Civil) e Guilherme Alc\u00e2ntara (Seilog), dos deputados federais Geraldo Resende e Dagoberto Nogueira, e dos parlamentares estaduais Junior Mochi, Rinaldo Modesto, Roberto Hashioka, Mara Caseiro, Renato C\u00e2mara, M\u00e1rcio Fernandes, Pedrossian Neto, e do presidente da Alems, deputado Gerson Claro.<\/span><\/p>\n<p><em><span style=\"font-weight: 400;\">Alexandre Gonzaga, Comunica\u00e7\u00e3o do Governo de MS<\/span><\/em><\/p>\n<p><em><span style=\"font-weight: 400;\">Fotos: Bruno Rezende<\/span><\/em><\/p>\n<\/div>\n","protected":false},"excerpt":{"rendered":"<p>O munic\u00edpio de Sonora, no norte do Estado, entra para a segunda fase do programa estadual MS Ativo Municipalismo com<\/p>\n","protected":false},"author":2,"featured_media":0,"comment_status":"","ping_status":"","sticky":false,"template":"","format":"standard","meta":{"colormag_page_container_layout":"default_layout","colormag_page_sidebar_layout":"default_layout","footnotes":""},"categories":[1],"tags":[],"class_list":["post-45561","post","type-post","status-publish","format-standard","hentry","category-ejornais"],"aioseo_notices":[],"amp_enabled":true,"_links":{"self":[{"href":"https:\/\/ejornais.com.br\/index.php\/wp-json\/wp\/v2\/posts\/45561","targetHints":{"allow":["GET"]}}],"collection":[{"href":"https:\/\/ejornais.com.br\/index.php\/wp-json\/wp\/v2\/posts"}],"about":[{"href":"https:\/\/ejornais.com.br\/index.php\/wp-json\/wp\/v2\/types\/post"}],"author":[{"embeddable":true,"href":"https:\/\/ejornais.com.br\/index.php\/wp-json\/wp\/v2\/users\/2"}],"replies":[{"embeddable":true,"href":"https:\/\/ejornais.com.br\/index.php\/wp-json\/wp\/v2\/comments?post=45561"}],"version-history":[{"count":0,"href":"https:\/\/ejornais.com.br\/index.php\/wp-json\/wp\/v2\/posts\/45561\/revisions"}],"wp:attachment":[{"href":"https:\/\/ejornais.com.br\/index.php\/wp-json\/wp\/v2\/media?parent=45561"}],"wp:term":[{"taxonomy":"category","embeddable":true,"href":"https:\/\/ejornais.com.br\/index.php\/wp-json\/wp\/v2\/categories?post=45561"},{"taxonomy":"post_tag","embeddable":true,"href":"https:\/\/ejornais.com.br\/index.php\/wp-json\/wp\/v2\/tags?post=45561"}],"curies":[{"name":"wp","href":"https:\/\/api.w.org\/{rel}","templated":true}]}}