{"id":45727,"date":"2025-05-29T07:50:46","date_gmt":"2025-05-29T10:50:46","guid":{"rendered":"https:\/\/ejornais.com.br\/index.php\/2025\/05\/29\/autorizacao-da-dispensa-n-14-2025-aquisicao-de-tubos-de-concreto-atendendo-a-demanda-da-secretaria-de-infraestrutura\/"},"modified":"2025-05-29T07:50:46","modified_gmt":"2025-05-29T10:50:46","slug":"autorizacao-da-dispensa-n-14-2025-aquisicao-de-tubos-de-concreto-atendendo-a-demanda-da-secretaria-de-infraestrutura","status":"publish","type":"post","link":"https:\/\/ejornais.com.br\/index.php\/2025\/05\/29\/autorizacao-da-dispensa-n-14-2025-aquisicao-de-tubos-de-concreto-atendendo-a-demanda-da-secretaria-de-infraestrutura\/","title":{"rendered":"AUTORIZA\u00c7\u00c3O DA DISPENSA N. 14\/2025 &#8211; Aquisi\u00e7\u00e3o de Tubos de Concreto atendendo a demanda da Secretaria de Infraestrutura."},"content":{"rendered":"<p> Por MRNews<br \/>\n<\/p>\n<div wp_automatic_readability=\"27.405023547881\">\n<p>Autorizo a Dispensa de Licita\u00e7\u00e3o, fundamentada no art. 75, II da Lei Federal n\u00ba 14.133\/2021, conforme solicita\u00e7\u00e3o, justificativa e parecer jur\u00eddico constante no processo abaixo, tendo como objeto aquisi\u00e7\u00e3o de Tubos de Concreto atendendo a demanda da Secretaria de Infraestrutura.<\/p>\n<p><strong>AUTORIZO<\/strong> a Dispensa em cumprimento \u00e0s determina\u00e7\u00f5es contidas no art. 72, VIII da Lei retro mencionada.<\/p>\n<div class=\"code-block code-block-13\" style=\"margin: 8px auto; text-align: center; display: block; clear: both;\">\n<amp-ad width=\"100vw\" height=\"320\" type=\"adsense\" data-ad-client=\"ca-pub-9463444472301664\" data-ad-slot=\"2740239170\" data-auto-format=\"rspv\" data-full-width=\"\"><\/p>\n<p><\/amp-ad>\n<\/div>\n<div class=\"code-block code-block-7\" style=\"margin: 8px 0; clear: both;\">\n<a href=\"https:\/\/whatsapp.com\/channel\/0029VaD0FyxJ3jusWxujWr22\"> SIGA-NOS NO WHATSAPP COM MAIS NOTICIAS <\/a><\/p>\n<p><!-- Composite Start\n\n\n<div id=\"M377024ScriptRootC1105590\">\n<\/div>\n\n\n\n<!-- Composite End --> &#8211;&gt;<\/p>\n<\/div>\n<p>C\u00f3digo Registro Informa\u00e7\u00e3o: <strong>83B7D2216F7DE702F119A601A3004AB9CF717A1D<br \/><\/strong><\/p>\n<div class=\"code-block code-block-10\" style=\"margin: 8px auto; text-align: center; display: block; clear: both;\">\n<amp-embed width=\"600\" height=\"600\" layout=\"responsive\" type=\"mgid\" data-publisher=\"mrnews.com.br\" data-widget=\"1105590\" data-container=\"M377024ScriptRootC1105590\" data-block-on-consent=\"_till_responded\"> <\/amp-embed><br \/>\n<amp-ad width=\"100vw\" height=\"320\" type=\"adsense\" data-ad-client=\"ca-pub-9463444472301664\" data-ad-slot=\"2740239170\" data-auto-format=\"rspv\" data-full-width=\"\"><\/p>\n<p><\/amp-ad><\/p>\n<\/div>\n<div class=\"code-block code-block-6\" style=\"margin: 8px 0; clear: both;\">\n<!-- Composite Start --><\/p>\n<p><!-- Composite End -->\n<\/div>\n<p><strong><a href=\"https:\/\/mrnews.com.br\/index.php\/2025\/05\/28\/prefeitura-de-campo-grande-realiza-mutirao-inedito-para-cirurgias-de-polidactilia-em-parceria-com-a-fiocruz-cgnoticias\/\">Prefeitura de Campo Grande realiza mutir\u00e3o in\u00e9dito para cirurgias de polidactilia em parceria com a Fiocruz \u2013 CGNot\u00edcias<\/a><\/strong><\/p>\n<p><strong><a href=\"https:\/\/mrnews.com.br\/index.php\/2025\/05\/21\/na-luta-contra-o-fogo-toda-vida-importa-e-bombeiros-aprimoram-tecnicas-para-resgate-de-animais-silvestres\/\">Na luta contra o fogo toda vida importa e Bombeiros aprimoram t\u00e9cnicas para resgate de animais silvestres<\/a><\/strong><\/p>\n<div class=\"code-block code-block-14\" style=\"margin: 8px auto; text-align: center; display: block; clear: both;\">\n<amp-ad layout=\"fixed\" width=\"336\" height=\"280\" type=\"adsense\" data-ad-client=\"ca-pub-9463444472301664\" data-ad-slot=\"3283796203\"><br \/>\n<\/amp-ad>\n<\/div>\n<p><strong>DISPENSA DE LICITA\u00c7\u00c3O N\u00ba 14\/2025.<\/strong><\/p>\n<p><strong>PROCESSO ADMINISTRATIVO N\u00ba 68\/2025.<\/strong><\/p>\n<p><strong>FAVORECIDO<\/strong>: TUBON FABRICAS DE TUBO LTDA<\/p>\n<p>CNPJ n\u00ba 01.569.920\/0001-98<\/p>\n<p><strong><a href=\"https:\/\/mrnews.com.br\/index.php\/2025\/05\/18\/prefeitura-de-bonito-convoca-moradores-para-definir-melhorias-no-bairro-solar-dos-lagos-prefeitura-municipal-de-bonito\/\">Prefeitura de Bonito convoca moradores para definir melhorias no bairro Solar dos Lagos \u2013 Prefeitura Municipal de Bonito<\/a><\/strong><\/p>\n<p><strong><a href=\"https:\/\/mrnews.com.br\/index.php\/2025\/05\/16\/investimento-da-prefeitura-leva-desenvolvimento-e-melhoria-da-qualidade-de-vida-aos-moradores-do-ramez-tebet-cgnoticias\/\">Investimento da Prefeitura leva desenvolvimento e melhoria da qualidade de vida aos moradores do Ramez Tebet \u2013 CGNot\u00edcias<\/a><\/strong><\/p>\n<p><strong>VALOR:<\/strong> R$ 60.140,00 (sessenta mil cento e quarenta reais)<\/p>\n<p><strong>PRAZO:<\/strong> 12 meses.<\/p>\n<p>Bonito\/MS, 28 de maio de 2025.<\/p>\n<p><strong>Josmail Rodrigues,<\/strong><\/p>\n<p>Prefeito Municipal.<\/p>\n<\/div>\n","protected":false},"excerpt":{"rendered":"<p>Por MRNews Autorizo a Dispensa de Licita\u00e7\u00e3o, fundamentada no art. 75, II da Lei Federal n\u00ba 14.133\/2021, conforme solicita\u00e7\u00e3o, justificativa<\/p>\n","protected":false},"author":2,"featured_media":0,"comment_status":"","ping_status":"","sticky":false,"template":"","format":"standard","meta":{"colormag_page_container_layout":"default_layout","colormag_page_sidebar_layout":"default_layout","footnotes":""},"categories":[1],"tags":[],"class_list":["post-45727","post","type-post","status-publish","format-standard","hentry","category-ejornais"],"aioseo_notices":[],"amp_enabled":true,"_links":{"self":[{"href":"https:\/\/ejornais.com.br\/index.php\/wp-json\/wp\/v2\/posts\/45727","targetHints":{"allow":["GET"]}}],"collection":[{"href":"https:\/\/ejornais.com.br\/index.php\/wp-json\/wp\/v2\/posts"}],"about":[{"href":"https:\/\/ejornais.com.br\/index.php\/wp-json\/wp\/v2\/types\/post"}],"author":[{"embeddable":true,"href":"https:\/\/ejornais.com.br\/index.php\/wp-json\/wp\/v2\/users\/2"}],"replies":[{"embeddable":true,"href":"https:\/\/ejornais.com.br\/index.php\/wp-json\/wp\/v2\/comments?post=45727"}],"version-history":[{"count":0,"href":"https:\/\/ejornais.com.br\/index.php\/wp-json\/wp\/v2\/posts\/45727\/revisions"}],"wp:attachment":[{"href":"https:\/\/ejornais.com.br\/index.php\/wp-json\/wp\/v2\/media?parent=45727"}],"wp:term":[{"taxonomy":"category","embeddable":true,"href":"https:\/\/ejornais.com.br\/index.php\/wp-json\/wp\/v2\/categories?post=45727"},{"taxonomy":"post_tag","embeddable":true,"href":"https:\/\/ejornais.com.br\/index.php\/wp-json\/wp\/v2\/tags?post=45727"}],"curies":[{"name":"wp","href":"https:\/\/api.w.org\/{rel}","templated":true}]}}