{"id":45792,"date":"2025-05-30T05:36:42","date_gmt":"2025-05-30T08:36:42","guid":{"rendered":"https:\/\/ejornais.com.br\/index.php\/2025\/05\/30\/funjope-divulga-resultado-de-edital-para-participacao-de-quadrilhas-juninas-no-sao-joao-multicultural\/"},"modified":"2025-05-30T05:36:42","modified_gmt":"2025-05-30T08:36:42","slug":"funjope-divulga-resultado-de-edital-para-participacao-de-quadrilhas-juninas-no-sao-joao-multicultural","status":"publish","type":"post","link":"https:\/\/ejornais.com.br\/index.php\/2025\/05\/30\/funjope-divulga-resultado-de-edital-para-participacao-de-quadrilhas-juninas-no-sao-joao-multicultural\/","title":{"rendered":"Funjope divulga resultado de edital para participa\u00e7\u00e3o de quadrilhas juninas no S\u00e3o Jo\u00e3o Multicultural"},"content":{"rendered":"<p><\/p>\n<div>\n<p>A Funda\u00e7\u00e3o Cultural de Jo\u00e3o Pessoa (Funjope) divulgou, nesta quinta-feira (29), o resultado do edital que seleciona projetos de cultura popular vinculados \u00e0 participa\u00e7\u00e3o de quadrilhas juninas no S\u00e3o Jo\u00e3o Multicultural da Capital. A lista dos selecionados pode ser acessada no link 1 e link 2. O valor disponibilizado, com incentivo do Fundo Municipal de Cultura (FMC), \u00e9 de R$ 650 mil e os projetos contemplados devem ser executados entre 2 de junho e 31 de julho de 2025.<\/p>\n<figure class=\"wp-block-gallery has-nested-images columns-default is-cropped wp-block-gallery-1 is-layout-flex wp-block-gallery-is-layout-flex\">\n<figure class=\"wp-block-image size-large\"><\/figure>\n<\/figure>\n<p>\u201c\u00c9 um momento muito especial que a nossa cultura vive, agora nos \u00faltimos preparativos para os nossos festivais de quadrilhas juninas. Realizamos, h\u00e1 quatro anos, dois bel\u00edssimos festivais, um municipal e o estadual, no Busto de Tamandar\u00e9, e sempre tratamos as juninas dentro do princ\u00edpio da responsabilidade e do cuidado que s\u00e3o caracter\u00edsticas do governo C\u00edcero Lucena\u201d, inicia o diretor executivo da Funjope, Marcus Alves.<\/p>\n<p>Ele ressalta que a gest\u00e3o tem trabalhado para o fortalecimento do movimento das quadrilhas juninas em Jo\u00e3o Pessoa. \u201cE isso \u00e9 algo real, porque os quadrilheiros nos relatam que as juninas est\u00e3o passando por um processo de recria\u00e7\u00e3o e de renascimento. E n\u00f3s fazemos os festivais para divers\u00e3o do morador de Jo\u00e3o Pessoa, do turista que nos visita, mas, sobretudo, isso representa um trabalho de resgate das nossas mem\u00f3rias, das nossas tradi\u00e7\u00f5es e da nossa identidade cultural\u201d, acrescenta.<\/p>\n<p>Este edital integra a pol\u00edtica p\u00fablica que visa fortalecer o movimento das juninas em Jo\u00e3o Pessoa. Durante o m\u00eas de junho, s\u00e3o realizados dois festivais envolvendo esses grupos, um municipal, com as juninas de Jo\u00e3o Pessoa, e outro estadual, que abrange os grupos de toda a Para\u00edba.<\/p>\n<figure class=\"wp-block-gallery has-nested-images columns-default is-cropped wp-block-gallery-2 is-layout-flex wp-block-gallery-is-layout-flex\">\n<figure class=\"wp-block-image size-large\"><\/figure>\n<\/figure>\n<p><strong>Premia\u00e7\u00e3o \u2013 <\/strong>Neste edital, s\u00e3o premiadas dez quadrilhas juninas do Grupo A, com valor da premia\u00e7\u00e3o de R$ 35 mil para cada uma. J\u00e1 entre as juninas que integram o Grupo B, ser\u00e3o 12 selecionadas com o valor de R$ 25 mil para cada selecionada.<\/p>\n<\/p><\/div>\n","protected":false},"excerpt":{"rendered":"<p>A Funda\u00e7\u00e3o Cultural de Jo\u00e3o Pessoa (Funjope) divulgou, nesta quinta-feira (29), o resultado do edital que seleciona projetos de cultura<\/p>\n","protected":false},"author":2,"featured_media":0,"comment_status":"","ping_status":"","sticky":false,"template":"","format":"standard","meta":{"colormag_page_container_layout":"default_layout","colormag_page_sidebar_layout":"default_layout","footnotes":""},"categories":[1],"tags":[],"class_list":["post-45792","post","type-post","status-publish","format-standard","hentry","category-ejornais"],"aioseo_notices":[],"aioseo_head":"\n\t\t<!-- All in One SEO 5.0.1.1 - aioseo.com -->\n\t<meta name=\"description\" content=\"A Funda\u00e7\u00e3o Cultural de Jo\u00e3o Pessoa (Funjope) divulgou, nesta quinta-feira (29), o resultado do edital que seleciona projetos de cultura popular vinculados \u00e0 participa\u00e7\u00e3o de quadrilhas juninas no S\u00e3o Jo\u00e3o Multicultural da Capital. A lista dos selecionados pode ser acessada no link 1 e link 2. O valor disponibilizado, com incentivo do Fundo Municipal de\" \/>\n\t<meta name=\"robots\" content=\"max-image-preview:large\" \/>\n\t<meta name=\"author\" content=\"admin1\"\/>\n\t<link rel=\"canonical\" href=\"https:\/\/ejornais.com.br\/index.php\/2025\/05\/30\/funjope-divulga-resultado-de-edital-para-participacao-de-quadrilhas-juninas-no-sao-joao-multicultural\/\" \/>\n\t<meta name=\"generator\" content=\"All in One SEO (AIOSEO) 5.0.1.1\" \/>\n\t\t<meta property=\"og:locale\" content=\"pt_BR\" \/>\n\t\t<meta property=\"og:site_name\" content=\"eJornais - Cat\u00e1logo de Jornais no mundo, Not\u00edcias, Blog e Esportes ao vivo\" \/>\n\t\t<meta property=\"og:type\" content=\"article\" \/>\n\t\t<meta property=\"og:title\" content=\"Funjope divulga resultado de edital para participa\u00e7\u00e3o de quadrilhas juninas no S\u00e3o Jo\u00e3o Multicultural - eJornais\" \/>\n\t\t<meta property=\"og:description\" content=\"A Funda\u00e7\u00e3o Cultural de Jo\u00e3o Pessoa (Funjope) divulgou, nesta quinta-feira (29), o resultado do edital que seleciona projetos de cultura popular vinculados \u00e0 participa\u00e7\u00e3o de quadrilhas juninas no S\u00e3o Jo\u00e3o Multicultural da Capital. A lista dos selecionados pode ser acessada no link 1 e link 2. O valor disponibilizado, com incentivo do Fundo Municipal de\" \/>\n\t\t<meta property=\"og:url\" content=\"https:\/\/ejornais.com.br\/index.php\/2025\/05\/30\/funjope-divulga-resultado-de-edital-para-participacao-de-quadrilhas-juninas-no-sao-joao-multicultural\/\" \/>\n\t\t<meta property=\"article:published_time\" content=\"2025-05-30T08:36:42+00:00\" \/>\n\t\t<meta property=\"article:modified_time\" content=\"2025-05-30T08:36:42+00:00\" \/>\n\t\t<meta name=\"twitter:card\" content=\"summary_large_image\" \/>\n\t\t<meta name=\"twitter:title\" content=\"Funjope divulga resultado de edital para participa\u00e7\u00e3o de quadrilhas juninas no S\u00e3o Jo\u00e3o Multicultural - eJornais\" \/>\n\t\t<meta name=\"twitter:description\" content=\"A Funda\u00e7\u00e3o Cultural de Jo\u00e3o Pessoa (Funjope) divulgou, nesta quinta-feira (29), o resultado do edital que seleciona projetos de cultura popular vinculados \u00e0 participa\u00e7\u00e3o de quadrilhas juninas no S\u00e3o Jo\u00e3o Multicultural da Capital. A lista dos selecionados pode ser acessada no link 1 e link 2. O valor disponibilizado, com incentivo do Fundo Municipal de\" \/>\n\t\t<script type=\"application\/ld+json\" class=\"aioseo-schema\">\n\t\t\t{\"@context\":\"https:\\\/\\\/schema.org\",\"@graph\":[{\"@type\":\"BlogPosting\",\"@id\":\"https:\\\/\\\/ejornais.com.br\\\/index.php\\\/2025\\\/05\\\/30\\\/funjope-divulga-resultado-de-edital-para-participacao-de-quadrilhas-juninas-no-sao-joao-multicultural\\\/#blogposting\",\"name\":\"Funjope divulga resultado de edital para participa\\u00e7\\u00e3o de quadrilhas juninas no S\\u00e3o Jo\\u00e3o Multicultural - eJornais\",\"headline\":\"Funjope divulga resultado de edital para participa\\u00e7\\u00e3o de quadrilhas juninas no S\\u00e3o Jo\\u00e3o Multicultural\",\"author\":{\"@id\":\"https:\\\/\\\/ejornais.com.br\\\/index.php\\\/author\\\/admin1\\\/#author\"},\"publisher\":{\"@id\":\"https:\\\/\\\/ejornais.com.br\\\/#organization\"},\"datePublished\":\"2025-05-30T05:36:42-03:00\",\"dateModified\":\"2025-05-30T05:36:42-03:00\",\"inLanguage\":\"pt-BR\",\"mainEntityOfPage\":{\"@id\":\"https:\\\/\\\/ejornais.com.br\\\/index.php\\\/2025\\\/05\\\/30\\\/funjope-divulga-resultado-de-edital-para-participacao-de-quadrilhas-juninas-no-sao-joao-multicultural\\\/#webpage\"},\"isPartOf\":{\"@id\":\"https:\\\/\\\/ejornais.com.br\\\/index.php\\\/2025\\\/05\\\/30\\\/funjope-divulga-resultado-de-edital-para-participacao-de-quadrilhas-juninas-no-sao-joao-multicultural\\\/#webpage\"},\"articleSection\":\"Cat\\u00e1logo de Jornais\"},{\"@type\":\"BreadcrumbList\",\"@id\":\"https:\\\/\\\/ejornais.com.br\\\/index.php\\\/2025\\\/05\\\/30\\\/funjope-divulga-resultado-de-edital-para-participacao-de-quadrilhas-juninas-no-sao-joao-multicultural\\\/#breadcrumblist\",\"itemListElement\":[{\"@type\":\"ListItem\",\"@id\":\"https:\\\/\\\/ejornais.com.br#listItem\",\"position\":1,\"name\":\"In\\u00edcio\",\"item\":\"https:\\\/\\\/ejornais.com.br\",\"nextItem\":{\"@type\":\"ListItem\",\"@id\":\"https:\\\/\\\/ejornais.com.br\\\/index.php\\\/category\\\/ejornais\\\/#listItem\",\"name\":\"Cat\\u00e1logo de Jornais\"}},{\"@type\":\"ListItem\",\"@id\":\"https:\\\/\\\/ejornais.com.br\\\/index.php\\\/category\\\/ejornais\\\/#listItem\",\"position\":2,\"name\":\"Cat\\u00e1logo de Jornais\",\"item\":\"https:\\\/\\\/ejornais.com.br\\\/index.php\\\/category\\\/ejornais\\\/\",\"nextItem\":{\"@type\":\"ListItem\",\"@id\":\"https:\\\/\\\/ejornais.com.br\\\/index.php\\\/2025\\\/05\\\/30\\\/funjope-divulga-resultado-de-edital-para-participacao-de-quadrilhas-juninas-no-sao-joao-multicultural\\\/#listItem\",\"name\":\"Funjope divulga resultado de edital para participa\\u00e7\\u00e3o de quadrilhas juninas no S\\u00e3o Jo\\u00e3o Multicultural\"},\"previousItem\":{\"@type\":\"ListItem\",\"@id\":\"https:\\\/\\\/ejornais.com.br#listItem\",\"name\":\"In\\u00edcio\"}},{\"@type\":\"ListItem\",\"@id\":\"https:\\\/\\\/ejornais.com.br\\\/index.php\\\/2025\\\/05\\\/30\\\/funjope-divulga-resultado-de-edital-para-participacao-de-quadrilhas-juninas-no-sao-joao-multicultural\\\/#listItem\",\"position\":3,\"name\":\"Funjope divulga resultado de edital para participa\\u00e7\\u00e3o de quadrilhas juninas no S\\u00e3o Jo\\u00e3o Multicultural\",\"previousItem\":{\"@type\":\"ListItem\",\"@id\":\"https:\\\/\\\/ejornais.com.br\\\/index.php\\\/category\\\/ejornais\\\/#listItem\",\"name\":\"Cat\\u00e1logo de Jornais\"}}]},{\"@type\":\"Organization\",\"@id\":\"https:\\\/\\\/ejornais.com.br\\\/#organization\",\"name\":\"eJornais\",\"description\":\"Cat\\u00e1logo de Jornais no mundo, Not\\u00edcias, Blog e Esportes ao vivo\",\"url\":\"https:\\\/\\\/ejornais.com.br\\\/\"},{\"@type\":\"Person\",\"@id\":\"https:\\\/\\\/ejornais.com.br\\\/index.php\\\/author\\\/admin1\\\/#author\",\"url\":\"https:\\\/\\\/ejornais.com.br\\\/index.php\\\/author\\\/admin1\\\/\",\"name\":\"admin1\",\"image\":{\"@type\":\"ImageObject\",\"@id\":\"https:\\\/\\\/ejornais.com.br\\\/index.php\\\/2025\\\/05\\\/30\\\/funjope-divulga-resultado-de-edital-para-participacao-de-quadrilhas-juninas-no-sao-joao-multicultural\\\/#authorImage\",\"url\":\"https:\\\/\\\/secure.gravatar.com\\\/avatar\\\/04084e6d73c042b8646e7c17b494073bf0ede3ea13c7105cfc45cbbbc28385a4?s=96&d=mm&r=g\",\"width\":96,\"height\":96,\"caption\":\"admin1\"}},{\"@type\":\"WebPage\",\"@id\":\"https:\\\/\\\/ejornais.com.br\\\/index.php\\\/2025\\\/05\\\/30\\\/funjope-divulga-resultado-de-edital-para-participacao-de-quadrilhas-juninas-no-sao-joao-multicultural\\\/#webpage\",\"url\":\"https:\\\/\\\/ejornais.com.br\\\/index.php\\\/2025\\\/05\\\/30\\\/funjope-divulga-resultado-de-edital-para-participacao-de-quadrilhas-juninas-no-sao-joao-multicultural\\\/\",\"name\":\"Funjope divulga resultado de edital para participa\\u00e7\\u00e3o de quadrilhas juninas no S\\u00e3o Jo\\u00e3o Multicultural - eJornais\",\"description\":\"A Funda\\u00e7\\u00e3o Cultural de Jo\\u00e3o Pessoa (Funjope) divulgou, nesta quinta-feira (29), o resultado do edital que seleciona projetos de cultura popular vinculados \\u00e0 participa\\u00e7\\u00e3o de quadrilhas juninas no S\\u00e3o Jo\\u00e3o Multicultural da Capital. A lista dos selecionados pode ser acessada no link 1 e link 2. O valor disponibilizado, com incentivo do Fundo Municipal de\",\"inLanguage\":\"pt-BR\",\"isPartOf\":{\"@id\":\"https:\\\/\\\/ejornais.com.br\\\/#website\"},\"breadcrumb\":{\"@id\":\"https:\\\/\\\/ejornais.com.br\\\/index.php\\\/2025\\\/05\\\/30\\\/funjope-divulga-resultado-de-edital-para-participacao-de-quadrilhas-juninas-no-sao-joao-multicultural\\\/#breadcrumblist\"},\"author\":{\"@id\":\"https:\\\/\\\/ejornais.com.br\\\/index.php\\\/author\\\/admin1\\\/#author\"},\"creator\":{\"@id\":\"https:\\\/\\\/ejornais.com.br\\\/index.php\\\/author\\\/admin1\\\/#author\"},\"datePublished\":\"2025-05-30T05:36:42-03:00\",\"dateModified\":\"2025-05-30T05:36:42-03:00\"},{\"@type\":\"WebSite\",\"@id\":\"https:\\\/\\\/ejornais.com.br\\\/#website\",\"url\":\"https:\\\/\\\/ejornais.com.br\\\/\",\"name\":\"eJornais\",\"description\":\"Cat\\u00e1logo de Jornais no mundo, Not\\u00edcias, Blog e Esportes ao vivo\",\"inLanguage\":\"pt-BR\",\"publisher\":{\"@id\":\"https:\\\/\\\/ejornais.com.br\\\/#organization\"}}]}\n\t\t<\/script>\n\t\t<!-- All in One SEO -->\n\n","aioseo_head_json":{"title":"Funjope divulga resultado de edital para participa\u00e7\u00e3o de quadrilhas juninas no S\u00e3o Jo\u00e3o Multicultural - eJornais","description":"A Funda\u00e7\u00e3o Cultural de Jo\u00e3o Pessoa (Funjope) divulgou, nesta quinta-feira (29), o resultado do edital que seleciona projetos de cultura popular vinculados \u00e0 participa\u00e7\u00e3o de quadrilhas juninas no S\u00e3o Jo\u00e3o Multicultural da Capital. A lista dos selecionados pode ser acessada no link 1 e link 2. O valor disponibilizado, com incentivo do Fundo Municipal de","canonical_url":"https:\/\/ejornais.com.br\/index.php\/2025\/05\/30\/funjope-divulga-resultado-de-edital-para-participacao-de-quadrilhas-juninas-no-sao-joao-multicultural\/","robots":"max-image-preview:large","keywords":"","webmasterTools":{"miscellaneous":""},"schema":{"@context":"https:\/\/schema.org","@graph":[{"@type":"BlogPosting","@id":"https:\/\/ejornais.com.br\/index.php\/2025\/05\/30\/funjope-divulga-resultado-de-edital-para-participacao-de-quadrilhas-juninas-no-sao-joao-multicultural\/#blogposting","name":"Funjope divulga resultado de edital para participa\u00e7\u00e3o de quadrilhas juninas no S\u00e3o Jo\u00e3o Multicultural - eJornais","headline":"Funjope divulga resultado de edital para participa\u00e7\u00e3o de quadrilhas juninas no S\u00e3o Jo\u00e3o Multicultural","author":{"@id":"https:\/\/ejornais.com.br\/index.php\/author\/admin1\/#author"},"publisher":{"@id":"https:\/\/ejornais.com.br\/#organization"},"datePublished":"2025-05-30T05:36:42-03:00","dateModified":"2025-05-30T05:36:42-03:00","inLanguage":"pt-BR","mainEntityOfPage":{"@id":"https:\/\/ejornais.com.br\/index.php\/2025\/05\/30\/funjope-divulga-resultado-de-edital-para-participacao-de-quadrilhas-juninas-no-sao-joao-multicultural\/#webpage"},"isPartOf":{"@id":"https:\/\/ejornais.com.br\/index.php\/2025\/05\/30\/funjope-divulga-resultado-de-edital-para-participacao-de-quadrilhas-juninas-no-sao-joao-multicultural\/#webpage"},"articleSection":"Cat\u00e1logo de Jornais"},{"@type":"BreadcrumbList","@id":"https:\/\/ejornais.com.br\/index.php\/2025\/05\/30\/funjope-divulga-resultado-de-edital-para-participacao-de-quadrilhas-juninas-no-sao-joao-multicultural\/#breadcrumblist","itemListElement":[{"@type":"ListItem","@id":"https:\/\/ejornais.com.br#listItem","position":1,"name":"In\u00edcio","item":"https:\/\/ejornais.com.br","nextItem":{"@type":"ListItem","@id":"https:\/\/ejornais.com.br\/index.php\/category\/ejornais\/#listItem","name":"Cat\u00e1logo de Jornais"}},{"@type":"ListItem","@id":"https:\/\/ejornais.com.br\/index.php\/category\/ejornais\/#listItem","position":2,"name":"Cat\u00e1logo de Jornais","item":"https:\/\/ejornais.com.br\/index.php\/category\/ejornais\/","nextItem":{"@type":"ListItem","@id":"https:\/\/ejornais.com.br\/index.php\/2025\/05\/30\/funjope-divulga-resultado-de-edital-para-participacao-de-quadrilhas-juninas-no-sao-joao-multicultural\/#listItem","name":"Funjope divulga resultado de edital para participa\u00e7\u00e3o de quadrilhas juninas no S\u00e3o Jo\u00e3o Multicultural"},"previousItem":{"@type":"ListItem","@id":"https:\/\/ejornais.com.br#listItem","name":"In\u00edcio"}},{"@type":"ListItem","@id":"https:\/\/ejornais.com.br\/index.php\/2025\/05\/30\/funjope-divulga-resultado-de-edital-para-participacao-de-quadrilhas-juninas-no-sao-joao-multicultural\/#listItem","position":3,"name":"Funjope divulga resultado de edital para participa\u00e7\u00e3o de quadrilhas juninas no S\u00e3o Jo\u00e3o Multicultural","previousItem":{"@type":"ListItem","@id":"https:\/\/ejornais.com.br\/index.php\/category\/ejornais\/#listItem","name":"Cat\u00e1logo de Jornais"}}]},{"@type":"Organization","@id":"https:\/\/ejornais.com.br\/#organization","name":"eJornais","description":"Cat\u00e1logo de Jornais no mundo, Not\u00edcias, Blog e Esportes ao vivo","url":"https:\/\/ejornais.com.br\/"},{"@type":"Person","@id":"https:\/\/ejornais.com.br\/index.php\/author\/admin1\/#author","url":"https:\/\/ejornais.com.br\/index.php\/author\/admin1\/","name":"admin1","image":{"@type":"ImageObject","@id":"https:\/\/ejornais.com.br\/index.php\/2025\/05\/30\/funjope-divulga-resultado-de-edital-para-participacao-de-quadrilhas-juninas-no-sao-joao-multicultural\/#authorImage","url":"https:\/\/secure.gravatar.com\/avatar\/04084e6d73c042b8646e7c17b494073bf0ede3ea13c7105cfc45cbbbc28385a4?s=96&d=mm&r=g","width":96,"height":96,"caption":"admin1"}},{"@type":"WebPage","@id":"https:\/\/ejornais.com.br\/index.php\/2025\/05\/30\/funjope-divulga-resultado-de-edital-para-participacao-de-quadrilhas-juninas-no-sao-joao-multicultural\/#webpage","url":"https:\/\/ejornais.com.br\/index.php\/2025\/05\/30\/funjope-divulga-resultado-de-edital-para-participacao-de-quadrilhas-juninas-no-sao-joao-multicultural\/","name":"Funjope divulga resultado de edital para participa\u00e7\u00e3o de quadrilhas juninas no S\u00e3o Jo\u00e3o Multicultural - eJornais","description":"A Funda\u00e7\u00e3o Cultural de Jo\u00e3o Pessoa (Funjope) divulgou, nesta quinta-feira (29), o resultado do edital que seleciona projetos de cultura popular vinculados \u00e0 participa\u00e7\u00e3o de quadrilhas juninas no S\u00e3o Jo\u00e3o Multicultural da Capital. A lista dos selecionados pode ser acessada no link 1 e link 2. O valor disponibilizado, com incentivo do Fundo Municipal de","inLanguage":"pt-BR","isPartOf":{"@id":"https:\/\/ejornais.com.br\/#website"},"breadcrumb":{"@id":"https:\/\/ejornais.com.br\/index.php\/2025\/05\/30\/funjope-divulga-resultado-de-edital-para-participacao-de-quadrilhas-juninas-no-sao-joao-multicultural\/#breadcrumblist"},"author":{"@id":"https:\/\/ejornais.com.br\/index.php\/author\/admin1\/#author"},"creator":{"@id":"https:\/\/ejornais.com.br\/index.php\/author\/admin1\/#author"},"datePublished":"2025-05-30T05:36:42-03:00","dateModified":"2025-05-30T05:36:42-03:00"},{"@type":"WebSite","@id":"https:\/\/ejornais.com.br\/#website","url":"https:\/\/ejornais.com.br\/","name":"eJornais","description":"Cat\u00e1logo de Jornais no mundo, Not\u00edcias, Blog e Esportes ao vivo","inLanguage":"pt-BR","publisher":{"@id":"https:\/\/ejornais.com.br\/#organization"}}]},"og:locale":"pt_BR","og:site_name":"eJornais - Cat\u00e1logo de Jornais no mundo, Not\u00edcias, Blog e Esportes ao vivo","og:type":"article","og:title":"Funjope divulga resultado de edital para participa\u00e7\u00e3o de quadrilhas juninas no S\u00e3o Jo\u00e3o Multicultural - eJornais","og:description":"A Funda\u00e7\u00e3o Cultural de Jo\u00e3o Pessoa (Funjope) divulgou, nesta quinta-feira (29), o resultado do edital que seleciona projetos de cultura popular vinculados \u00e0 participa\u00e7\u00e3o de quadrilhas juninas no S\u00e3o Jo\u00e3o Multicultural da Capital. A lista dos selecionados pode ser acessada no link 1 e link 2. O valor disponibilizado, com incentivo do Fundo Municipal de","og:url":"https:\/\/ejornais.com.br\/index.php\/2025\/05\/30\/funjope-divulga-resultado-de-edital-para-participacao-de-quadrilhas-juninas-no-sao-joao-multicultural\/","article:published_time":"2025-05-30T08:36:42+00:00","article:modified_time":"2025-05-30T08:36:42+00:00","twitter:card":"summary_large_image","twitter:title":"Funjope divulga resultado de edital para participa\u00e7\u00e3o de quadrilhas juninas no S\u00e3o Jo\u00e3o Multicultural - eJornais","twitter:description":"A Funda\u00e7\u00e3o Cultural de Jo\u00e3o Pessoa (Funjope) divulgou, nesta quinta-feira (29), o resultado do edital que seleciona projetos de cultura popular vinculados \u00e0 participa\u00e7\u00e3o de quadrilhas juninas no S\u00e3o Jo\u00e3o Multicultural da Capital. A lista dos selecionados pode ser acessada no link 1 e link 2. O valor disponibilizado, com incentivo do Fundo Municipal de"},"aioseo_meta_data":{"post_id":"45792","title":null,"description":null,"keywords":null,"keyphrases":null,"primary_term":null,"canonical_url":null,"og_title":null,"og_description":null,"og_object_type":"default","og_image_type":"default","og_image_url":null,"og_image_width":null,"og_image_height":null,"og_image_custom_url":null,"og_image_custom_fields":null,"og_video":null,"og_custom_url":null,"og_article_section":null,"og_article_tags":null,"twitter_use_og":false,"twitter_card":"default","twitter_image_type":"default","twitter_image_url":null,"twitter_image_custom_url":null,"twitter_image_custom_fields":null,"twitter_title":null,"twitter_description":null,"schema":{"blockGraphs":[],"customGraphs":[],"default":{"data":{"Article":[],"Course":[],"Dataset":[],"FAQPage":[],"Movie":[],"Person":[],"Product":[],"ProductReview":[],"Car":[],"Recipe":[],"Service":[],"SoftwareApplication":[],"WebPage":[]},"graphName":"","isEnabled":true},"graphs":[]},"schema_type":"default","schema_type_options":null,"pillar_content":false,"robots_default":true,"robots_noindex":false,"robots_noarchive":false,"robots_nosnippet":false,"robots_nofollow":false,"robots_noimageindex":false,"robots_noodp":false,"robots_notranslate":false,"robots_max_snippet":null,"robots_max_videopreview":null,"robots_max_imagepreview":"large","priority":null,"frequency":null,"local_seo":null,"breadcrumb_settings":null,"limit_modified_date":false,"ai":null,"created":"2025-05-30 08:37:58","updated":"2025-06-06 20:57:42","seo_analyzer_scan_date":null,"focus_keyword":null,"additional_keywords":null,"truseo_locale":null},"aioseo_breadcrumb":"<div class=\"aioseo-breadcrumbs\"><span class=\"aioseo-breadcrumb\">\n\t\t\t<a href=\"https:\/\/ejornais.com.br\" title=\"In\u00edcio\">In\u00edcio<\/a>\n\t\t<\/span><span class=\"aioseo-breadcrumb-separator\">&raquo;<\/span><span class=\"aioseo-breadcrumb\">\n\t\t\t<a href=\"https:\/\/ejornais.com.br\/index.php\/category\/ejornais\/\" title=\"Cat\u00e1logo de Jornais\">Cat\u00e1logo de Jornais<\/a>\n\t\t<\/span><span class=\"aioseo-breadcrumb-separator\">&raquo;<\/span><span class=\"aioseo-breadcrumb\">\n\t\t\tFunjope divulga resultado de edital para participa\u00e7\u00e3o de quadrilhas juninas no S\u00e3o Jo\u00e3o Multicultural\n\t\t<\/span><\/div>","aioseo_breadcrumb_json":[{"label":"In\u00edcio","link":"https:\/\/ejornais.com.br"},{"label":"Cat\u00e1logo de Jornais","link":"https:\/\/ejornais.com.br\/index.php\/category\/ejornais\/"},{"label":"Funjope divulga resultado de edital para participa\u00e7\u00e3o de quadrilhas juninas no S\u00e3o Jo\u00e3o Multicultural","link":"https:\/\/ejornais.com.br\/index.php\/2025\/05\/30\/funjope-divulga-resultado-de-edital-para-participacao-de-quadrilhas-juninas-no-sao-joao-multicultural\/"}],"amp_enabled":true,"_links":{"self":[{"href":"https:\/\/ejornais.com.br\/index.php\/wp-json\/wp\/v2\/posts\/45792","targetHints":{"allow":["GET"]}}],"collection":[{"href":"https:\/\/ejornais.com.br\/index.php\/wp-json\/wp\/v2\/posts"}],"about":[{"href":"https:\/\/ejornais.com.br\/index.php\/wp-json\/wp\/v2\/types\/post"}],"author":[{"embeddable":true,"href":"https:\/\/ejornais.com.br\/index.php\/wp-json\/wp\/v2\/users\/2"}],"replies":[{"embeddable":true,"href":"https:\/\/ejornais.com.br\/index.php\/wp-json\/wp\/v2\/comments?post=45792"}],"version-history":[{"count":0,"href":"https:\/\/ejornais.com.br\/index.php\/wp-json\/wp\/v2\/posts\/45792\/revisions"}],"wp:attachment":[{"href":"https:\/\/ejornais.com.br\/index.php\/wp-json\/wp\/v2\/media?parent=45792"}],"wp:term":[{"taxonomy":"category","embeddable":true,"href":"https:\/\/ejornais.com.br\/index.php\/wp-json\/wp\/v2\/categories?post=45792"},{"taxonomy":"post_tag","embeddable":true,"href":"https:\/\/ejornais.com.br\/index.php\/wp-json\/wp\/v2\/tags?post=45792"}],"curies":[{"name":"wp","href":"https:\/\/api.w.org\/{rel}","templated":true}]}}