{"id":45877,"date":"2025-05-31T08:53:48","date_gmt":"2025-05-31T11:53:48","guid":{"rendered":"https:\/\/ejornais.com.br\/index.php\/2025\/05\/31\/escolas-da-rede-municipal-de-ensino-recebem-o-projeto-orquestra-de-sucata-agencia-de-noticias-2\/"},"modified":"2025-05-31T08:53:48","modified_gmt":"2025-05-31T11:53:48","slug":"escolas-da-rede-municipal-de-ensino-recebem-o-projeto-orquestra-de-sucata-agencia-de-noticias-2","status":"publish","type":"post","link":"https:\/\/ejornais.com.br\/index.php\/2025\/05\/31\/escolas-da-rede-municipal-de-ensino-recebem-o-projeto-orquestra-de-sucata-agencia-de-noticias-2\/","title":{"rendered":"Escolas da rede municipal de ensino recebem o Projeto Orquestra de Sucata \u2013 Ag\u00eancia de Not\u00edcias"},"content":{"rendered":"<p><\/p>\n<div wp_automatic_readability=\"133\">\n<p align=\"justify\">\n<p align=\"justify\"><em>Fotos: Isabely Sete e Gustavo Goes (programa de est\u00e1gio)<\/em><\/p>\n<p align=\"justify\"><span style=\"font-size: medium;\"><span style=\"color: #000000;\"><span style=\"font-family: Arial, sans-serif;\">Durante toda a semana, no per\u00edodo de 26 a 30 de maio, o Projeto Orquestra de Sucata foi apresentado para alunos de cinco escolas da rede municipal de ensino, em um total de apresenta\u00e7\u00f5es, que levaram entretenimento, cultura e o foco em sustentabilidade para cerca de 4 mil estudantes. O projeto, que \u00e9 patrocinado pela empresa Toyota, \u00e9 uma realiza\u00e7\u00e3o do Minist\u00e9rio da Cultura, por meio da Lei de Incentivo \u00e0 Cultura, uma iniciativa que contou com o apoio da Prefeitura de Sorocaba, por meio da Secretaria da Educa\u00e7\u00e3o (Sedu), nas apresenta\u00e7\u00f5es da Orquestra realizadas no munic\u00edpio. <\/span><\/span><\/span><\/p>\n<p align=\"justify\"><span style=\"font-size: medium;\"><span style=\"color: #000000;\"><span style=\"font-family: Arial, sans-serif;\">Anima\u00e7\u00e3o e muita criatividade foram a t\u00f4nica desses espet\u00e1culos. No palco, os m\u00fasicos extra\u00edram sons perfeitamente mel\u00f3dicos de instrumentos tais como o \u201cvidrofone\u201d, feito a base de garrafas de vidro reutilizadas, cuja afina\u00e7\u00e3o correspondia \u00e0 quantidade de \u00e1gua utilizada em cada uma; a \u201cescapatarra\u201d, uma mistura de guitarra com escapamento de autom\u00f3vel; e um chocalho feito com tampinhas de garrafas PET e suporte de ferro de passar roupas, entre outras solu\u00e7\u00f5es criativas que utilizam materiais reclic\u00e1veis em instrumentos musicais.<\/span><\/span><\/span><\/p>\n<p align=\"justify\"><span style=\"font-size: medium;\"><span style=\"color: #000000;\"><span style=\"font-family: Arial, sans-serif;\">Assim, al\u00e9m de divertir os estudantes com os n\u00fameros musicais, o objetivo foi informar sobre sustentabilidade, por meio da m\u00fasica, mas tamb\u00e9m promovendo reflex\u00f5es sobre a preserva\u00e7\u00e3o do meio ambiente e ressaltando a import\u00e2ncia da reciclagem para a sociedade.<\/span><\/span><\/span><\/p>\n<p align=\"justify\"><span style=\"font-size: medium;\"><span style=\"color: #000000;\"><span style=\"font-family: Arial, sans-serif;\">As unidades escolares contempladas foram: E.M. \u201cMilton Leite Oliveira\u201d, em Brigadeiro Tobias; E.M. \u201cProf. Milton Santos\u201d, no Ipatinga; E.M. \u201cNorma Justa Dall\u2019 Ara\u201d, no Jd. S\u00e3o Carvalho; E.M. \u201cProf. Ary de Oliveira Seabra\u201d, no Cajuru do Sul; e E.M. \u201cProf.\u00aa Julica Bierrenbach\u201d, no Jd. Cruzeiro do Sul.<\/span><\/span><\/span><\/p>\n<p align=\"justify\"><span style=\"font-size: medium;\"><span style=\"color: #000000;\"><span style=\"font-family: Arial, sans-serif;\">O prefeito Rodrigo Manga tamb\u00e9m prestigiou uma das apresenta\u00e7\u00f5es, nesta quinta-feira (29), na E.M. \u201cProf. Ary de Oliveira Seabra\u201d, ao lado dos secret\u00e1rios da Educa\u00e7\u00e3o, Clayton Lustosa; da Cultura, Luiz Antonio Zamuner; e da Comunica\u00e7\u00e3o, Lucas Pedroso; e de representantes da Toyota, empresa patrocinadora do projeto.<\/span><\/span><\/span><\/p>\n<p align=\"justify\"><span style=\"color: #000000;\">\u201c<span style=\"font-size: medium;\"><span style=\"font-family: Arial, sans-serif;\">As crian\u00e7as est\u00e3o aqui aprendendo e se divertindo ao mesmo tempo. Este \u00e9 um projeto social, em parceria com a iniciativa privada, no qual as crian\u00e7as aprendem a import\u00e2ncia de cuidar do futuro do nosso planeta\u201d, destacou o prefeito Rodrigo Manga.<\/span><\/span><\/span><\/p>\n<p align=\"justify\"><span style=\"color: #000000;\">\u201c<span style=\"font-size: medium;\"><span style=\"font-family: Arial, sans-serif;\">Os alunos tamb\u00e9m est\u00e3o vendo a possibilidade de utilizar coisas que est\u00e3o dispon\u00edveis em casa e que poderiam virar lixo, mas que podem ser reaproveitadas e se transformar em instrumentos musicais e em m\u00fasica. \u00c9 um est\u00edmulo \u00e0 criatividade dessas crian\u00e7as\u201d, afirmou o secret\u00e1rio da Educa\u00e7\u00e3o, Clayton Lustosa.<\/span><\/span><\/span><\/p>\n<p align=\"justify\"><span style=\"font-size: medium;\"><span style=\"color: #000000;\"><span style=\"font-family: Arial, sans-serif;\">Rosa Alice Casaes, idealizadora e coordenadora do projeto, conta um pouco sobre como surgiu a ideia e seus principais impactos e objetivos. \u201cSou formada em m\u00fasica e fui convidada, com um amigo, a dar aulas de m\u00fasica em uma escola p\u00fablica do Rio Grande do Sul, onde eu morava. E vimos, na \u00e9poca, a dificuldade de muitos alunos em adquirir um instrumento musical. Foi quando come\u00e7amos a pensar na possibilidade de criar instrumentos de percuss\u00e3o, com material reciclado. Com o tempo, esse projeto foi crescendo e criamos outros instrumentos, como a flauta doce, a guitarra e outros. No in\u00edcio, atend\u00edamos a uma demanda social. Mas depois fomos vendo tamb\u00e9m que havia uma demanda voltada \u00e0 quest\u00e3o da sustentabilidade. E \u00e9 assim que estamos aqui hoje, com a Orquestra de Sucata\u201d, ela relata.<\/span><\/span><\/span><\/p>\n<p align=\"justify\"><span style=\"font-size: medium;\"><span style=\"color: #000000;\"><span style=\"font-family: Arial, sans-serif;\">\u201cA proposta, de forma l\u00fadica, abordou conceitos de sustentabilidade e musicalidade e, para al\u00e9m disso, com certeza, ampliou o universo cultural dos nossos estudantes\u201d, destaca a gestora de Desenvolvimento Educacional <\/span><\/span><span style=\"color: #000000;\"><span style=\"font-family: Arial, sans-serif;\">da Sedu<\/span><\/span><span style=\"color: #000000;\"><span style=\"font-family: Arial, sans-serif;\">, Fl\u00e1via Arruda.<\/span><\/span><\/span><\/p>\n<p><!-- Root element of PhotoSwipe. Must have class pswp. --><\/p><\/div>\n","protected":false},"excerpt":{"rendered":"<p>Fotos: Isabely Sete e Gustavo Goes (programa de est\u00e1gio) Durante toda a semana, no per\u00edodo de 26 a 30 de<\/p>\n","protected":false},"author":2,"featured_media":0,"comment_status":"","ping_status":"","sticky":false,"template":"","format":"standard","meta":{"colormag_page_container_layout":"default_layout","colormag_page_sidebar_layout":"default_layout","footnotes":""},"categories":[1],"tags":[],"class_list":["post-45877","post","type-post","status-publish","format-standard","hentry","category-ejornais"],"aioseo_notices":[],"amp_enabled":true,"_links":{"self":[{"href":"https:\/\/ejornais.com.br\/index.php\/wp-json\/wp\/v2\/posts\/45877","targetHints":{"allow":["GET"]}}],"collection":[{"href":"https:\/\/ejornais.com.br\/index.php\/wp-json\/wp\/v2\/posts"}],"about":[{"href":"https:\/\/ejornais.com.br\/index.php\/wp-json\/wp\/v2\/types\/post"}],"author":[{"embeddable":true,"href":"https:\/\/ejornais.com.br\/index.php\/wp-json\/wp\/v2\/users\/2"}],"replies":[{"embeddable":true,"href":"https:\/\/ejornais.com.br\/index.php\/wp-json\/wp\/v2\/comments?post=45877"}],"version-history":[{"count":0,"href":"https:\/\/ejornais.com.br\/index.php\/wp-json\/wp\/v2\/posts\/45877\/revisions"}],"wp:attachment":[{"href":"https:\/\/ejornais.com.br\/index.php\/wp-json\/wp\/v2\/media?parent=45877"}],"wp:term":[{"taxonomy":"category","embeddable":true,"href":"https:\/\/ejornais.com.br\/index.php\/wp-json\/wp\/v2\/categories?post=45877"},{"taxonomy":"post_tag","embeddable":true,"href":"https:\/\/ejornais.com.br\/index.php\/wp-json\/wp\/v2\/tags?post=45877"}],"curies":[{"name":"wp","href":"https:\/\/api.w.org\/{rel}","templated":true}]}}