{"id":45892,"date":"2025-05-31T15:51:43","date_gmt":"2025-05-31T18:51:43","guid":{"rendered":"https:\/\/ejornais.com.br\/index.php\/2025\/05\/31\/mutirao-todos-em-acao-leva-solucoes-na-bagagem-e-transforma-o-sabado-da-comunidade-no-santa-emilia-cgnoticias\/"},"modified":"2025-05-31T15:51:43","modified_gmt":"2025-05-31T18:51:43","slug":"mutirao-todos-em-acao-leva-solucoes-na-bagagem-e-transforma-o-sabado-da-comunidade-no-santa-emilia-cgnoticias","status":"publish","type":"post","link":"https:\/\/ejornais.com.br\/index.php\/2025\/05\/31\/mutirao-todos-em-acao-leva-solucoes-na-bagagem-e-transforma-o-sabado-da-comunidade-no-santa-emilia-cgnoticias\/","title":{"rendered":"Mutir\u00e3o Todos em A\u00e7\u00e3o leva solu\u00e7\u00f5es na bagagem e transforma o s\u00e1bado da comunidade no Santa Em\u00edlia \u2013 CGNot\u00edcias"},"content":{"rendered":"<p><\/p>\n<div>\n<p>Em vez de enfrentar filas em diferentes \u00f3rg\u00e3os p\u00fablicos, moradores da regi\u00e3o do Santa Em\u00edlia encontraram em um \u00fanico lugar respostas para suas demandas. Com mais de 300 servi\u00e7os ofertados gratuitamente, o Mutir\u00e3o Todos em A\u00e7\u00e3o virou sin\u00f4nimo de facilidade, acolhimento e transforma\u00e7\u00e3o, levando cidadania at\u00e9 a porta de quem mais precisa.<\/p>\n<figure class=\"wp-block-image size-large\"><\/figure>\n<p>Mais uma vez, a iniciativa organizada pela Prefeitura de Campo Grande em parceria com dezenas de institui\u00e7\u00f5es p\u00fablicas e privadas fez a diferen\u00e7a na vida de quem vive em regi\u00f5es mais afastadas do centro. A a\u00e7\u00e3o ofereceu servi\u00e7os nas \u00e1reas da sa\u00fade, assist\u00eancia social, educa\u00e7\u00e3o, cultura, lazer, inclus\u00e3o produtiva, entre outras frentes, beneficiando diretamente fam\u00edlias do Santa Em\u00edlia, S\u00edrio Liban\u00eas, Aero Rancho e bairros vizinhos.<\/p>\n<figure class=\"wp-block-image size-large\"><\/figure>\n<p>Moradora do Bairro S\u00edrio Liban\u00eas, Milena Rosa foi uma das participantes que aproveitou para cuidar da sa\u00fade do seu pet. \u201cHoje mesmo eu vim trazer a Pitu para vacina\u00e7\u00e3o, vermifuga\u00e7\u00e3o e fizeram at\u00e9 a microchipagem nela. \u00c9 muito bom isso, tudo gratuito e ainda facilita para n\u00f3s que n\u00e3o temos muito tempo durante a semana para levar nossos animais para esses cuidados, devido \u00e0 correria do dia a dia\u201d, contou.<\/p>\n<figure class=\"wp-block-image size-large\"><\/figure>\n<p>Al\u00e9m do atendimento veterin\u00e1rio, servi\u00e7os como emiss\u00e3o e atualiza\u00e7\u00e3o de documentos, vacina\u00e7\u00e3o humana, orienta\u00e7\u00e3o jur\u00eddica e social, atividades infantis e cortes de cabelo estiveram entre os mais procurados. Mas uma atra\u00e7\u00e3o inusitada tamb\u00e9m chamou aten\u00e7\u00e3o do p\u00fablico: a massagem relaxante.<\/p>\n<p>\u201cEu vim para atualizar minha vacina\u00e7\u00e3o, mas logo fui direto para a fila da massagem, que estava bem concorrida. Achei incr\u00edvel inclu\u00edrem isso, porque \u00e9 terap\u00eautico e faz bem para o corpo e a mente. Um servi\u00e7o simples, mas que mostra o quanto a sa\u00fade \u00e9 pensada de forma integral\u201d, comentou a professora de educa\u00e7\u00e3o infantil Giovana Cristina.<\/p>\n<figure class=\"wp-block-image size-large\"><\/figure>\n<p>Para al\u00e9m dos atendimentos, o mutir\u00e3o tamb\u00e9m despertou novas possibilidades para os participantes. A servidora p\u00fablica Celina Pereira, por exemplo, se interessou pelo setor de empreendedorismo da Secretaria Executiva da Mulher. \u201cSempre tive curiosidade sobre essa secretaria e fiquei surpresa em saber que oferecem suporte para mulheres que querem empreender. Me interessei muito, vou visitar em breve\u201d, afirmou.<\/p>\n<figure class=\"wp-block-image size-large\"><\/figure>\n<p>A prefeita Adriane Lopes refor\u00e7ou que o Mutir\u00e3o Todos em A\u00e7\u00e3o \u00e9 mais do que uma presta\u00e7\u00e3o de servi\u00e7os \u2013 \u00e9 um instrumento de transforma\u00e7\u00e3o social. \u201cMais uma vez estamos saindo dos gabinetes e indo ao encontro da popula\u00e7\u00e3o. Quando levamos servi\u00e7os b\u00e1sicos para mais perto das fam\u00edlias, estamos construindo uma cidade mais humana, com dignidade e mais oportunidades para todos. \u00c9 esse o papel da gest\u00e3o p\u00fablica\u201d, destacou a prefeita.<\/p>\n<figure class=\"wp-block-image size-large\"><\/figure>\n<p>Para ser atendido, bastava apresentar documentos pessoais. A realiza\u00e7\u00e3o do evento envolveu uma ampla articula\u00e7\u00e3o entre diferentes esferas de governo e entidades como a Prefeitura Municipal, C\u00e2mara Municipal, Governo do Estado, Fecom\u00e9rcio MS, Senac, Projeto Mutir\u00e3o, al\u00e9m das diversas secretarias municipais. A uni\u00e3o de esfor\u00e7os garantiu que o mutir\u00e3o fosse mais do que um evento: foi um dia de cidadania ativa e inclus\u00e3o.<\/p>\n<figure class=\"wp-block-image size-large\"><\/figure>\n<\/div>\n<p><script async defer async defer src=\"https:\/\/connect.facebook.net\/en_US\/sdk.js?ver=1#xfbml=1&amp;version=v3.2\" id=\"prefeitura-campogrande-script-facebook-sdk-js\"><\/script><\/p>\n","protected":false},"excerpt":{"rendered":"<p>Em vez de enfrentar filas em diferentes \u00f3rg\u00e3os p\u00fablicos, moradores da regi\u00e3o do Santa Em\u00edlia encontraram em um \u00fanico lugar<\/p>\n","protected":false},"author":2,"featured_media":0,"comment_status":"","ping_status":"","sticky":false,"template":"","format":"standard","meta":{"colormag_page_container_layout":"default_layout","colormag_page_sidebar_layout":"default_layout","footnotes":""},"categories":[1],"tags":[],"class_list":["post-45892","post","type-post","status-publish","format-standard","hentry","category-ejornais"],"aioseo_notices":[],"amp_enabled":true,"_links":{"self":[{"href":"https:\/\/ejornais.com.br\/index.php\/wp-json\/wp\/v2\/posts\/45892","targetHints":{"allow":["GET"]}}],"collection":[{"href":"https:\/\/ejornais.com.br\/index.php\/wp-json\/wp\/v2\/posts"}],"about":[{"href":"https:\/\/ejornais.com.br\/index.php\/wp-json\/wp\/v2\/types\/post"}],"author":[{"embeddable":true,"href":"https:\/\/ejornais.com.br\/index.php\/wp-json\/wp\/v2\/users\/2"}],"replies":[{"embeddable":true,"href":"https:\/\/ejornais.com.br\/index.php\/wp-json\/wp\/v2\/comments?post=45892"}],"version-history":[{"count":0,"href":"https:\/\/ejornais.com.br\/index.php\/wp-json\/wp\/v2\/posts\/45892\/revisions"}],"wp:attachment":[{"href":"https:\/\/ejornais.com.br\/index.php\/wp-json\/wp\/v2\/media?parent=45892"}],"wp:term":[{"taxonomy":"category","embeddable":true,"href":"https:\/\/ejornais.com.br\/index.php\/wp-json\/wp\/v2\/categories?post=45892"},{"taxonomy":"post_tag","embeddable":true,"href":"https:\/\/ejornais.com.br\/index.php\/wp-json\/wp\/v2\/tags?post=45892"}],"curies":[{"name":"wp","href":"https:\/\/api.w.org\/{rel}","templated":true}]}}