{"id":46103,"date":"2025-06-04T10:54:57","date_gmt":"2025-06-04T13:54:57","guid":{"rendered":"https:\/\/ejornais.com.br\/index.php\/2025\/06\/04\/na-penitenciaria-da-gameleira-i-novo-parlatorio-de-advogados-tem-foco-na-seguranca-agencia-de-noticias-do-governo-de-mato-grosso-do-sul\/"},"modified":"2025-06-04T10:54:57","modified_gmt":"2025-06-04T13:54:57","slug":"na-penitenciaria-da-gameleira-i-novo-parlatorio-de-advogados-tem-foco-na-seguranca-agencia-de-noticias-do-governo-de-mato-grosso-do-sul","status":"publish","type":"post","link":"https:\/\/ejornais.com.br\/index.php\/2025\/06\/04\/na-penitenciaria-da-gameleira-i-novo-parlatorio-de-advogados-tem-foco-na-seguranca-agencia-de-noticias-do-governo-de-mato-grosso-do-sul\/","title":{"rendered":"Na Penitenci\u00e1ria da Gameleira I, novo parlat\u00f3rio de advogados tem foco na seguran\u00e7a \u2013 Ag\u00eancia de Noticias do Governo de Mato Grosso do Sul"},"content":{"rendered":"<p><\/p>\n<div>\n<p>A Penitenci\u00e1ria Estadual Masculina de Regime Fechado Gameleira I ganhou uma nova estrutura para atendimentos dos advogados. A iniciativa representa um avan\u00e7o no fortalecimento da seguran\u00e7a institucional e na melhoria das condi\u00e7\u00f5es de trabalho para os profissionais da advocacia.<\/p>\n<p>Durante a inaugura\u00e7\u00e3o do parlat\u00f3rio, na segunda-feira (2), o diretor da Penitenci\u00e1ria da Gameleira I, policial penal Raul Ramalho, destacou que a nova estrutura proporciona um ganho significativo para a rotina da unidade prisional, especialmente no que diz respeito \u00e0 seguran\u00e7a operacional.<\/p>\n<p>\u201cAgora, o advogado n\u00e3o precisa mais circular por \u00e1reas internas sens\u00edveis do pres\u00eddio. Ele entra por um acesso externo, ap\u00f3s passar pelas revistas de praxe, o que garante mais seguran\u00e7a para todos \u2013 internos, profissionais da advocacia e servidores penitenci\u00e1rios\u201d, afirmou o diretor.<\/p>\n<\/p>\n<p>O novo espa\u00e7o conta com cinco salas para atendimentos simult\u00e2neos e banheiro. Cada parlat\u00f3rio tem divis\u00e3o de seguran\u00e7a entre o advogado e o cliente.<\/p>\n<figure id=\"attachment_84389\" aria-describedby=\"caption-attachment-84389\" style=\"width: 300px\" class=\"wp-caption alignright\"><figcaption id=\"caption-attachment-84389\" class=\"wp-caption-text\">Cada parlat\u00f3rio tem divis\u00e3o de seguran\u00e7a entre o advogado e o cliente.<\/figcaption><\/figure>\n<p>O diretor-presidente da Agepen (Ag\u00eancia Estadual de Administra\u00e7\u00e3o do Sistema Penitenci\u00e1rio), Rodrigo Rossi Maiorchini, ressaltou que a mudan\u00e7a melhora a gest\u00e3o da comunica\u00e7\u00e3o entre internos e advogados, al\u00e9m de fortalecer a seguran\u00e7a no ambiente prisional.<\/p>\n<p>\u201cN\u00e3o podemos esquecer que o advogado \u00e9 um agente externo. Assim, em nossa atua\u00e7\u00e3o nesse local, que \u00e9 um dos que t\u00eam a maior complexidade, \u00e9 primordial buscarmos a seguran\u00e7a. Essa nova estrutura refor\u00e7a esse compromisso\u201d, pontuou Maiorchini.<\/p>\n<p>J\u00e1 o secret\u00e1rio-executivo da Sejusp (Secretaria Estadual de Justi\u00e7a e Seguran\u00e7a P\u00fablica), Rafael Garcia Ribeiro, enfatizou que a\u00e7\u00f5es como essa fortalecem o trabalho conjunto entre as institui\u00e7\u00f5es e possibilitam melhorias reais nas unidades penais.<\/p>\n<p>\u201cDesafios existem em todas as unidades, mas trabalhamos lado a lado buscando a melhor solu\u00e7\u00e3o. Com esse parlat\u00f3rio, garantimos mais seguran\u00e7a ao advogado, que n\u00e3o tem mais que circular dentro do pres\u00eddio. Propostas boas como essa, n\u00f3s replicamos para outras unidades, sempre melhorando. \u00c9 uma satisfa\u00e7\u00e3o ter sempre a OAB ao nosso lado e vamos continuar trabalhando\u201d, declarou.<\/p>\n<p>A inaugura\u00e7\u00e3o contou com a presen\u00e7a do Secret\u00e1rio-geral e Corregedor-geral da OAB\/MS (Ordem dos Advogados do Brasil &#8211; Seccional Mato Grosso do Sul), Luiz Ren\u00ea Gon\u00e7alves do Amaral, que refor\u00e7ou a import\u00e2ncia da parceria institucional entre a OAB\/MS, a Sejusp e a Agepen.<\/p>\n<p>\u201cEsta \u00e9 mais uma iniciativa conjunta, em prest\u00edgio \u00e0 advocacia criminal e melhores condi\u00e7\u00f5es de trabalho. Agrade\u00e7o a interlocu\u00e7\u00e3o permanente e o canal aberto com as institui\u00e7\u00f5es que proporcionam pol\u00edticas institucionais como a inaugura\u00e7\u00e3o desse espa\u00e7o, o que melhora e dignifica as condi\u00e7\u00f5es do exerc\u00edcio profissional da advocacia, inclusive abrindo ainda o di\u00e1logo para outra importante a\u00e7\u00e3o: a implementa\u00e7\u00e3o do parlat\u00f3rio virtual na unidade\u201d, destacou Luiz Ren\u00ea.<\/p>\n<p>Ap\u00f3s a solenidade, a dire\u00e7\u00e3o da Agepen realizou uma visita t\u00e9cnica nas demais instala\u00e7\u00f5es da Penitenci\u00e1ria da Gameleira I. A a\u00e7\u00e3o teve como objetivo que outros dirigentes presentes conhecessem a estrutura da unidade, alinhando melhorias e refor\u00e7ando o compromisso com a gest\u00e3o eficiente do sistema prisional.<\/p>\n<p><em>Keila Oliveira, Agepen\/MS<br \/><\/em><em>Fotos: Gerson Walber\/OAB-MS<\/em><\/p>\n<\/div>\n","protected":false},"excerpt":{"rendered":"<p>A Penitenci\u00e1ria Estadual Masculina de Regime Fechado Gameleira I ganhou uma nova estrutura para atendimentos dos advogados. A iniciativa representa<\/p>\n","protected":false},"author":2,"featured_media":0,"comment_status":"","ping_status":"","sticky":false,"template":"","format":"standard","meta":{"colormag_page_container_layout":"default_layout","colormag_page_sidebar_layout":"default_layout","footnotes":""},"categories":[1],"tags":[],"class_list":["post-46103","post","type-post","status-publish","format-standard","hentry","category-ejornais"],"aioseo_notices":[],"amp_enabled":true,"_links":{"self":[{"href":"https:\/\/ejornais.com.br\/index.php\/wp-json\/wp\/v2\/posts\/46103","targetHints":{"allow":["GET"]}}],"collection":[{"href":"https:\/\/ejornais.com.br\/index.php\/wp-json\/wp\/v2\/posts"}],"about":[{"href":"https:\/\/ejornais.com.br\/index.php\/wp-json\/wp\/v2\/types\/post"}],"author":[{"embeddable":true,"href":"https:\/\/ejornais.com.br\/index.php\/wp-json\/wp\/v2\/users\/2"}],"replies":[{"embeddable":true,"href":"https:\/\/ejornais.com.br\/index.php\/wp-json\/wp\/v2\/comments?post=46103"}],"version-history":[{"count":0,"href":"https:\/\/ejornais.com.br\/index.php\/wp-json\/wp\/v2\/posts\/46103\/revisions"}],"wp:attachment":[{"href":"https:\/\/ejornais.com.br\/index.php\/wp-json\/wp\/v2\/media?parent=46103"}],"wp:term":[{"taxonomy":"category","embeddable":true,"href":"https:\/\/ejornais.com.br\/index.php\/wp-json\/wp\/v2\/categories?post=46103"},{"taxonomy":"post_tag","embeddable":true,"href":"https:\/\/ejornais.com.br\/index.php\/wp-json\/wp\/v2\/tags?post=46103"}],"curies":[{"name":"wp","href":"https:\/\/api.w.org\/{rel}","templated":true}]}}