{"id":46104,"date":"2025-06-04T11:02:45","date_gmt":"2025-06-04T14:02:45","guid":{"rendered":"https:\/\/ejornais.com.br\/index.php\/2025\/06\/04\/percepcoes-sobre-clima-se-concentram-em-impactos-do-cotidiano\/"},"modified":"2025-06-04T11:02:45","modified_gmt":"2025-06-04T14:02:45","slug":"percepcoes-sobre-clima-se-concentram-em-impactos-do-cotidiano","status":"publish","type":"post","link":"https:\/\/ejornais.com.br\/index.php\/2025\/06\/04\/percepcoes-sobre-clima-se-concentram-em-impactos-do-cotidiano\/","title":{"rendered":"Percep\u00e7\u00f5es sobre clima se concentram em impactos do cotidiano"},"content":{"rendered":"<p> Por MRNews<br \/>\n<\/p>\n<div wp_automatic_readability=\"81.50747986191\">\n<p>Uma pesquisa feita com internautas brasileiros de dez capitais investigou a forma como eles percebem as mudan\u00e7as clim\u00e1ticas. Os impactos mais urgentes, como calor excessivo e polui\u00e7\u00e3o do ar, foram os mais citados pelos entrevistados\u00a0<\/p>\n<p><strong>A partir do question\u00e1rio, conduzido pelo Instituto Cidades Sustent\u00e1veis e respondido por 3.500 pessoas, observou-se\u00a0que os principais problemas apresentados variam de acordo com a cidade dos que responderam<\/strong>. Dessa forma 71% dos paulistanos consideram a polui\u00e7\u00e3o do ar como o problema ambiental mais grave, enquanto 60% dos moradores de Porto Alegre e 45% dos de Belo Horizonte elegeram as enchentes como maior problema.\u00a0<\/p>\n<p><strong>A polui\u00e7\u00e3o sonora foi destaque para 44% dos soteropolitanos (nascidos em Salvador), enquanto os cariocas se dividiram entre a polui\u00e7\u00e3o do ar (41%) e quest\u00f5es relacionadas ao abastecimento de \u00e1gua (30%)<\/strong>. Em Manaus 54% citaram a polui\u00e7\u00e3o do ar, outros 34% as queimadas e 26%\u00a0o desmatamento. Em Bel\u00e9m, a coleta de esgoto (40%) e de lixo (28%) foi\u00a0o\u00a0problema\u00a0mais urgente.<\/p>\n<p><strong><a href=\"https:\/\/mrnews.com.br\/index.php\/2025\/06\/04\/camara-do-rio-aprova-projeto-que-cria-forca-de-seguranca-armada\/\">C\u00e2mara do Rio aprova projeto que cria for\u00e7a de seguran\u00e7a armada<\/a><\/strong><\/p>\n<p><strong><a href=\"https:\/\/mrnews.com.br\/index.php\/2025\/06\/04\/fatima-engravida-perde-o-marido-e-decide-vender-o-bebe-em-vale-tudo\/\">F\u00e1tima engravida, perde o marido e decide vender o beb\u00ea em Vale Tudo<\/a><\/strong><\/p>\n<p>Em Recife, a polui\u00e7\u00e3o das \u00e1guas alerta 43% dos que responderam, assim como a coleta e o tratamento de esgoto s\u00e3o prioridade para 29%. \u00daltima capital citada, Goi\u00e2nia elegeu como maiores problemas a falta de coleta seletiva (39%), a polui\u00e7\u00e3o sonora (31%) e as queimadas (28%). No somat\u00f3rio das respostas, 52% elegeram como maior problema a polui\u00e7\u00e3o do ar, 34% a polui\u00e7\u00e3o sonora e 32% as enchentes e alagamentos.<\/p>\n<p><strong>Em rela\u00e7\u00e3o aos principais impactos sentidos, as respostas variaram menos \u2013\u00a049% de todos os que responderam consideraram que o calor excessivo \u00e9 o principal impacto, seguidos por 17% que consideram a polui\u00e7\u00e3o do ar, 11% que citam o pre\u00e7o dos alimentos e 10% que citam as enchentes.<\/strong> Os outros impactos, como seca, falta de \u00e1gua, deslizamentos de terra e aumento do n\u00edvel do mar somam 8%, e 4% n\u00e3o souberam responder. Com exce\u00e7\u00e3o de Porto Alegre, em que o impacto mais citado foi\u00a0o das enchentes, com 36% das men\u00e7\u00f5es, em todas as capitais o calor foi apontado como fator mais presente.<\/p>\n<p>A pesquisa tamb\u00e9m quis saber\u00a0como as pessoas veem o papel dos governantes das cidades no combate a\u00a0essas mudan\u00e7as. Em todas as cidades ela foi elevada, com os entrevistados\u00a0afirmando\u00a0que os munic\u00edpios podem contribuir, sendo os moradores e Porto Alegre os mais c\u00e9ticos: l\u00e1, 13% acreditam que o governo municipal n\u00e3o pode fazer nada.<\/p>\n<p><strong>Quanto ao que as cidades podem fazer, as medidas mais citadas foram controlar o desmatamento e a ocupa\u00e7\u00e3o de \u00e1reas de mananciais, reduzir o uso de combust\u00edveis f\u00f3sseis no transporte p\u00fablico, ampliar \u00e1reas de preserva\u00e7\u00e3o ambiental, promover a destina\u00e7\u00e3o adequada de res\u00edduos s\u00f3lidos, com medidas como reciclagem e compostagem, e fomentar a constru\u00e7\u00e3o com crit\u00e9rios sustent\u00e1veis.<\/strong><\/p>\n<p><strong><a href=\"https:\/\/mrnews.com.br\/index.php\/2025\/06\/04\/apos-mulher-dar-em-cima-de-tulio-ao-vivo-na-globo-fatima-bernardes-toma-decisao\/\">Ap\u00f3s mulher dar em cima de T\u00falio ao vivo na Globo, F\u00e1tima Bernardes toma decis\u00e3o<\/a><\/strong><\/p>\n<p><strong><a href=\"https:\/\/mrnews.com.br\/index.php\/2025\/06\/04\/rio-alerta-para-vacinacao-contra-sindrome-respiratoria-aguda-grave\/\">Rio alerta para vacina\u00e7\u00e3o contra S\u00edndrome Respirat\u00f3ria Aguda Grave<\/a><\/strong><\/p>\n<p>O estudo tem alguns limites, que n\u00e3o s\u00e3o desconsiderados para se chegar aos resultados finais: se concentra em pessoas das classes C (55%) e A\/B (30%), com apenas 15% de respostas entre os mais pobres. N\u00e3o ouviu\u00a0crian\u00e7as e concentrou\u00a0as respostas em adolescentes e adultos jovens (entre 16 e 44 anos, 62% dos que responderam).<\/p>\n<\/div>\n","protected":false},"excerpt":{"rendered":"<p>Por MRNews Uma pesquisa feita com internautas brasileiros de dez capitais investigou a forma como eles percebem as mudan\u00e7as clim\u00e1ticas.<\/p>\n","protected":false},"author":2,"featured_media":0,"comment_status":"","ping_status":"","sticky":false,"template":"","format":"standard","meta":{"colormag_page_container_layout":"default_layout","colormag_page_sidebar_layout":"default_layout","footnotes":""},"categories":[1],"tags":[],"class_list":["post-46104","post","type-post","status-publish","format-standard","hentry","category-ejornais"],"aioseo_notices":[],"amp_enabled":true,"_links":{"self":[{"href":"https:\/\/ejornais.com.br\/index.php\/wp-json\/wp\/v2\/posts\/46104","targetHints":{"allow":["GET"]}}],"collection":[{"href":"https:\/\/ejornais.com.br\/index.php\/wp-json\/wp\/v2\/posts"}],"about":[{"href":"https:\/\/ejornais.com.br\/index.php\/wp-json\/wp\/v2\/types\/post"}],"author":[{"embeddable":true,"href":"https:\/\/ejornais.com.br\/index.php\/wp-json\/wp\/v2\/users\/2"}],"replies":[{"embeddable":true,"href":"https:\/\/ejornais.com.br\/index.php\/wp-json\/wp\/v2\/comments?post=46104"}],"version-history":[{"count":0,"href":"https:\/\/ejornais.com.br\/index.php\/wp-json\/wp\/v2\/posts\/46104\/revisions"}],"wp:attachment":[{"href":"https:\/\/ejornais.com.br\/index.php\/wp-json\/wp\/v2\/media?parent=46104"}],"wp:term":[{"taxonomy":"category","embeddable":true,"href":"https:\/\/ejornais.com.br\/index.php\/wp-json\/wp\/v2\/categories?post=46104"},{"taxonomy":"post_tag","embeddable":true,"href":"https:\/\/ejornais.com.br\/index.php\/wp-json\/wp\/v2\/tags?post=46104"}],"curies":[{"name":"wp","href":"https:\/\/api.w.org\/{rel}","templated":true}]}}