{"id":46151,"date":"2025-06-04T22:48:45","date_gmt":"2025-06-05T01:48:45","guid":{"rendered":"https:\/\/ejornais.com.br\/index.php\/2025\/06\/04\/prefeitura-sanciona-plano-para-a-erradicacao-e-substituicao-da-leucena-cgnoticias\/"},"modified":"2025-06-04T22:48:45","modified_gmt":"2025-06-05T01:48:45","slug":"prefeitura-sanciona-plano-para-a-erradicacao-e-substituicao-da-leucena-cgnoticias","status":"publish","type":"post","link":"https:\/\/ejornais.com.br\/index.php\/2025\/06\/04\/prefeitura-sanciona-plano-para-a-erradicacao-e-substituicao-da-leucena-cgnoticias\/","title":{"rendered":"Prefeitura sanciona plano para a erradica\u00e7\u00e3o e substitui\u00e7\u00e3o da\u00a0Leucena \u2013 CGNot\u00edcias"},"content":{"rendered":"<p><\/p>\n<div>\n<p>A prefeita Adriane Lopes sancionou, nesta quarta-feira (04\/06), a Lei n. 7.418, que disp\u00f5e sobre o Plano de Erradica\u00e7\u00e3o e Substitui\u00e7\u00e3o da Planta Ex\u00f3tica Leucena (Leucaena leucocephala) no Munic\u00edpio. Fica proibido, em todo o territ\u00f3rio do Munic\u00edpio, o plantio, o com\u00e9rcio, o transporte e a produ\u00e7\u00e3o da Leucena, sendo prevista a aplica\u00e7\u00e3o de multa de R$ 1.000,00 (mil reais) pelo descumprimento da legisla\u00e7\u00e3o.<\/p>\n<p>O Plano ainda prev\u00ea o mapeamento das \u00e1reas onde a esp\u00e9cie invasora est\u00e1 presente e o planejamento estrat\u00e9gico para sua substitui\u00e7\u00e3o, a restaura\u00e7\u00e3o dos ecossistemas nativos, a minimiza\u00e7\u00e3o dos impactos sobre a biodiversidade local, incluindo a prote\u00e7\u00e3o de esp\u00e9cies da fauna e flora, a sensibiliza\u00e7\u00e3o e o engajamento da comunidade para a preserva\u00e7\u00e3o ambiental, e a promo\u00e7\u00e3o da educa\u00e7\u00e3o ambiental voltada para a conserva\u00e7\u00e3o das esp\u00e9cies nativas, informando sobre os riscos das esp\u00e9cies ex\u00f3ticas invasoras.<\/p>\n<p>E, para tra\u00e7ar estrat\u00e9gias no combate \u00e0 Leucena \u2014 planta invasora reconhecida por sua r\u00e1pida capacidade de crescimento e alta taxa de reprodu\u00e7\u00e3o \u2014, representantes da Prefeitura Municipal, Legislativo Municipal, entidades de classe, universidades, empresas e pesquisadores estiveram reunidos nesta manh\u00e3 na C\u00e2mara de Vereadores.<\/p>\n<p>A secret\u00e1ria-adjunta da Secretaria Municipal de Meio Ambiente, Gest\u00e3o Urbana e Desenvolvimento Econ\u00f4mico, Tur\u00edstico e Sustent\u00e1vel, Vera Bacchi, pontuou a relev\u00e2ncia deste debate e as pr\u00f3ximas etapas a serem implementadas pela gest\u00e3o. \u201cA Leucena representa um s\u00e9rio risco ambiental e precisamos agir com urg\u00eancia. Com o apoio e participa\u00e7\u00e3o das institui\u00e7\u00f5es, iremos elaborar um plano de a\u00e7\u00e3o eficiente para erradicar essa esp\u00e9cie e substitu\u00ed-la por alternativas que preservem nosso ecossistema local.\u201d<\/p>\n<figure class=\"wp-block-image size-large\"><\/figure>\n<p>A diretora-adjunta da Ag\u00eancia Municipal de Meio Ambiente e Planejamento Urbano (Planurb), Mariana Massud, destacou a uni\u00e3o de esfor\u00e7os e a necessidade de conscientiza\u00e7\u00e3o de toda a comunidade. \u201cA Ag\u00eancia se coloca \u00e0 disposi\u00e7\u00e3o para que, juntos, possamos estruturar um instrumento efetivo para o Munic\u00edpio. Efetivar projetos, buscar o aporte de recursos para que mais projetos se concretizem. A uni\u00e3o de esfor\u00e7os faz a completa diferen\u00e7a e, nesse sentido, tamb\u00e9m estamos revisando o Plano Diretor de Arboriza\u00e7\u00e3o Urbana (PDAU), respons\u00e1vel pelo planejamento e gest\u00e3o da nossa arboriza\u00e7\u00e3o.\u201d<\/p>\n<p>J\u00e1 o vereador e vice-presidente da Comiss\u00e3o Permanente de Meio Ambiente, Veterin\u00e1rio Francisco, real\u00e7ou a import\u00e2ncia da participa\u00e7\u00e3o e do envolvimento de representantes de diversos \u00f3rg\u00e3os no combate a essa esp\u00e9cie invasora. \u201cTemos aqui universidades, empresas particulares, pesquisadores que trabalham diretamente com a Leucena, entidades de classe, al\u00e9m do Executivo Municipal, para juntos elaborarmos um projeto, discutirmos ideias para que a lei possa ser regulamentada e colocada em pr\u00e1tica. Hoje, estamos buscando corrigir o que foi realizado sem planejamento na nossa cidade.\u201d<\/p>\n<p>#<em>ParaTodosVerem A imagem de capa e interna mostram sess\u00e3o da C\u00e2mara de Vereadores.<\/em><\/p>\n<\/div>\n<p><script async defer async defer src=\"https:\/\/connect.facebook.net\/en_US\/sdk.js?ver=1#xfbml=1&amp;version=v3.2\" id=\"prefeitura-campogrande-script-facebook-sdk-js\"><\/script><\/p>\n","protected":false},"excerpt":{"rendered":"<p>A prefeita Adriane Lopes sancionou, nesta quarta-feira (04\/06), a Lei n. 7.418, que disp\u00f5e sobre o Plano de Erradica\u00e7\u00e3o e<\/p>\n","protected":false},"author":2,"featured_media":0,"comment_status":"","ping_status":"","sticky":false,"template":"","format":"standard","meta":{"colormag_page_container_layout":"default_layout","colormag_page_sidebar_layout":"default_layout","footnotes":""},"categories":[1],"tags":[],"class_list":["post-46151","post","type-post","status-publish","format-standard","hentry","category-ejornais"],"aioseo_notices":[],"aioseo_head":"\n\t\t<!-- All in One SEO 5.0.1.1 - aioseo.com -->\n\t<meta name=\"description\" content=\"A prefeita Adriane Lopes sancionou, nesta quarta-feira (04\/06), a Lei n. 7.418, que disp\u00f5e sobre o Plano de Erradica\u00e7\u00e3o e Substitui\u00e7\u00e3o da Planta Ex\u00f3tica Leucena (Leucaena leucocephala) no Munic\u00edpio. Fica proibido, em todo o territ\u00f3rio do Munic\u00edpio, o plantio, o com\u00e9rcio, o transporte e a produ\u00e7\u00e3o da Leucena, sendo prevista a aplica\u00e7\u00e3o de multa de\" \/>\n\t<meta name=\"robots\" content=\"max-image-preview:large\" \/>\n\t<meta name=\"author\" content=\"admin1\"\/>\n\t<link rel=\"canonical\" href=\"https:\/\/ejornais.com.br\/index.php\/2025\/06\/04\/prefeitura-sanciona-plano-para-a-erradicacao-e-substituicao-da-leucena-cgnoticias\/\" \/>\n\t<meta name=\"generator\" content=\"All in One SEO (AIOSEO) 5.0.1.1\" \/>\n\t\t<meta property=\"og:locale\" content=\"pt_BR\" \/>\n\t\t<meta property=\"og:site_name\" content=\"eJornais - Cat\u00e1logo de Jornais no mundo, Not\u00edcias, Blog e Esportes ao vivo\" \/>\n\t\t<meta property=\"og:type\" content=\"article\" \/>\n\t\t<meta property=\"og:title\" content=\"Prefeitura sanciona plano para a erradica\u00e7\u00e3o e substitui\u00e7\u00e3o da Leucena \u2013 CGNot\u00edcias - eJornais\" \/>\n\t\t<meta property=\"og:description\" content=\"A prefeita Adriane Lopes sancionou, nesta quarta-feira (04\/06), a Lei n. 7.418, que disp\u00f5e sobre o Plano de Erradica\u00e7\u00e3o e Substitui\u00e7\u00e3o da Planta Ex\u00f3tica Leucena (Leucaena leucocephala) no Munic\u00edpio. Fica proibido, em todo o territ\u00f3rio do Munic\u00edpio, o plantio, o com\u00e9rcio, o transporte e a produ\u00e7\u00e3o da Leucena, sendo prevista a aplica\u00e7\u00e3o de multa de\" \/>\n\t\t<meta property=\"og:url\" content=\"https:\/\/ejornais.com.br\/index.php\/2025\/06\/04\/prefeitura-sanciona-plano-para-a-erradicacao-e-substituicao-da-leucena-cgnoticias\/\" \/>\n\t\t<meta property=\"article:published_time\" content=\"2025-06-05T01:48:45+00:00\" \/>\n\t\t<meta property=\"article:modified_time\" content=\"2025-06-05T01:48:45+00:00\" \/>\n\t\t<meta name=\"twitter:card\" content=\"summary_large_image\" \/>\n\t\t<meta name=\"twitter:title\" content=\"Prefeitura sanciona plano para a erradica\u00e7\u00e3o e substitui\u00e7\u00e3o da Leucena \u2013 CGNot\u00edcias - eJornais\" \/>\n\t\t<meta name=\"twitter:description\" content=\"A prefeita Adriane Lopes sancionou, nesta quarta-feira (04\/06), a Lei n. 7.418, que disp\u00f5e sobre o Plano de Erradica\u00e7\u00e3o e Substitui\u00e7\u00e3o da Planta Ex\u00f3tica Leucena (Leucaena leucocephala) no Munic\u00edpio. Fica proibido, em todo o territ\u00f3rio do Munic\u00edpio, o plantio, o com\u00e9rcio, o transporte e a produ\u00e7\u00e3o da Leucena, sendo prevista a aplica\u00e7\u00e3o de multa de\" \/>\n\t\t<script type=\"application\/ld+json\" class=\"aioseo-schema\">\n\t\t\t{\"@context\":\"https:\\\/\\\/schema.org\",\"@graph\":[{\"@type\":\"BlogPosting\",\"@id\":\"https:\\\/\\\/ejornais.com.br\\\/index.php\\\/2025\\\/06\\\/04\\\/prefeitura-sanciona-plano-para-a-erradicacao-e-substituicao-da-leucena-cgnoticias\\\/#blogposting\",\"name\":\"Prefeitura sanciona plano para a erradica\\u00e7\\u00e3o e substitui\\u00e7\\u00e3o da Leucena \\u2013 CGNot\\u00edcias - eJornais\",\"headline\":\"Prefeitura sanciona plano para a erradica\\u00e7\\u00e3o e substitui\\u00e7\\u00e3o da\\u00a0Leucena \\u2013 CGNot\\u00edcias\",\"author\":{\"@id\":\"https:\\\/\\\/ejornais.com.br\\\/index.php\\\/author\\\/admin1\\\/#author\"},\"publisher\":{\"@id\":\"https:\\\/\\\/ejornais.com.br\\\/#organization\"},\"datePublished\":\"2025-06-04T22:48:45-03:00\",\"dateModified\":\"2025-06-04T22:48:45-03:00\",\"inLanguage\":\"pt-BR\",\"mainEntityOfPage\":{\"@id\":\"https:\\\/\\\/ejornais.com.br\\\/index.php\\\/2025\\\/06\\\/04\\\/prefeitura-sanciona-plano-para-a-erradicacao-e-substituicao-da-leucena-cgnoticias\\\/#webpage\"},\"isPartOf\":{\"@id\":\"https:\\\/\\\/ejornais.com.br\\\/index.php\\\/2025\\\/06\\\/04\\\/prefeitura-sanciona-plano-para-a-erradicacao-e-substituicao-da-leucena-cgnoticias\\\/#webpage\"},\"articleSection\":\"Cat\\u00e1logo de Jornais\"},{\"@type\":\"BreadcrumbList\",\"@id\":\"https:\\\/\\\/ejornais.com.br\\\/index.php\\\/2025\\\/06\\\/04\\\/prefeitura-sanciona-plano-para-a-erradicacao-e-substituicao-da-leucena-cgnoticias\\\/#breadcrumblist\",\"itemListElement\":[{\"@type\":\"ListItem\",\"@id\":\"https:\\\/\\\/ejornais.com.br#listItem\",\"position\":1,\"name\":\"In\\u00edcio\",\"item\":\"https:\\\/\\\/ejornais.com.br\",\"nextItem\":{\"@type\":\"ListItem\",\"@id\":\"https:\\\/\\\/ejornais.com.br\\\/index.php\\\/category\\\/ejornais\\\/#listItem\",\"name\":\"Cat\\u00e1logo de Jornais\"}},{\"@type\":\"ListItem\",\"@id\":\"https:\\\/\\\/ejornais.com.br\\\/index.php\\\/category\\\/ejornais\\\/#listItem\",\"position\":2,\"name\":\"Cat\\u00e1logo de Jornais\",\"item\":\"https:\\\/\\\/ejornais.com.br\\\/index.php\\\/category\\\/ejornais\\\/\",\"nextItem\":{\"@type\":\"ListItem\",\"@id\":\"https:\\\/\\\/ejornais.com.br\\\/index.php\\\/2025\\\/06\\\/04\\\/prefeitura-sanciona-plano-para-a-erradicacao-e-substituicao-da-leucena-cgnoticias\\\/#listItem\",\"name\":\"Prefeitura sanciona plano para a erradica\\u00e7\\u00e3o e substitui\\u00e7\\u00e3o da\\u00a0Leucena \\u2013 CGNot\\u00edcias\"},\"previousItem\":{\"@type\":\"ListItem\",\"@id\":\"https:\\\/\\\/ejornais.com.br#listItem\",\"name\":\"In\\u00edcio\"}},{\"@type\":\"ListItem\",\"@id\":\"https:\\\/\\\/ejornais.com.br\\\/index.php\\\/2025\\\/06\\\/04\\\/prefeitura-sanciona-plano-para-a-erradicacao-e-substituicao-da-leucena-cgnoticias\\\/#listItem\",\"position\":3,\"name\":\"Prefeitura sanciona plano para a erradica\\u00e7\\u00e3o e substitui\\u00e7\\u00e3o da\\u00a0Leucena \\u2013 CGNot\\u00edcias\",\"previousItem\":{\"@type\":\"ListItem\",\"@id\":\"https:\\\/\\\/ejornais.com.br\\\/index.php\\\/category\\\/ejornais\\\/#listItem\",\"name\":\"Cat\\u00e1logo de Jornais\"}}]},{\"@type\":\"Organization\",\"@id\":\"https:\\\/\\\/ejornais.com.br\\\/#organization\",\"name\":\"eJornais\",\"description\":\"Cat\\u00e1logo de Jornais no mundo, Not\\u00edcias, Blog e Esportes ao vivo\",\"url\":\"https:\\\/\\\/ejornais.com.br\\\/\"},{\"@type\":\"Person\",\"@id\":\"https:\\\/\\\/ejornais.com.br\\\/index.php\\\/author\\\/admin1\\\/#author\",\"url\":\"https:\\\/\\\/ejornais.com.br\\\/index.php\\\/author\\\/admin1\\\/\",\"name\":\"admin1\",\"image\":{\"@type\":\"ImageObject\",\"@id\":\"https:\\\/\\\/ejornais.com.br\\\/index.php\\\/2025\\\/06\\\/04\\\/prefeitura-sanciona-plano-para-a-erradicacao-e-substituicao-da-leucena-cgnoticias\\\/#authorImage\",\"url\":\"https:\\\/\\\/secure.gravatar.com\\\/avatar\\\/04084e6d73c042b8646e7c17b494073bf0ede3ea13c7105cfc45cbbbc28385a4?s=96&d=mm&r=g\",\"width\":96,\"height\":96,\"caption\":\"admin1\"}},{\"@type\":\"WebPage\",\"@id\":\"https:\\\/\\\/ejornais.com.br\\\/index.php\\\/2025\\\/06\\\/04\\\/prefeitura-sanciona-plano-para-a-erradicacao-e-substituicao-da-leucena-cgnoticias\\\/#webpage\",\"url\":\"https:\\\/\\\/ejornais.com.br\\\/index.php\\\/2025\\\/06\\\/04\\\/prefeitura-sanciona-plano-para-a-erradicacao-e-substituicao-da-leucena-cgnoticias\\\/\",\"name\":\"Prefeitura sanciona plano para a erradica\\u00e7\\u00e3o e substitui\\u00e7\\u00e3o da Leucena \\u2013 CGNot\\u00edcias - eJornais\",\"description\":\"A prefeita Adriane Lopes sancionou, nesta quarta-feira (04\\\/06), a Lei n. 7.418, que disp\\u00f5e sobre o Plano de Erradica\\u00e7\\u00e3o e Substitui\\u00e7\\u00e3o da Planta Ex\\u00f3tica Leucena (Leucaena leucocephala) no Munic\\u00edpio. Fica proibido, em todo o territ\\u00f3rio do Munic\\u00edpio, o plantio, o com\\u00e9rcio, o transporte e a produ\\u00e7\\u00e3o da Leucena, sendo prevista a aplica\\u00e7\\u00e3o de multa de\",\"inLanguage\":\"pt-BR\",\"isPartOf\":{\"@id\":\"https:\\\/\\\/ejornais.com.br\\\/#website\"},\"breadcrumb\":{\"@id\":\"https:\\\/\\\/ejornais.com.br\\\/index.php\\\/2025\\\/06\\\/04\\\/prefeitura-sanciona-plano-para-a-erradicacao-e-substituicao-da-leucena-cgnoticias\\\/#breadcrumblist\"},\"author\":{\"@id\":\"https:\\\/\\\/ejornais.com.br\\\/index.php\\\/author\\\/admin1\\\/#author\"},\"creator\":{\"@id\":\"https:\\\/\\\/ejornais.com.br\\\/index.php\\\/author\\\/admin1\\\/#author\"},\"datePublished\":\"2025-06-04T22:48:45-03:00\",\"dateModified\":\"2025-06-04T22:48:45-03:00\"},{\"@type\":\"WebSite\",\"@id\":\"https:\\\/\\\/ejornais.com.br\\\/#website\",\"url\":\"https:\\\/\\\/ejornais.com.br\\\/\",\"name\":\"eJornais\",\"description\":\"Cat\\u00e1logo de Jornais no mundo, Not\\u00edcias, Blog e Esportes ao vivo\",\"inLanguage\":\"pt-BR\",\"publisher\":{\"@id\":\"https:\\\/\\\/ejornais.com.br\\\/#organization\"}}]}\n\t\t<\/script>\n\t\t<!-- All in One SEO -->\n\n","aioseo_head_json":{"title":"Prefeitura sanciona plano para a erradica\u00e7\u00e3o e substitui\u00e7\u00e3o da Leucena \u2013 CGNot\u00edcias - eJornais","description":"A prefeita Adriane Lopes sancionou, nesta quarta-feira (04\/06), a Lei n. 7.418, que disp\u00f5e sobre o Plano de Erradica\u00e7\u00e3o e Substitui\u00e7\u00e3o da Planta Ex\u00f3tica Leucena (Leucaena leucocephala) no Munic\u00edpio. Fica proibido, em todo o territ\u00f3rio do Munic\u00edpio, o plantio, o com\u00e9rcio, o transporte e a produ\u00e7\u00e3o da Leucena, sendo prevista a aplica\u00e7\u00e3o de multa de","canonical_url":"https:\/\/ejornais.com.br\/index.php\/2025\/06\/04\/prefeitura-sanciona-plano-para-a-erradicacao-e-substituicao-da-leucena-cgnoticias\/","robots":"max-image-preview:large","keywords":"","webmasterTools":{"miscellaneous":""},"schema":{"@context":"https:\/\/schema.org","@graph":[{"@type":"BlogPosting","@id":"https:\/\/ejornais.com.br\/index.php\/2025\/06\/04\/prefeitura-sanciona-plano-para-a-erradicacao-e-substituicao-da-leucena-cgnoticias\/#blogposting","name":"Prefeitura sanciona plano para a erradica\u00e7\u00e3o e substitui\u00e7\u00e3o da Leucena \u2013 CGNot\u00edcias - eJornais","headline":"Prefeitura sanciona plano para a erradica\u00e7\u00e3o e substitui\u00e7\u00e3o da\u00a0Leucena \u2013 CGNot\u00edcias","author":{"@id":"https:\/\/ejornais.com.br\/index.php\/author\/admin1\/#author"},"publisher":{"@id":"https:\/\/ejornais.com.br\/#organization"},"datePublished":"2025-06-04T22:48:45-03:00","dateModified":"2025-06-04T22:48:45-03:00","inLanguage":"pt-BR","mainEntityOfPage":{"@id":"https:\/\/ejornais.com.br\/index.php\/2025\/06\/04\/prefeitura-sanciona-plano-para-a-erradicacao-e-substituicao-da-leucena-cgnoticias\/#webpage"},"isPartOf":{"@id":"https:\/\/ejornais.com.br\/index.php\/2025\/06\/04\/prefeitura-sanciona-plano-para-a-erradicacao-e-substituicao-da-leucena-cgnoticias\/#webpage"},"articleSection":"Cat\u00e1logo de Jornais"},{"@type":"BreadcrumbList","@id":"https:\/\/ejornais.com.br\/index.php\/2025\/06\/04\/prefeitura-sanciona-plano-para-a-erradicacao-e-substituicao-da-leucena-cgnoticias\/#breadcrumblist","itemListElement":[{"@type":"ListItem","@id":"https:\/\/ejornais.com.br#listItem","position":1,"name":"In\u00edcio","item":"https:\/\/ejornais.com.br","nextItem":{"@type":"ListItem","@id":"https:\/\/ejornais.com.br\/index.php\/category\/ejornais\/#listItem","name":"Cat\u00e1logo de Jornais"}},{"@type":"ListItem","@id":"https:\/\/ejornais.com.br\/index.php\/category\/ejornais\/#listItem","position":2,"name":"Cat\u00e1logo de Jornais","item":"https:\/\/ejornais.com.br\/index.php\/category\/ejornais\/","nextItem":{"@type":"ListItem","@id":"https:\/\/ejornais.com.br\/index.php\/2025\/06\/04\/prefeitura-sanciona-plano-para-a-erradicacao-e-substituicao-da-leucena-cgnoticias\/#listItem","name":"Prefeitura sanciona plano para a erradica\u00e7\u00e3o e substitui\u00e7\u00e3o da\u00a0Leucena \u2013 CGNot\u00edcias"},"previousItem":{"@type":"ListItem","@id":"https:\/\/ejornais.com.br#listItem","name":"In\u00edcio"}},{"@type":"ListItem","@id":"https:\/\/ejornais.com.br\/index.php\/2025\/06\/04\/prefeitura-sanciona-plano-para-a-erradicacao-e-substituicao-da-leucena-cgnoticias\/#listItem","position":3,"name":"Prefeitura sanciona plano para a erradica\u00e7\u00e3o e substitui\u00e7\u00e3o da\u00a0Leucena \u2013 CGNot\u00edcias","previousItem":{"@type":"ListItem","@id":"https:\/\/ejornais.com.br\/index.php\/category\/ejornais\/#listItem","name":"Cat\u00e1logo de Jornais"}}]},{"@type":"Organization","@id":"https:\/\/ejornais.com.br\/#organization","name":"eJornais","description":"Cat\u00e1logo de Jornais no mundo, Not\u00edcias, Blog e Esportes ao vivo","url":"https:\/\/ejornais.com.br\/"},{"@type":"Person","@id":"https:\/\/ejornais.com.br\/index.php\/author\/admin1\/#author","url":"https:\/\/ejornais.com.br\/index.php\/author\/admin1\/","name":"admin1","image":{"@type":"ImageObject","@id":"https:\/\/ejornais.com.br\/index.php\/2025\/06\/04\/prefeitura-sanciona-plano-para-a-erradicacao-e-substituicao-da-leucena-cgnoticias\/#authorImage","url":"https:\/\/secure.gravatar.com\/avatar\/04084e6d73c042b8646e7c17b494073bf0ede3ea13c7105cfc45cbbbc28385a4?s=96&d=mm&r=g","width":96,"height":96,"caption":"admin1"}},{"@type":"WebPage","@id":"https:\/\/ejornais.com.br\/index.php\/2025\/06\/04\/prefeitura-sanciona-plano-para-a-erradicacao-e-substituicao-da-leucena-cgnoticias\/#webpage","url":"https:\/\/ejornais.com.br\/index.php\/2025\/06\/04\/prefeitura-sanciona-plano-para-a-erradicacao-e-substituicao-da-leucena-cgnoticias\/","name":"Prefeitura sanciona plano para a erradica\u00e7\u00e3o e substitui\u00e7\u00e3o da Leucena \u2013 CGNot\u00edcias - eJornais","description":"A prefeita Adriane Lopes sancionou, nesta quarta-feira (04\/06), a Lei n. 7.418, que disp\u00f5e sobre o Plano de Erradica\u00e7\u00e3o e Substitui\u00e7\u00e3o da Planta Ex\u00f3tica Leucena (Leucaena leucocephala) no Munic\u00edpio. Fica proibido, em todo o territ\u00f3rio do Munic\u00edpio, o plantio, o com\u00e9rcio, o transporte e a produ\u00e7\u00e3o da Leucena, sendo prevista a aplica\u00e7\u00e3o de multa de","inLanguage":"pt-BR","isPartOf":{"@id":"https:\/\/ejornais.com.br\/#website"},"breadcrumb":{"@id":"https:\/\/ejornais.com.br\/index.php\/2025\/06\/04\/prefeitura-sanciona-plano-para-a-erradicacao-e-substituicao-da-leucena-cgnoticias\/#breadcrumblist"},"author":{"@id":"https:\/\/ejornais.com.br\/index.php\/author\/admin1\/#author"},"creator":{"@id":"https:\/\/ejornais.com.br\/index.php\/author\/admin1\/#author"},"datePublished":"2025-06-04T22:48:45-03:00","dateModified":"2025-06-04T22:48:45-03:00"},{"@type":"WebSite","@id":"https:\/\/ejornais.com.br\/#website","url":"https:\/\/ejornais.com.br\/","name":"eJornais","description":"Cat\u00e1logo de Jornais no mundo, Not\u00edcias, Blog e Esportes ao vivo","inLanguage":"pt-BR","publisher":{"@id":"https:\/\/ejornais.com.br\/#organization"}}]},"og:locale":"pt_BR","og:site_name":"eJornais - Cat\u00e1logo de Jornais no mundo, Not\u00edcias, Blog e Esportes ao vivo","og:type":"article","og:title":"Prefeitura sanciona plano para a erradica\u00e7\u00e3o e substitui\u00e7\u00e3o da Leucena \u2013 CGNot\u00edcias - eJornais","og:description":"A prefeita Adriane Lopes sancionou, nesta quarta-feira (04\/06), a Lei n. 7.418, que disp\u00f5e sobre o Plano de Erradica\u00e7\u00e3o e Substitui\u00e7\u00e3o da Planta Ex\u00f3tica Leucena (Leucaena leucocephala) no Munic\u00edpio. Fica proibido, em todo o territ\u00f3rio do Munic\u00edpio, o plantio, o com\u00e9rcio, o transporte e a produ\u00e7\u00e3o da Leucena, sendo prevista a aplica\u00e7\u00e3o de multa de","og:url":"https:\/\/ejornais.com.br\/index.php\/2025\/06\/04\/prefeitura-sanciona-plano-para-a-erradicacao-e-substituicao-da-leucena-cgnoticias\/","article:published_time":"2025-06-05T01:48:45+00:00","article:modified_time":"2025-06-05T01:48:45+00:00","twitter:card":"summary_large_image","twitter:title":"Prefeitura sanciona plano para a erradica\u00e7\u00e3o e substitui\u00e7\u00e3o da Leucena \u2013 CGNot\u00edcias - eJornais","twitter:description":"A prefeita Adriane Lopes sancionou, nesta quarta-feira (04\/06), a Lei n. 7.418, que disp\u00f5e sobre o Plano de Erradica\u00e7\u00e3o e Substitui\u00e7\u00e3o da Planta Ex\u00f3tica Leucena (Leucaena leucocephala) no Munic\u00edpio. Fica proibido, em todo o territ\u00f3rio do Munic\u00edpio, o plantio, o com\u00e9rcio, o transporte e a produ\u00e7\u00e3o da Leucena, sendo prevista a aplica\u00e7\u00e3o de multa de"},"aioseo_meta_data":{"post_id":"46151","title":null,"description":null,"keywords":null,"keyphrases":null,"primary_term":null,"canonical_url":null,"og_title":null,"og_description":null,"og_object_type":"default","og_image_type":"default","og_image_url":null,"og_image_width":null,"og_image_height":null,"og_image_custom_url":null,"og_image_custom_fields":null,"og_video":null,"og_custom_url":null,"og_article_section":null,"og_article_tags":null,"twitter_use_og":false,"twitter_card":"default","twitter_image_type":"default","twitter_image_url":null,"twitter_image_custom_url":null,"twitter_image_custom_fields":null,"twitter_title":null,"twitter_description":null,"schema":{"blockGraphs":[],"customGraphs":[],"default":{"data":{"Article":[],"Course":[],"Dataset":[],"FAQPage":[],"Movie":[],"Person":[],"Product":[],"ProductReview":[],"Car":[],"Recipe":[],"Service":[],"SoftwareApplication":[],"WebPage":[]},"graphName":"","isEnabled":true},"graphs":[]},"schema_type":"default","schema_type_options":null,"pillar_content":false,"robots_default":true,"robots_noindex":false,"robots_noarchive":false,"robots_nosnippet":false,"robots_nofollow":false,"robots_noimageindex":false,"robots_noodp":false,"robots_notranslate":false,"robots_max_snippet":null,"robots_max_videopreview":null,"robots_max_imagepreview":"large","priority":null,"frequency":null,"local_seo":null,"breadcrumb_settings":null,"limit_modified_date":false,"ai":null,"created":"2025-06-06 21:33:59","updated":"2025-06-06 21:33:59","seo_analyzer_scan_date":null,"focus_keyword":null,"additional_keywords":null,"truseo_locale":null},"aioseo_breadcrumb":"<div class=\"aioseo-breadcrumbs\"><span class=\"aioseo-breadcrumb\">\n\t\t\t<a href=\"https:\/\/ejornais.com.br\" title=\"In\u00edcio\">In\u00edcio<\/a>\n\t\t<\/span><span class=\"aioseo-breadcrumb-separator\">&raquo;<\/span><span class=\"aioseo-breadcrumb\">\n\t\t\t<a href=\"https:\/\/ejornais.com.br\/index.php\/category\/ejornais\/\" title=\"Cat\u00e1logo de Jornais\">Cat\u00e1logo de Jornais<\/a>\n\t\t<\/span><span class=\"aioseo-breadcrumb-separator\">&raquo;<\/span><span class=\"aioseo-breadcrumb\">\n\t\t\tPrefeitura sanciona plano para a erradica\u00e7\u00e3o e substitui\u00e7\u00e3o da Leucena \u2013 CGNot\u00edcias\n\t\t<\/span><\/div>","aioseo_breadcrumb_json":[{"label":"In\u00edcio","link":"https:\/\/ejornais.com.br"},{"label":"Cat\u00e1logo de Jornais","link":"https:\/\/ejornais.com.br\/index.php\/category\/ejornais\/"},{"label":"Prefeitura sanciona plano para a erradica\u00e7\u00e3o e substitui\u00e7\u00e3o da\u00a0Leucena \u2013 CGNot\u00edcias","link":"https:\/\/ejornais.com.br\/index.php\/2025\/06\/04\/prefeitura-sanciona-plano-para-a-erradicacao-e-substituicao-da-leucena-cgnoticias\/"}],"amp_enabled":true,"_links":{"self":[{"href":"https:\/\/ejornais.com.br\/index.php\/wp-json\/wp\/v2\/posts\/46151","targetHints":{"allow":["GET"]}}],"collection":[{"href":"https:\/\/ejornais.com.br\/index.php\/wp-json\/wp\/v2\/posts"}],"about":[{"href":"https:\/\/ejornais.com.br\/index.php\/wp-json\/wp\/v2\/types\/post"}],"author":[{"embeddable":true,"href":"https:\/\/ejornais.com.br\/index.php\/wp-json\/wp\/v2\/users\/2"}],"replies":[{"embeddable":true,"href":"https:\/\/ejornais.com.br\/index.php\/wp-json\/wp\/v2\/comments?post=46151"}],"version-history":[{"count":0,"href":"https:\/\/ejornais.com.br\/index.php\/wp-json\/wp\/v2\/posts\/46151\/revisions"}],"wp:attachment":[{"href":"https:\/\/ejornais.com.br\/index.php\/wp-json\/wp\/v2\/media?parent=46151"}],"wp:term":[{"taxonomy":"category","embeddable":true,"href":"https:\/\/ejornais.com.br\/index.php\/wp-json\/wp\/v2\/categories?post=46151"},{"taxonomy":"post_tag","embeddable":true,"href":"https:\/\/ejornais.com.br\/index.php\/wp-json\/wp\/v2\/tags?post=46151"}],"curies":[{"name":"wp","href":"https:\/\/api.w.org\/{rel}","templated":true}]}}