{"id":46205,"date":"2025-06-05T18:25:41","date_gmt":"2025-06-05T21:25:41","guid":{"rendered":"https:\/\/ejornais.com.br\/index.php\/2025\/06\/05\/prefeitura-de-campo-grande-reabre-edital-para-manutencao-e-fortalecimento-dos-pontos-de-cultura-com-apoio-da-pnab-cgnoticias\/"},"modified":"2025-06-05T18:25:41","modified_gmt":"2025-06-05T21:25:41","slug":"prefeitura-de-campo-grande-reabre-edital-para-manutencao-e-fortalecimento-dos-pontos-de-cultura-com-apoio-da-pnab-cgnoticias","status":"publish","type":"post","link":"https:\/\/ejornais.com.br\/index.php\/2025\/06\/05\/prefeitura-de-campo-grande-reabre-edital-para-manutencao-e-fortalecimento-dos-pontos-de-cultura-com-apoio-da-pnab-cgnoticias\/","title":{"rendered":"Prefeitura de Campo Grande reabre edital para manuten\u00e7\u00e3o e fortalecimento dos Pontos de Cultura com apoio da PNAB \u2013 CGNot\u00edcias"},"content":{"rendered":"<p><\/p>\n<div>\n<p>Foi republicado nesta quinta-feira (5) o edital para o fortalecimento da Rede Municipal de Pontos de Cultura de Campo Grande \u2013 MS, uma relevante iniciativa de valoriza\u00e7\u00e3o da cultura local, promovida pela Prefeitura Municipal, por meio da Funda\u00e7\u00e3o de Cultura de Campo Grande. A a\u00e7\u00e3o \u00e9 viabilizada com recursos do Governo Federal, repassados pelo Minist\u00e9rio da Cultura, no \u00e2mbito da Pol\u00edtica Nacional Aldir Blanc de Fomento \u00e0 Cultura (PNAB).<\/p>\n<p>A nova publica\u00e7\u00e3o integra a Pol\u00edtica Nacional de Cultura Viva (PNCV), institu\u00edda pela Lei n\u00ba 13.018\/2014, cujo objetivo \u00e9 reconhecer e apoiar coletivos e organiza\u00e7\u00f5es culturais que desenvolvem atividades cont\u00ednuas em seus territ\u00f3rios. Com essa republica\u00e7\u00e3o, os interessados t\u00eam uma nova oportunidade de submeter propostas e pleitear apoio financeiro.<\/p>\n<p><strong>Quem pode participar?<\/strong><\/p>\n<p>O edital \u00e9 destinado a grupos culturais, coletivos e entidades da sociedade civil sem fins lucrativos, que atuem diretamente no campo cultural e comprovem, no m\u00ednimo, tr\u00eas anos de exist\u00eancia e de atividades realizadas.<\/p>\n<p>Os selecionados passar\u00e3o a integrar a Rede Municipal de Pontos de Cultura e receber\u00e3o repasses mensais durante um per\u00edodo de 12 meses, conforme as faixas de apoio estabelecidas no edital. Os recursos visam assegurar a continuidade das a\u00e7\u00f5es culturais e ampliar seu impacto nas comunidades atendidas.<\/p>\n<p>As inscri\u00e7\u00f5es est\u00e3o abertas at\u00e9 o dia 11 de junho de 2025. Todas as informa\u00e7\u00f5es, incluindo o edital completo e os anexos necess\u00e1rios, est\u00e3o dispon\u00edveis no site oficial da Funda\u00e7\u00e3o de Cultura de Campo Grande clique <strong>aqui<\/strong>.<\/p>\n<p>Veja o edital no link: https:\/\/diogrande.campogrande.ms.gov.br\/download_edicao\/eyJjb2RpZ29kaWEiOiI5ODQ3In0%3D.pdf.<\/p>\n<p>#<em>ParaTodosVerem A imagem de capa mostra momento de cultura com apresenta\u00e7\u00e3o teatral em Campo Grande.<\/em><\/p>\n<\/div>\n<p><script async defer async defer src=\"https:\/\/connect.facebook.net\/en_US\/sdk.js?ver=1#xfbml=1&amp;version=v3.2\" id=\"prefeitura-campogrande-script-facebook-sdk-js\"><\/script><script async src=\"\/\/www.instagram.com\/embed.js\"><\/script><\/p>\n","protected":false},"excerpt":{"rendered":"<p>Foi republicado nesta quinta-feira (5) o edital para o fortalecimento da Rede Municipal de Pontos de Cultura de Campo Grande<\/p>\n","protected":false},"author":2,"featured_media":0,"comment_status":"","ping_status":"","sticky":false,"template":"","format":"standard","meta":{"colormag_page_container_layout":"default_layout","colormag_page_sidebar_layout":"default_layout","footnotes":""},"categories":[1],"tags":[],"class_list":["post-46205","post","type-post","status-publish","format-standard","hentry","category-ejornais"],"aioseo_notices":[],"amp_enabled":true,"_links":{"self":[{"href":"https:\/\/ejornais.com.br\/index.php\/wp-json\/wp\/v2\/posts\/46205","targetHints":{"allow":["GET"]}}],"collection":[{"href":"https:\/\/ejornais.com.br\/index.php\/wp-json\/wp\/v2\/posts"}],"about":[{"href":"https:\/\/ejornais.com.br\/index.php\/wp-json\/wp\/v2\/types\/post"}],"author":[{"embeddable":true,"href":"https:\/\/ejornais.com.br\/index.php\/wp-json\/wp\/v2\/users\/2"}],"replies":[{"embeddable":true,"href":"https:\/\/ejornais.com.br\/index.php\/wp-json\/wp\/v2\/comments?post=46205"}],"version-history":[{"count":0,"href":"https:\/\/ejornais.com.br\/index.php\/wp-json\/wp\/v2\/posts\/46205\/revisions"}],"wp:attachment":[{"href":"https:\/\/ejornais.com.br\/index.php\/wp-json\/wp\/v2\/media?parent=46205"}],"wp:term":[{"taxonomy":"category","embeddable":true,"href":"https:\/\/ejornais.com.br\/index.php\/wp-json\/wp\/v2\/categories?post=46205"},{"taxonomy":"post_tag","embeddable":true,"href":"https:\/\/ejornais.com.br\/index.php\/wp-json\/wp\/v2\/tags?post=46205"}],"curies":[{"name":"wp","href":"https:\/\/api.w.org\/{rel}","templated":true}]}}