{"id":46314,"date":"2025-06-07T04:46:44","date_gmt":"2025-06-07T07:46:44","guid":{"rendered":"https:\/\/ejornais.com.br\/index.php\/2025\/06\/07\/saeg-e-prefeitura-iniciam-programa-de-estruturacao-da-nova-coleta-seletiva-do-municipio-a-partir-desta-segunda-feira-09\/"},"modified":"2025-06-07T04:46:44","modified_gmt":"2025-06-07T07:46:44","slug":"saeg-e-prefeitura-iniciam-programa-de-estruturacao-da-nova-coleta-seletiva-do-municipio-a-partir-desta-segunda-feira-09","status":"publish","type":"post","link":"https:\/\/ejornais.com.br\/index.php\/2025\/06\/07\/saeg-e-prefeitura-iniciam-programa-de-estruturacao-da-nova-coleta-seletiva-do-municipio-a-partir-desta-segunda-feira-09\/","title":{"rendered":"SAEG e Prefeitura iniciam programa de estrutura\u00e7\u00e3o da Nova Coleta Seletiva do munic\u00edpio, a partir desta segunda-feira (09)"},"content":{"rendered":"<p><\/p>\n<div>\n<p>A partir da pr\u00f3xima segunda-feira, dia 9 de junho, a SAEG (Companhia de Servi\u00e7os de \u00c1gua, Esgoto e Res\u00edduos de Guaratinguet\u00e1), em parceria com a Prefeitura, inicia a primeira etapa do processo de transforma\u00e7\u00e3o da coleta seletiva do munic\u00edpio.<br \/>Nessa fase inicial, a coleta seletiva passar\u00e1 a ser realizada duas vezes por semana, de segunda a sexta-feira, beneficiando os 19 bairros atualmente atendidos. Essa mudan\u00e7a representa uma melhoria significativa no servi\u00e7o, com maior regularidade e efici\u00eancia, marcando o in\u00edcio das melhorias que vir\u00e3o no sistema.<br \/>Os bairros ser\u00e3o atendidos \u00e0 partir das 7h30 nos seguintes dias:<br \/>Segunda-feira: Pedregulho, Coelho Neto, Vila Galv\u00e3o, Jardim Independ\u00eancia, Cecap, Jardim Esplanada, Bela Vista, Jardim Modelo, Residencial David Fernandes Coelho e Residencial Cooperi;<\/p>\n<p>Ter\u00e7a-feira: Vila Para\u00edba, Nova Guar\u00e1, LAPI, Parque Alberto Bayington, COHAB, Mirante, Condom\u00ednio Pref. Gilberto Filippo, Jardim P\u00e9rola, Village Mantiqueira, Portal das Colinas, Parque das Alamedas e Avenida \u00c1urea Maria de Jesus Silva \u2013 Beira Rio 1;<\/p>\n<p>Quarta-feira: Figueira, Residencial Augusto Filippo, Jardim Nova Era, Jardim Modelo, Residencial David Fernandes Coelho e Residencial Cooperi;<\/p>\n<p>Quinta-feira: Vila Para\u00edba, Nova Guar\u00e1, LAPI, Parque Alberto Bayington, COHAB, Mirante, Condom\u00ednio Pref. Gilberto Filippo, Jardim P\u00e9rola, Village Mantiqueira, Portal das Colinas, Parque das Alamedas e Avenida \u00c1urea Maria de Jesus Silva \u2013 Beira Rio 1;<\/p>\n<p>Sexta-feira: Pedregulho, Coelho Neto, Vila Galv\u00e3o, Jardim Independ\u00eancia, Cecap, Jardim Esplanada, Bela Vista, Figueira, Residencial Augusto Filippo e Jardim Nova Era.<br \/>Ainda neste ano, ser\u00e1 implantada a segunda etapa do processo de reestrutura\u00e7\u00e3o da coleta seletiva, que ampliar\u00e1 a cobertura de atendimento em aproximadamente 36% da popula\u00e7\u00e3o urbana da cidade, refor\u00e7ando o compromisso da SAEG e Prefeitura com a sustentabilidade e a melhoria cont\u00ednua dos servi\u00e7os p\u00fablicos.<br \/>\u201cApenas 10% dos munic\u00edpios brasileiros possuem coleta seletiva porta a porta em todo o per\u00edmetro urbano, com esse novo processo Guaratinguet\u00e1 passar\u00e1 a fazer parte desse seleto grupo. A meta \u00e9 ousada e j\u00e1 tra\u00e7amos o caminho para atingi-la\u201d, destacou o Prefeito Junior Filippo.<\/p>\n<\/p><\/div>\n","protected":false},"excerpt":{"rendered":"<p>A partir da pr\u00f3xima segunda-feira, dia 9 de junho, a SAEG (Companhia de Servi\u00e7os de \u00c1gua, Esgoto e Res\u00edduos de<\/p>\n","protected":false},"author":2,"featured_media":0,"comment_status":"","ping_status":"","sticky":false,"template":"","format":"standard","meta":{"colormag_page_container_layout":"default_layout","colormag_page_sidebar_layout":"default_layout","footnotes":""},"categories":[1],"tags":[],"class_list":["post-46314","post","type-post","status-publish","format-standard","hentry","category-ejornais"],"aioseo_notices":[],"amp_enabled":true,"_links":{"self":[{"href":"https:\/\/ejornais.com.br\/index.php\/wp-json\/wp\/v2\/posts\/46314","targetHints":{"allow":["GET"]}}],"collection":[{"href":"https:\/\/ejornais.com.br\/index.php\/wp-json\/wp\/v2\/posts"}],"about":[{"href":"https:\/\/ejornais.com.br\/index.php\/wp-json\/wp\/v2\/types\/post"}],"author":[{"embeddable":true,"href":"https:\/\/ejornais.com.br\/index.php\/wp-json\/wp\/v2\/users\/2"}],"replies":[{"embeddable":true,"href":"https:\/\/ejornais.com.br\/index.php\/wp-json\/wp\/v2\/comments?post=46314"}],"version-history":[{"count":0,"href":"https:\/\/ejornais.com.br\/index.php\/wp-json\/wp\/v2\/posts\/46314\/revisions"}],"wp:attachment":[{"href":"https:\/\/ejornais.com.br\/index.php\/wp-json\/wp\/v2\/media?parent=46314"}],"wp:term":[{"taxonomy":"category","embeddable":true,"href":"https:\/\/ejornais.com.br\/index.php\/wp-json\/wp\/v2\/categories?post=46314"},{"taxonomy":"post_tag","embeddable":true,"href":"https:\/\/ejornais.com.br\/index.php\/wp-json\/wp\/v2\/tags?post=46314"}],"curies":[{"name":"wp","href":"https:\/\/api.w.org\/{rel}","templated":true}]}}