{"id":46352,"date":"2025-06-07T18:46:22","date_gmt":"2025-06-07T21:46:22","guid":{"rendered":"https:\/\/ejornais.com.br\/index.php\/2025\/06\/07\/equipe-psicologica-da-coordenadoria-lgbt-foca-na-saude-mental-da-comunidade-diversa\/"},"modified":"2025-06-07T18:46:22","modified_gmt":"2025-06-07T21:46:22","slug":"equipe-psicologica-da-coordenadoria-lgbt-foca-na-saude-mental-da-comunidade-diversa","status":"publish","type":"post","link":"https:\/\/ejornais.com.br\/index.php\/2025\/06\/07\/equipe-psicologica-da-coordenadoria-lgbt-foca-na-saude-mental-da-comunidade-diversa\/","title":{"rendered":"Equipe psicol\u00f3gica da Coordenadoria LGBT foca na sa\u00fade mental da comunidade diversa"},"content":{"rendered":"<p><\/p>\n<div>\n<p>A Prefeitura de Jo\u00e3o Pessoa, atrav\u00e9s da Coordenadoria de Promo\u00e7\u00e3o \u00e0 Cidadania LGBT, desenvolve um servi\u00e7o muito importante para as pessoas LGBTQIAPNB+: a aten\u00e7\u00e3o psicol\u00f3gica. Para isso, h\u00e1 toda uma equipe preparada para um atendimento profissional, que respeita a individualidade de cada usu\u00e1rio, prezando pela sa\u00fade mental sem distin\u00e7\u00e3o.<\/p>\n<figure class=\"wp-block-gallery has-nested-images columns-default is-cropped wp-block-gallery-1 is-layout-flex wp-block-gallery-is-layout-flex\">\n<figure class=\"wp-block-image size-large\"><\/figure>\n<\/figure>\n<p>N\u00e3o \u00e0 toa, \u00e9 o servi\u00e7o mais procurado na Coordenadoria, que chega a atender at\u00e9 quatro usu\u00e1rios por dia. A DJ trans Jully Amundsen \u00e9 um exemplo do quanto a sa\u00fade mental, por meio das sess\u00f5es terap\u00eauticas, foi importante para seu crescimento e autoconhecimento.<\/p>\n<p>\u201cFoi muito importante para mim ter esse acompanhamento psicol\u00f3gico, me fez me libertar de coisas passadas e me reconhecer como a pessoa que sou hoje. Me ajudou bastante em minha autoaceita\u00e7\u00e3o enquanto pessoa trans\u201d, contou a DJ.<\/p>\n<p>Jully, assim como muitos outros usu\u00e1rios, encontrou suporte psicol\u00f3gico em momentos bem determinantes de sua vida. \u201cEstamos num contexto onde muitas vezes o preconceito come\u00e7a onde dever\u00edamos ter cuidado, carinho e, acima de tudo, amor familiar. Eu mesma venho de uma fam\u00edlia altamente machista, mis\u00f3gina e preconceituosa\u201d, disse.<\/p>\n<p>Ela conta que, com a ajuda da equipe psicol\u00f3gica da Coordenadoria LGBT, conseguiu ser bem acolhida num espa\u00e7o humanizado. \u201cNem todo profissional est\u00e1 capacitado para lidar com esta popula\u00e7\u00e3o. Mas na Coordenadoria pude ter esse atendimento espec\u00edfico\u201d, completou.<\/p>\n<p>A equipe \u00e9 coordenada pela psic\u00f3loga Thamara Bernardino e conta com outros dois profissionais e cinco estagi\u00e1rios da Universidade Federal da Para\u00edba (UFPB) e Uninassau. \u201cAl\u00e9m das pr\u00f3prias demandas de qualquer pessoa, as pessoas da comunidade enfrentam ainda mais quest\u00f5es relacionadas \u00e0 exclus\u00e3o, ao preconceito, \u00e0 viol\u00eancia, \u00e0 rejei\u00e7\u00e3o familiar e tamb\u00e9m \u00e0 dificuldade de pertencimento na sociedade\u201d, explicou a psic\u00f3loga.<\/p>\n<div class=\"wp-block-image\">\n<figure class=\"aligncenter size-large\"><\/figure>\n<\/div>\n<p>Assim, a Coordenadoria oferece um espa\u00e7o seguro, livre de julgamentos, onde a pessoa pode se expressar com autenticidade, elaborar suas viv\u00eancias e, principalmente, fortalecer a sua autoestima. As demandas s\u00e3o bem diversas e envolvem, na maioria das vezes, sofrimento ps\u00edquico.<\/p>\n<p>\u201cAlgumas demandas est\u00e3o relacionadas \u00e0 rejei\u00e7\u00e3o, seja familiar, seja social, seja religiosa. Est\u00e3o relacionadas tamb\u00e9m a quest\u00f5es de identidade de g\u00eanero, g\u00eanero, orienta\u00e7\u00e3o sexual. Ent\u00e3o, n\u00f3s recebemos todos os tipos de situa\u00e7\u00e3o como pessoas com ansiedade, com depress\u00e3o, automutila\u00e7\u00e3o, idea\u00e7\u00e3o, suic\u00eddio, viol\u00eancia psicol\u00f3gica e f\u00edsica\u201d, afirmou Thamara.<\/p>\n<p>Por outro lado, a psic\u00f3loga acrescenta que tamb\u00e9m recebe pessoas que buscam o servi\u00e7o para se conhecerem melhor, fortalecerem sua autonomia, constru\u00edrem rela\u00e7\u00f5es mais saud\u00e1veis e viver suas identidades de uma forma mais plena. \u201cEnt\u00e3o, cada indiv\u00edduo que chega aqui na Coordenadoria carrega uma hist\u00f3ria, carrega sua singularidade e o nosso papel \u00e9 acolher\u201d, falou.<\/p>\n<p>O psic\u00f3logo Ayrton de Queiroz, integrante da equipe, contou que est\u00e1 h\u00e1 pouco mais de um ano atuando na Coordenadoria. Com experi\u00eancias em projetos de extens\u00e3o da UFPB, resolveu se colocar \u00e0 disposi\u00e7\u00e3o da popula\u00e7\u00e3o LGBTQIAPNB+ por muitos motivos.<\/p>\n<p>\u201cEnquanto profissional LGBT, enquanto pessoa LGBT, eu queria estar nesse espa\u00e7o para contribuir com o cuidado dessa popula\u00e7\u00e3o. A quest\u00e3o do g\u00eanero acaba sendo um fator de risco. N\u00e3o no sentido de que algu\u00e9m LGBT est\u00e1 mais propenso a ter adoecimento mental, mas no sentido de como o pr\u00f3prio Conselho Federal de Psicologia coloca, que o adoecimento vem dos preconceitos, das viol\u00eancias reiteradas, que essa popula\u00e7\u00e3o sofre\u201d, apontou.<\/p>\n<\/p><\/div>\n","protected":false},"excerpt":{"rendered":"<p>A Prefeitura de Jo\u00e3o Pessoa, atrav\u00e9s da Coordenadoria de Promo\u00e7\u00e3o \u00e0 Cidadania LGBT, desenvolve um servi\u00e7o muito importante para as<\/p>\n","protected":false},"author":2,"featured_media":0,"comment_status":"","ping_status":"","sticky":false,"template":"","format":"standard","meta":{"colormag_page_container_layout":"default_layout","colormag_page_sidebar_layout":"default_layout","footnotes":""},"categories":[1],"tags":[],"class_list":["post-46352","post","type-post","status-publish","format-standard","hentry","category-ejornais"],"aioseo_notices":[],"amp_enabled":true,"_links":{"self":[{"href":"https:\/\/ejornais.com.br\/index.php\/wp-json\/wp\/v2\/posts\/46352","targetHints":{"allow":["GET"]}}],"collection":[{"href":"https:\/\/ejornais.com.br\/index.php\/wp-json\/wp\/v2\/posts"}],"about":[{"href":"https:\/\/ejornais.com.br\/index.php\/wp-json\/wp\/v2\/types\/post"}],"author":[{"embeddable":true,"href":"https:\/\/ejornais.com.br\/index.php\/wp-json\/wp\/v2\/users\/2"}],"replies":[{"embeddable":true,"href":"https:\/\/ejornais.com.br\/index.php\/wp-json\/wp\/v2\/comments?post=46352"}],"version-history":[{"count":0,"href":"https:\/\/ejornais.com.br\/index.php\/wp-json\/wp\/v2\/posts\/46352\/revisions"}],"wp:attachment":[{"href":"https:\/\/ejornais.com.br\/index.php\/wp-json\/wp\/v2\/media?parent=46352"}],"wp:term":[{"taxonomy":"category","embeddable":true,"href":"https:\/\/ejornais.com.br\/index.php\/wp-json\/wp\/v2\/categories?post=46352"},{"taxonomy":"post_tag","embeddable":true,"href":"https:\/\/ejornais.com.br\/index.php\/wp-json\/wp\/v2\/tags?post=46352"}],"curies":[{"name":"wp","href":"https:\/\/api.w.org\/{rel}","templated":true}]}}