{"id":46368,"date":"2025-06-08T02:49:44","date_gmt":"2025-06-08T05:49:44","guid":{"rendered":"https:\/\/ejornais.com.br\/index.php\/2025\/06\/08\/moradores-protestam-apos-morte-de-rapaz-baleado-em-festa-junina\/"},"modified":"2025-06-08T02:49:44","modified_gmt":"2025-06-08T05:49:44","slug":"moradores-protestam-apos-morte-de-rapaz-baleado-em-festa-junina","status":"publish","type":"post","link":"https:\/\/ejornais.com.br\/index.php\/2025\/06\/08\/moradores-protestam-apos-morte-de-rapaz-baleado-em-festa-junina\/","title":{"rendered":"Moradores protestam ap\u00f3s morte de rapaz baleado em festa junina"},"content":{"rendered":"<p> Por MRNews<br \/>\n<\/p>\n<div wp_automatic_readability=\"60.862595419847\">\n<p>Moradores da comunidade Santo Amaro fizeram um protesto neste s\u00e1bado (7), ap\u00f3s a morte do jovem Herus Guimar\u00e3es, baleado durante opera\u00e7\u00e3o da Pol\u00edcia Militar na madrugada, enquanto uma festa junina era realizada.\u00a0Al\u00e9m de Herus, mais\u00a0quatro pessoas ficaram feridas e seguem internadas no Hospital Municipal Souza Aguiar, uma em estado grave.\u00a0<\/p>\n<p><strong>Os participantes seguravam cartazes com os dizeres: \u201cJusti\u00e7a para Herus. Favelado n\u00e3o \u00e9 bandido\u201d<\/strong>. Adolescentes que participaram da apresenta\u00e7\u00e3o de quadrilhas durante a festa exibiram as camisas manchadas de sangue. Religiosos da comunidade tamb\u00e9m participaram do protesto e fizeram uma roda de ora\u00e7\u00e3o pedindo paz e prote\u00e7\u00e3o para a popula\u00e7\u00e3o local.\u00a0<\/p>\n<p>Em v\u00eddeo publicado nas redes sociais da organiza\u00e7\u00e3o n\u00e3o governamental (ONG) Voz da Comunidade, um morador disse que chegou a confrontar os policiais ap\u00f3s o in\u00edcio da opera\u00e7\u00e3o.<\/p>\n<p><strong><a href=\"https:\/\/mrnews.com.br\/index.php\/2025\/06\/07\/explosao-em-posto-de-gasolina-mata-um-homem-e-fere-outro-no-rio\/\">Explos\u00e3o em posto de gasolina mata um homem e fere outro no Rio<\/a><\/strong><\/p>\n<p><strong><a href=\"https:\/\/mrnews.com.br\/index.php\/2025\/06\/07\/nice-revela-segredo-devastador-de-odete-antes-de-morrer-em-vale-tudo\/\">Nice revela segredo devastador de Odete antes de morrer em Vale Tudo<\/a><\/strong><\/p>\n<blockquote wp_automatic_readability=\"8\">\n<p>\u201cEu perguntei a\u00a0eles: \u2018Por que voc\u00eas est\u00e3o fazendo isso? Tem um monte de crian\u00e7a aqui!\u2019 Eu estava vestido de Virgulino. Eu abri os bra\u00e7os e perguntei: \u2018Voc\u00eas v\u00e3o me dar um tiro tamb\u00e9m?\u2019. Jogaram uma bomba de g\u00e1s lacrimog\u00eaneo em cima de mim. Eles sabem que est\u00e3o errados. Tentaram conversar comigo e me acalmar e eu falei que aquilo ali era uma vergonha. Essa festa estava sendo anunciada h\u00e1 mais de um m\u00eas.\u00a0Todo mundo sabia. \u00c9 uma festa que h\u00e1 mais de 40 anos existe aqui\u201d.<\/p>\n<\/blockquote>\n<h2>Institui\u00e7\u00f5es<\/h2>\n<p><strong>O Minist\u00e9rio da Igualdade Racial vai enviar of\u00edcios \u00e0s autoridades do estado e aos \u00f3rg\u00e3os de controle para que \u201cas raz\u00f5es e os efeitos da opera\u00e7\u00e3o sejam apresentados\u201d.<\/strong> Pelas redes sociais, a ministra\u00a0Anielle Franco\u00a0classificou o caso como \u201crevoltante e desesperador\u201d e prestou solidariedade \u00e0s fam\u00edlias de Herus e dos feridos:<\/p>\n<blockquote wp_automatic_readability=\"6\">\n<p>\u201cUm jovem morreu e v\u00e1rias pessoas ficaram feridas por uma pol\u00edtica de seguran\u00e7a p\u00fablica que n\u00e3o\u00a0respeita a vida daqueles que moram e residem em favelas e periferias\u201d.\u00a0<\/p>\n<\/blockquote>\n<p>A ministra de Direitos Humanos, Maca\u00e9 Evaristo, tamb\u00e9m se posicionou sobre o ocorrido.<\/p>\n<p><strong><a href=\"https:\/\/mrnews.com.br\/index.php\/2025\/06\/07\/nova-descoberta-pode-mudar-rumo-da-investigacao-sobre-morte-de-empresario-em-interlagos\/\">Nova descoberta pode mudar rumo da investiga\u00e7\u00e3o sobre morte de empres\u00e1rio em Interlagos<\/a><\/strong><\/p>\n<p><strong><a href=\"https:\/\/mrnews.com.br\/index.php\/2025\/06\/07\/trump-musk-enfrentara-consequencias-serias-se-financiar-democratas\/\">Trump: Musk enfrentar\u00e1 \u201cconsequ\u00eancias s\u00e9rias\u201d se financiar democratas<\/a><\/strong><\/p>\n<blockquote wp_automatic_readability=\"9\">\n<p>\u201cSeguran\u00e7a p\u00fablica n\u00e3o pode ser sin\u00f4nimo de medo, \u00e9 um direito de todos.\u00a0Os direitos \u00e0 cultura e \u00e0 vida devem ser assegurados, independentemente do CEP\u201d, publicou em seus perfis.\u00a0<\/p>\n<\/blockquote>\n<p>O N\u00facleo de Defesa dos Direitos Humanos da Defensoria P\u00fablica do Estado do Rio de Janeiro tamb\u00e9m divulgou nota de rep\u00fadio ao epis\u00f3dio.<\/p>\n<blockquote wp_automatic_readability=\"10\">\n<p>\u201cN\u00e3o se justifica uma opera\u00e7\u00e3o policial durante plena festa junina, com a presen\u00e7a de crian\u00e7as e adolescentes. A prote\u00e7\u00e3o \u00e0 crian\u00e7a e adolescente \u00e9 obriga\u00e7\u00e3o do Estado, n\u00e3o sendo aceit\u00e1vel que o enfrentamento ao crime organizado ponha em risco exatamente aqueles que temos a obriga\u00e7\u00e3o prim\u00e1ria de proteger.\u201d<\/p>\n<\/blockquote>\n<p><strong>O caso tamb\u00e9m est\u00e1 sendo acompanhado pela Comiss\u00e3o de Direitos Humanos da Assembleia Legislativa do estado<\/strong>.\u00a0<\/p>\n<p>O Minist\u00e9rio P\u00fablico do Estado do Rio de Janeiro manifestou \u201cprofundo pesar\u201d pelos acontecimentos e se solidarizou com os familiares das v\u00edtimas, com os feridos e toda a comunidade.<\/p>\n<blockquote wp_automatic_readability=\"12\">\n<p>\u201cO MPRJ destaca o seu comprometimento com a independ\u00eancia, a apura\u00e7\u00e3o dos fatos e com o exerc\u00edcio do controle externo da atividade policial. Para tanto, acompanha o caso desde os primeiros momentos, a fim de buscar as provid\u00eancias cab\u00edveis e responsabiliza\u00e7\u00e3o de quem \u00e9 de direito\u201d, declarou o \u00f3rg\u00e3o em nota.\u00a0<\/p>\n<\/blockquote>\n<p>\u00a0<\/p>\n<\/div>\n","protected":false},"excerpt":{"rendered":"<p>Por MRNews Moradores da comunidade Santo Amaro fizeram um protesto neste s\u00e1bado (7), ap\u00f3s a morte do jovem Herus Guimar\u00e3es,<\/p>\n","protected":false},"author":2,"featured_media":0,"comment_status":"","ping_status":"","sticky":false,"template":"","format":"standard","meta":{"colormag_page_container_layout":"default_layout","colormag_page_sidebar_layout":"default_layout","footnotes":""},"categories":[1],"tags":[],"class_list":["post-46368","post","type-post","status-publish","format-standard","hentry","category-ejornais"],"aioseo_notices":[],"aioseo_head":"\n\t\t<!-- All in One SEO 5.0.1.1 - aioseo.com -->\n\t<meta name=\"description\" content=\"Por MRNews Moradores da comunidade Santo Amaro fizeram um protesto neste s\u00e1bado (7), ap\u00f3s a morte do jovem Herus Guimar\u00e3es, baleado durante opera\u00e7\u00e3o da Pol\u00edcia Militar na madrugada, enquanto uma festa junina era realizada. Al\u00e9m de Herus, mais quatro pessoas ficaram feridas e seguem internadas no Hospital Municipal Souza Aguiar, uma em estado grave. Os participantes seguravam\" \/>\n\t<meta name=\"robots\" content=\"max-image-preview:large\" \/>\n\t<meta name=\"author\" content=\"admin1\"\/>\n\t<link rel=\"canonical\" href=\"https:\/\/ejornais.com.br\/index.php\/2025\/06\/08\/moradores-protestam-apos-morte-de-rapaz-baleado-em-festa-junina\/\" \/>\n\t<meta name=\"generator\" content=\"All in One SEO (AIOSEO) 5.0.1.1\" \/>\n\t\t<meta property=\"og:locale\" content=\"pt_BR\" \/>\n\t\t<meta property=\"og:site_name\" content=\"eJornais - Cat\u00e1logo de Jornais no mundo, Not\u00edcias, Blog e Esportes ao vivo\" \/>\n\t\t<meta property=\"og:type\" content=\"article\" \/>\n\t\t<meta property=\"og:title\" content=\"Moradores protestam ap\u00f3s morte de rapaz baleado em festa junina - eJornais\" \/>\n\t\t<meta property=\"og:description\" content=\"Por MRNews Moradores da comunidade Santo Amaro fizeram um protesto neste s\u00e1bado (7), ap\u00f3s a morte do jovem Herus Guimar\u00e3es, baleado durante opera\u00e7\u00e3o da Pol\u00edcia Militar na madrugada, enquanto uma festa junina era realizada. Al\u00e9m de Herus, mais quatro pessoas ficaram feridas e seguem internadas no Hospital Municipal Souza Aguiar, uma em estado grave. Os participantes seguravam\" \/>\n\t\t<meta property=\"og:url\" content=\"https:\/\/ejornais.com.br\/index.php\/2025\/06\/08\/moradores-protestam-apos-morte-de-rapaz-baleado-em-festa-junina\/\" \/>\n\t\t<meta property=\"article:published_time\" content=\"2025-06-08T05:49:44+00:00\" \/>\n\t\t<meta property=\"article:modified_time\" content=\"2025-06-08T05:49:44+00:00\" \/>\n\t\t<meta name=\"twitter:card\" content=\"summary_large_image\" \/>\n\t\t<meta name=\"twitter:title\" content=\"Moradores protestam ap\u00f3s morte de rapaz baleado em festa junina - eJornais\" \/>\n\t\t<meta name=\"twitter:description\" content=\"Por MRNews Moradores da comunidade Santo Amaro fizeram um protesto neste s\u00e1bado (7), ap\u00f3s a morte do jovem Herus Guimar\u00e3es, baleado durante opera\u00e7\u00e3o da Pol\u00edcia Militar na madrugada, enquanto uma festa junina era realizada. Al\u00e9m de Herus, mais quatro pessoas ficaram feridas e seguem internadas no Hospital Municipal Souza Aguiar, uma em estado grave. Os participantes seguravam\" \/>\n\t\t<script type=\"application\/ld+json\" class=\"aioseo-schema\">\n\t\t\t{\"@context\":\"https:\\\/\\\/schema.org\",\"@graph\":[{\"@type\":\"BlogPosting\",\"@id\":\"https:\\\/\\\/ejornais.com.br\\\/index.php\\\/2025\\\/06\\\/08\\\/moradores-protestam-apos-morte-de-rapaz-baleado-em-festa-junina\\\/#blogposting\",\"name\":\"Moradores protestam ap\\u00f3s morte de rapaz baleado em festa junina - eJornais\",\"headline\":\"Moradores protestam ap\\u00f3s morte de rapaz baleado em festa junina\",\"author\":{\"@id\":\"https:\\\/\\\/ejornais.com.br\\\/index.php\\\/author\\\/admin1\\\/#author\"},\"publisher\":{\"@id\":\"https:\\\/\\\/ejornais.com.br\\\/#organization\"},\"datePublished\":\"2025-06-08T02:49:44-03:00\",\"dateModified\":\"2025-06-08T02:49:44-03:00\",\"inLanguage\":\"pt-BR\",\"mainEntityOfPage\":{\"@id\":\"https:\\\/\\\/ejornais.com.br\\\/index.php\\\/2025\\\/06\\\/08\\\/moradores-protestam-apos-morte-de-rapaz-baleado-em-festa-junina\\\/#webpage\"},\"isPartOf\":{\"@id\":\"https:\\\/\\\/ejornais.com.br\\\/index.php\\\/2025\\\/06\\\/08\\\/moradores-protestam-apos-morte-de-rapaz-baleado-em-festa-junina\\\/#webpage\"},\"articleSection\":\"Cat\\u00e1logo de Jornais\"},{\"@type\":\"BreadcrumbList\",\"@id\":\"https:\\\/\\\/ejornais.com.br\\\/index.php\\\/2025\\\/06\\\/08\\\/moradores-protestam-apos-morte-de-rapaz-baleado-em-festa-junina\\\/#breadcrumblist\",\"itemListElement\":[{\"@type\":\"ListItem\",\"@id\":\"https:\\\/\\\/ejornais.com.br#listItem\",\"position\":1,\"name\":\"In\\u00edcio\",\"item\":\"https:\\\/\\\/ejornais.com.br\",\"nextItem\":{\"@type\":\"ListItem\",\"@id\":\"https:\\\/\\\/ejornais.com.br\\\/index.php\\\/category\\\/ejornais\\\/#listItem\",\"name\":\"Cat\\u00e1logo de Jornais\"}},{\"@type\":\"ListItem\",\"@id\":\"https:\\\/\\\/ejornais.com.br\\\/index.php\\\/category\\\/ejornais\\\/#listItem\",\"position\":2,\"name\":\"Cat\\u00e1logo de Jornais\",\"item\":\"https:\\\/\\\/ejornais.com.br\\\/index.php\\\/category\\\/ejornais\\\/\",\"nextItem\":{\"@type\":\"ListItem\",\"@id\":\"https:\\\/\\\/ejornais.com.br\\\/index.php\\\/2025\\\/06\\\/08\\\/moradores-protestam-apos-morte-de-rapaz-baleado-em-festa-junina\\\/#listItem\",\"name\":\"Moradores protestam ap\\u00f3s morte de rapaz baleado em festa junina\"},\"previousItem\":{\"@type\":\"ListItem\",\"@id\":\"https:\\\/\\\/ejornais.com.br#listItem\",\"name\":\"In\\u00edcio\"}},{\"@type\":\"ListItem\",\"@id\":\"https:\\\/\\\/ejornais.com.br\\\/index.php\\\/2025\\\/06\\\/08\\\/moradores-protestam-apos-morte-de-rapaz-baleado-em-festa-junina\\\/#listItem\",\"position\":3,\"name\":\"Moradores protestam ap\\u00f3s morte de rapaz baleado em festa junina\",\"previousItem\":{\"@type\":\"ListItem\",\"@id\":\"https:\\\/\\\/ejornais.com.br\\\/index.php\\\/category\\\/ejornais\\\/#listItem\",\"name\":\"Cat\\u00e1logo de Jornais\"}}]},{\"@type\":\"Organization\",\"@id\":\"https:\\\/\\\/ejornais.com.br\\\/#organization\",\"name\":\"eJornais\",\"description\":\"Cat\\u00e1logo de Jornais no mundo, Not\\u00edcias, Blog e Esportes ao vivo\",\"url\":\"https:\\\/\\\/ejornais.com.br\\\/\"},{\"@type\":\"Person\",\"@id\":\"https:\\\/\\\/ejornais.com.br\\\/index.php\\\/author\\\/admin1\\\/#author\",\"url\":\"https:\\\/\\\/ejornais.com.br\\\/index.php\\\/author\\\/admin1\\\/\",\"name\":\"admin1\",\"image\":{\"@type\":\"ImageObject\",\"@id\":\"https:\\\/\\\/ejornais.com.br\\\/index.php\\\/2025\\\/06\\\/08\\\/moradores-protestam-apos-morte-de-rapaz-baleado-em-festa-junina\\\/#authorImage\",\"url\":\"https:\\\/\\\/secure.gravatar.com\\\/avatar\\\/04084e6d73c042b8646e7c17b494073bf0ede3ea13c7105cfc45cbbbc28385a4?s=96&d=mm&r=g\",\"width\":96,\"height\":96,\"caption\":\"admin1\"}},{\"@type\":\"WebPage\",\"@id\":\"https:\\\/\\\/ejornais.com.br\\\/index.php\\\/2025\\\/06\\\/08\\\/moradores-protestam-apos-morte-de-rapaz-baleado-em-festa-junina\\\/#webpage\",\"url\":\"https:\\\/\\\/ejornais.com.br\\\/index.php\\\/2025\\\/06\\\/08\\\/moradores-protestam-apos-morte-de-rapaz-baleado-em-festa-junina\\\/\",\"name\":\"Moradores protestam ap\\u00f3s morte de rapaz baleado em festa junina - eJornais\",\"description\":\"Por MRNews Moradores da comunidade Santo Amaro fizeram um protesto neste s\\u00e1bado (7), ap\\u00f3s a morte do jovem Herus Guimar\\u00e3es, baleado durante opera\\u00e7\\u00e3o da Pol\\u00edcia Militar na madrugada, enquanto uma festa junina era realizada. Al\\u00e9m de Herus, mais quatro pessoas ficaram feridas e seguem internadas no Hospital Municipal Souza Aguiar, uma em estado grave. Os participantes seguravam\",\"inLanguage\":\"pt-BR\",\"isPartOf\":{\"@id\":\"https:\\\/\\\/ejornais.com.br\\\/#website\"},\"breadcrumb\":{\"@id\":\"https:\\\/\\\/ejornais.com.br\\\/index.php\\\/2025\\\/06\\\/08\\\/moradores-protestam-apos-morte-de-rapaz-baleado-em-festa-junina\\\/#breadcrumblist\"},\"author\":{\"@id\":\"https:\\\/\\\/ejornais.com.br\\\/index.php\\\/author\\\/admin1\\\/#author\"},\"creator\":{\"@id\":\"https:\\\/\\\/ejornais.com.br\\\/index.php\\\/author\\\/admin1\\\/#author\"},\"datePublished\":\"2025-06-08T02:49:44-03:00\",\"dateModified\":\"2025-06-08T02:49:44-03:00\"},{\"@type\":\"WebSite\",\"@id\":\"https:\\\/\\\/ejornais.com.br\\\/#website\",\"url\":\"https:\\\/\\\/ejornais.com.br\\\/\",\"name\":\"eJornais\",\"description\":\"Cat\\u00e1logo de Jornais no mundo, Not\\u00edcias, Blog e Esportes ao vivo\",\"inLanguage\":\"pt-BR\",\"publisher\":{\"@id\":\"https:\\\/\\\/ejornais.com.br\\\/#organization\"}}]}\n\t\t<\/script>\n\t\t<!-- All in One SEO -->\n\n","aioseo_head_json":{"title":"Moradores protestam ap\u00f3s morte de rapaz baleado em festa junina - eJornais","description":"Por MRNews Moradores da comunidade Santo Amaro fizeram um protesto neste s\u00e1bado (7), ap\u00f3s a morte do jovem Herus Guimar\u00e3es, baleado durante opera\u00e7\u00e3o da Pol\u00edcia Militar na madrugada, enquanto uma festa junina era realizada. Al\u00e9m de Herus, mais quatro pessoas ficaram feridas e seguem internadas no Hospital Municipal Souza Aguiar, uma em estado grave. Os participantes seguravam","canonical_url":"https:\/\/ejornais.com.br\/index.php\/2025\/06\/08\/moradores-protestam-apos-morte-de-rapaz-baleado-em-festa-junina\/","robots":"max-image-preview:large","keywords":"","webmasterTools":{"miscellaneous":""},"schema":{"@context":"https:\/\/schema.org","@graph":[{"@type":"BlogPosting","@id":"https:\/\/ejornais.com.br\/index.php\/2025\/06\/08\/moradores-protestam-apos-morte-de-rapaz-baleado-em-festa-junina\/#blogposting","name":"Moradores protestam ap\u00f3s morte de rapaz baleado em festa junina - eJornais","headline":"Moradores protestam ap\u00f3s morte de rapaz baleado em festa junina","author":{"@id":"https:\/\/ejornais.com.br\/index.php\/author\/admin1\/#author"},"publisher":{"@id":"https:\/\/ejornais.com.br\/#organization"},"datePublished":"2025-06-08T02:49:44-03:00","dateModified":"2025-06-08T02:49:44-03:00","inLanguage":"pt-BR","mainEntityOfPage":{"@id":"https:\/\/ejornais.com.br\/index.php\/2025\/06\/08\/moradores-protestam-apos-morte-de-rapaz-baleado-em-festa-junina\/#webpage"},"isPartOf":{"@id":"https:\/\/ejornais.com.br\/index.php\/2025\/06\/08\/moradores-protestam-apos-morte-de-rapaz-baleado-em-festa-junina\/#webpage"},"articleSection":"Cat\u00e1logo de Jornais"},{"@type":"BreadcrumbList","@id":"https:\/\/ejornais.com.br\/index.php\/2025\/06\/08\/moradores-protestam-apos-morte-de-rapaz-baleado-em-festa-junina\/#breadcrumblist","itemListElement":[{"@type":"ListItem","@id":"https:\/\/ejornais.com.br#listItem","position":1,"name":"In\u00edcio","item":"https:\/\/ejornais.com.br","nextItem":{"@type":"ListItem","@id":"https:\/\/ejornais.com.br\/index.php\/category\/ejornais\/#listItem","name":"Cat\u00e1logo de Jornais"}},{"@type":"ListItem","@id":"https:\/\/ejornais.com.br\/index.php\/category\/ejornais\/#listItem","position":2,"name":"Cat\u00e1logo de Jornais","item":"https:\/\/ejornais.com.br\/index.php\/category\/ejornais\/","nextItem":{"@type":"ListItem","@id":"https:\/\/ejornais.com.br\/index.php\/2025\/06\/08\/moradores-protestam-apos-morte-de-rapaz-baleado-em-festa-junina\/#listItem","name":"Moradores protestam ap\u00f3s morte de rapaz baleado em festa junina"},"previousItem":{"@type":"ListItem","@id":"https:\/\/ejornais.com.br#listItem","name":"In\u00edcio"}},{"@type":"ListItem","@id":"https:\/\/ejornais.com.br\/index.php\/2025\/06\/08\/moradores-protestam-apos-morte-de-rapaz-baleado-em-festa-junina\/#listItem","position":3,"name":"Moradores protestam ap\u00f3s morte de rapaz baleado em festa junina","previousItem":{"@type":"ListItem","@id":"https:\/\/ejornais.com.br\/index.php\/category\/ejornais\/#listItem","name":"Cat\u00e1logo de Jornais"}}]},{"@type":"Organization","@id":"https:\/\/ejornais.com.br\/#organization","name":"eJornais","description":"Cat\u00e1logo de Jornais no mundo, Not\u00edcias, Blog e Esportes ao vivo","url":"https:\/\/ejornais.com.br\/"},{"@type":"Person","@id":"https:\/\/ejornais.com.br\/index.php\/author\/admin1\/#author","url":"https:\/\/ejornais.com.br\/index.php\/author\/admin1\/","name":"admin1","image":{"@type":"ImageObject","@id":"https:\/\/ejornais.com.br\/index.php\/2025\/06\/08\/moradores-protestam-apos-morte-de-rapaz-baleado-em-festa-junina\/#authorImage","url":"https:\/\/secure.gravatar.com\/avatar\/04084e6d73c042b8646e7c17b494073bf0ede3ea13c7105cfc45cbbbc28385a4?s=96&d=mm&r=g","width":96,"height":96,"caption":"admin1"}},{"@type":"WebPage","@id":"https:\/\/ejornais.com.br\/index.php\/2025\/06\/08\/moradores-protestam-apos-morte-de-rapaz-baleado-em-festa-junina\/#webpage","url":"https:\/\/ejornais.com.br\/index.php\/2025\/06\/08\/moradores-protestam-apos-morte-de-rapaz-baleado-em-festa-junina\/","name":"Moradores protestam ap\u00f3s morte de rapaz baleado em festa junina - eJornais","description":"Por MRNews Moradores da comunidade Santo Amaro fizeram um protesto neste s\u00e1bado (7), ap\u00f3s a morte do jovem Herus Guimar\u00e3es, baleado durante opera\u00e7\u00e3o da Pol\u00edcia Militar na madrugada, enquanto uma festa junina era realizada. Al\u00e9m de Herus, mais quatro pessoas ficaram feridas e seguem internadas no Hospital Municipal Souza Aguiar, uma em estado grave. Os participantes seguravam","inLanguage":"pt-BR","isPartOf":{"@id":"https:\/\/ejornais.com.br\/#website"},"breadcrumb":{"@id":"https:\/\/ejornais.com.br\/index.php\/2025\/06\/08\/moradores-protestam-apos-morte-de-rapaz-baleado-em-festa-junina\/#breadcrumblist"},"author":{"@id":"https:\/\/ejornais.com.br\/index.php\/author\/admin1\/#author"},"creator":{"@id":"https:\/\/ejornais.com.br\/index.php\/author\/admin1\/#author"},"datePublished":"2025-06-08T02:49:44-03:00","dateModified":"2025-06-08T02:49:44-03:00"},{"@type":"WebSite","@id":"https:\/\/ejornais.com.br\/#website","url":"https:\/\/ejornais.com.br\/","name":"eJornais","description":"Cat\u00e1logo de Jornais no mundo, Not\u00edcias, Blog e Esportes ao vivo","inLanguage":"pt-BR","publisher":{"@id":"https:\/\/ejornais.com.br\/#organization"}}]},"og:locale":"pt_BR","og:site_name":"eJornais - Cat\u00e1logo de Jornais no mundo, Not\u00edcias, Blog e Esportes ao vivo","og:type":"article","og:title":"Moradores protestam ap\u00f3s morte de rapaz baleado em festa junina - eJornais","og:description":"Por MRNews Moradores da comunidade Santo Amaro fizeram um protesto neste s\u00e1bado (7), ap\u00f3s a morte do jovem Herus Guimar\u00e3es, baleado durante opera\u00e7\u00e3o da Pol\u00edcia Militar na madrugada, enquanto uma festa junina era realizada. Al\u00e9m de Herus, mais quatro pessoas ficaram feridas e seguem internadas no Hospital Municipal Souza Aguiar, uma em estado grave. Os participantes seguravam","og:url":"https:\/\/ejornais.com.br\/index.php\/2025\/06\/08\/moradores-protestam-apos-morte-de-rapaz-baleado-em-festa-junina\/","article:published_time":"2025-06-08T05:49:44+00:00","article:modified_time":"2025-06-08T05:49:44+00:00","twitter:card":"summary_large_image","twitter:title":"Moradores protestam ap\u00f3s morte de rapaz baleado em festa junina - eJornais","twitter:description":"Por MRNews Moradores da comunidade Santo Amaro fizeram um protesto neste s\u00e1bado (7), ap\u00f3s a morte do jovem Herus Guimar\u00e3es, baleado durante opera\u00e7\u00e3o da Pol\u00edcia Militar na madrugada, enquanto uma festa junina era realizada. Al\u00e9m de Herus, mais quatro pessoas ficaram feridas e seguem internadas no Hospital Municipal Souza Aguiar, uma em estado grave. Os participantes seguravam"},"aioseo_meta_data":{"post_id":"46368","title":null,"description":null,"keywords":null,"keyphrases":null,"primary_term":null,"canonical_url":null,"og_title":null,"og_description":null,"og_object_type":"default","og_image_type":"default","og_image_url":null,"og_image_width":null,"og_image_height":null,"og_image_custom_url":null,"og_image_custom_fields":null,"og_video":null,"og_custom_url":null,"og_article_section":null,"og_article_tags":null,"twitter_use_og":false,"twitter_card":"default","twitter_image_type":"default","twitter_image_url":null,"twitter_image_custom_url":null,"twitter_image_custom_fields":null,"twitter_title":null,"twitter_description":null,"schema":{"blockGraphs":[],"customGraphs":[],"default":{"data":{"Article":[],"Course":[],"Dataset":[],"FAQPage":[],"Movie":[],"Person":[],"Product":[],"ProductReview":[],"Car":[],"Recipe":[],"Service":[],"SoftwareApplication":[],"WebPage":[]},"graphName":"","isEnabled":true},"graphs":[]},"schema_type":"default","schema_type_options":null,"pillar_content":false,"robots_default":true,"robots_noindex":false,"robots_noarchive":false,"robots_nosnippet":false,"robots_nofollow":false,"robots_noimageindex":false,"robots_noodp":false,"robots_notranslate":false,"robots_max_snippet":null,"robots_max_videopreview":null,"robots_max_imagepreview":"large","priority":null,"frequency":null,"local_seo":null,"breadcrumb_settings":null,"limit_modified_date":false,"ai":null,"created":"2025-06-08 05:52:09","updated":"2025-06-08 05:52:09","seo_analyzer_scan_date":null,"focus_keyword":null,"additional_keywords":null,"truseo_locale":null},"aioseo_breadcrumb":"<div class=\"aioseo-breadcrumbs\"><span class=\"aioseo-breadcrumb\">\n\t\t\t<a href=\"https:\/\/ejornais.com.br\" title=\"In\u00edcio\">In\u00edcio<\/a>\n\t\t<\/span><span class=\"aioseo-breadcrumb-separator\">&raquo;<\/span><span class=\"aioseo-breadcrumb\">\n\t\t\t<a href=\"https:\/\/ejornais.com.br\/index.php\/category\/ejornais\/\" title=\"Cat\u00e1logo de Jornais\">Cat\u00e1logo de Jornais<\/a>\n\t\t<\/span><span class=\"aioseo-breadcrumb-separator\">&raquo;<\/span><span class=\"aioseo-breadcrumb\">\n\t\t\tMoradores protestam ap\u00f3s morte de rapaz baleado em festa junina\n\t\t<\/span><\/div>","aioseo_breadcrumb_json":[{"label":"In\u00edcio","link":"https:\/\/ejornais.com.br"},{"label":"Cat\u00e1logo de Jornais","link":"https:\/\/ejornais.com.br\/index.php\/category\/ejornais\/"},{"label":"Moradores protestam ap\u00f3s morte de rapaz baleado em festa junina","link":"https:\/\/ejornais.com.br\/index.php\/2025\/06\/08\/moradores-protestam-apos-morte-de-rapaz-baleado-em-festa-junina\/"}],"amp_enabled":true,"_links":{"self":[{"href":"https:\/\/ejornais.com.br\/index.php\/wp-json\/wp\/v2\/posts\/46368","targetHints":{"allow":["GET"]}}],"collection":[{"href":"https:\/\/ejornais.com.br\/index.php\/wp-json\/wp\/v2\/posts"}],"about":[{"href":"https:\/\/ejornais.com.br\/index.php\/wp-json\/wp\/v2\/types\/post"}],"author":[{"embeddable":true,"href":"https:\/\/ejornais.com.br\/index.php\/wp-json\/wp\/v2\/users\/2"}],"replies":[{"embeddable":true,"href":"https:\/\/ejornais.com.br\/index.php\/wp-json\/wp\/v2\/comments?post=46368"}],"version-history":[{"count":0,"href":"https:\/\/ejornais.com.br\/index.php\/wp-json\/wp\/v2\/posts\/46368\/revisions"}],"wp:attachment":[{"href":"https:\/\/ejornais.com.br\/index.php\/wp-json\/wp\/v2\/media?parent=46368"}],"wp:term":[{"taxonomy":"category","embeddable":true,"href":"https:\/\/ejornais.com.br\/index.php\/wp-json\/wp\/v2\/categories?post=46368"},{"taxonomy":"post_tag","embeddable":true,"href":"https:\/\/ejornais.com.br\/index.php\/wp-json\/wp\/v2\/tags?post=46368"}],"curies":[{"name":"wp","href":"https:\/\/api.w.org\/{rel}","templated":true}]}}