{"id":46458,"date":"2025-06-09T19:21:40","date_gmt":"2025-06-09T22:21:40","guid":{"rendered":"https:\/\/ejornais.com.br\/index.php\/2025\/06\/09\/conitec-abre-consulta-publica-sobre-inclusao-da-semaglutida-no-sus\/"},"modified":"2025-06-09T19:21:40","modified_gmt":"2025-06-09T22:21:40","slug":"conitec-abre-consulta-publica-sobre-inclusao-da-semaglutida-no-sus","status":"publish","type":"post","link":"https:\/\/ejornais.com.br\/index.php\/2025\/06\/09\/conitec-abre-consulta-publica-sobre-inclusao-da-semaglutida-no-sus\/","title":{"rendered":"Conitec abre consulta p\u00fablica sobre inclus\u00e3o da semaglutida no SUS"},"content":{"rendered":"<p> Por MRNews<br \/>\n<\/p>\n<div wp_automatic_readability=\"56.240846216436\">\n<p>A Comiss\u00e3o Nacional de Incorpora\u00e7\u00e3o de Tecnologias no Sistema Unico de Sa\u00fade (Conitec) abriu nesta segunda-feira (9) uma consulta p\u00fablica para receber opini\u00f5es da popula\u00e7\u00e3o a respeito da inclus\u00e3o da semaglutida nos servi\u00e7os p\u00fablicos de sa\u00fade.\u00a0<\/p>\n<p>A subst\u00e2ncia, que \u00e9 o princ\u00edpio ativo do Ozempic e do Wegovy, se tornou famosa pelo potencial emagrecedor, apesar de ter sido desenvolvida inicialmente para o tratamento do diabetes. Esse efeito se d\u00e1 porque a\u00a0semaglutida \u00e9 um agonista do horm\u00f4nio intestinal GLP-1, ou seja, uma mol\u00e9cula que ativa o receptor cerebral desse horm\u00f4nio, equilibrando a produ\u00e7\u00e3o de insulina do organismo e produzindo a sensa\u00e7\u00e3o de saciedade.<\/p>\n<p><strong>A consulta p\u00fablica faz parte da avalia\u00e7\u00e3o da prescri\u00e7\u00e3o do Wegovy 2,4 mg para pacientes com obesidade, mas que tamb\u00e9m tenham hist\u00f3rico de doen\u00e7a cardiovascular e mais de 45 anos<\/strong>. A classe m\u00e9dica e a sociedade civil podem se manifestar sobre o tema at\u00e9 o dia 30 de junho. Depois, as contribui\u00e7\u00f5es v\u00e3o ajudar a embasar um parecer da comiss\u00e3o, recomendando ou n\u00e3o que o medicamento seja incorporado ao Sistema \u00danico de Sa\u00fade (SUS).\u00a0<\/p>\n<p><strong><a href=\"https:\/\/mrnews.com.br\/index.php\/2025\/06\/09\/pix-bate-recorde-com-quase-280-milhoes-de-transacoes-em-um-dia\/\">Pix bate recorde com quase 280 milh\u00f5es de transa\u00e7\u00f5es em um dia<\/a><\/strong><\/p>\n<p><strong><a href=\"https:\/\/mrnews.com.br\/index.php\/2025\/06\/09\/cid-bolsonaro-buscava-fraude-nas-urnas-para-justificar-intervencao\/\">Cid: Bolsonaro buscava fraude nas urnas para justificar interven\u00e7\u00e3o<\/a><\/strong><\/p>\n<p>A avalia\u00e7\u00e3o da Conitec foi solicitada pela Novo Nordisk, farmac\u00eautica fabricante do Wegovy, e, em um parecer dado em maio, <strong>a Comiss\u00e3o recomendou a n\u00e3o incorpora\u00e7\u00e3o devido aos custos elevados para a compra do medicamento, avaliados em at\u00e9 R$ 7 bilh\u00f5es em cinco anos<\/strong>. Mas a farmac\u00eautica argumenta que a ado\u00e7\u00e3o do medicamento pode reduzir custos de tratamento de doen\u00e7as cr\u00f4nicas associadas \u00e0 obesidade.<\/p>\n<p>Por enquanto, a semaglutida n\u00e3o \u00e9 oferecida por nenhum servi\u00e7o p\u00fablico de sa\u00fade, mas uma subst\u00e2ncia semelhante, a liraglutida, \u00e9 utilizada em\u00a0cidades de Goi\u00e1s, Distrito Federal e Esp\u00edrito Santo, e tamb\u00e9m faz parte de protocolos de tratamento do Instituto Estadual de Diabetes e Endocrinologia do estado do Rio de Janeiro (Iede), e do Hospital das Cl\u00ednicas e do Instituto da Crian\u00e7a da Universidade de S\u00e3o Paulo.<\/p>\n<p>No come\u00e7o deste ano, a prefeitura do Rio de Janeiro anunciou que pretende incorporar a semaglutida a um novo servi\u00e7o de tratamento da obesidade, a partir do ano que vem.<\/p>\n<p><strong><a href=\"https:\/\/mrnews.com.br\/index.php\/2025\/06\/09\/cid-diz-que-entregou-dinheiro-em-sacola-a-pedido-de-braga-netto\/\">Cid diz que entregou dinheiro em sacola a pedido de Braga Netto<\/a><\/strong><\/p>\n<p><strong><a href=\"https:\/\/mrnews.com.br\/index.php\/2025\/06\/09\/telejornal-reporter-brasil-exibe-serie-especial-sobre-a-cop30\/\">Telejornal Rep\u00f3rter Brasil exibe s\u00e9rie especial sobre a COP30<\/a><\/strong><\/p>\n<\/div>\n","protected":false},"excerpt":{"rendered":"<p>Por MRNews A Comiss\u00e3o Nacional de Incorpora\u00e7\u00e3o de Tecnologias no Sistema Unico de Sa\u00fade (Conitec) abriu nesta segunda-feira (9) uma<\/p>\n","protected":false},"author":2,"featured_media":0,"comment_status":"","ping_status":"","sticky":false,"template":"","format":"standard","meta":{"colormag_page_container_layout":"default_layout","colormag_page_sidebar_layout":"default_layout","footnotes":""},"categories":[1],"tags":[],"class_list":["post-46458","post","type-post","status-publish","format-standard","hentry","category-ejornais"],"aioseo_notices":[],"amp_enabled":true,"_links":{"self":[{"href":"https:\/\/ejornais.com.br\/index.php\/wp-json\/wp\/v2\/posts\/46458","targetHints":{"allow":["GET"]}}],"collection":[{"href":"https:\/\/ejornais.com.br\/index.php\/wp-json\/wp\/v2\/posts"}],"about":[{"href":"https:\/\/ejornais.com.br\/index.php\/wp-json\/wp\/v2\/types\/post"}],"author":[{"embeddable":true,"href":"https:\/\/ejornais.com.br\/index.php\/wp-json\/wp\/v2\/users\/2"}],"replies":[{"embeddable":true,"href":"https:\/\/ejornais.com.br\/index.php\/wp-json\/wp\/v2\/comments?post=46458"}],"version-history":[{"count":0,"href":"https:\/\/ejornais.com.br\/index.php\/wp-json\/wp\/v2\/posts\/46458\/revisions"}],"wp:attachment":[{"href":"https:\/\/ejornais.com.br\/index.php\/wp-json\/wp\/v2\/media?parent=46458"}],"wp:term":[{"taxonomy":"category","embeddable":true,"href":"https:\/\/ejornais.com.br\/index.php\/wp-json\/wp\/v2\/categories?post=46458"},{"taxonomy":"post_tag","embeddable":true,"href":"https:\/\/ejornais.com.br\/index.php\/wp-json\/wp\/v2\/tags?post=46458"}],"curies":[{"name":"wp","href":"https:\/\/api.w.org\/{rel}","templated":true}]}}