{"id":46583,"date":"2025-06-11T15:57:44","date_gmt":"2025-06-11T18:57:44","guid":{"rendered":"https:\/\/ejornais.com.br\/index.php\/2025\/06\/11\/ifsp-marca-presenca-na-inovept-2025-ifsp\/"},"modified":"2025-06-11T15:57:44","modified_gmt":"2025-06-11T18:57:44","slug":"ifsp-marca-presenca-na-inovept-2025-ifsp","status":"publish","type":"post","link":"https:\/\/ejornais.com.br\/index.php\/2025\/06\/11\/ifsp-marca-presenca-na-inovept-2025-ifsp\/","title":{"rendered":"IFSP marca presen\u00e7a na InovEPT 2025 &#8211; IFSP"},"content":{"rendered":"<p><\/p>\n<div>\n<div class=\"subtitle\">\n<p>Evento debate inova\u00e7\u00e3o e empreendedorismo\u00a0at\u00e9 o dia 12 de junho em Bras\u00edlia<\/p>\n<\/div>\n<p><!-- fim .content-header-options-1 --><\/p>\n<div>\n<div>\n<div class=\"n2-section-smartslider fitvidsignore  n2_clear\" data-ssid=\"57\">\n<div id=\"n2-ss-57-align\" class=\"n2-ss-align\">\n<div class=\"n2-padding\">\n<div id=\"n2-ss-57\" data-creator=\"Smart Slider 3\" data-responsive=\"auto\" class=\"n2-ss-slider n2-ow n2-has-hover n2notransition\">\n<div class=\"n2-ss-slider-wrapper-outside\" style=\"grid-template-rows:1fr auto\">\n<div class=\"n2-ss-slider-wrapper-inside\">\n<div class=\"n2-ss-slider-1 n2_ss__touch_element n2-ow\">\n<div class=\"n2-ss-slider-2 n2-ow\">\n<div class=\"n2-ss-slider-3 n2-ow\">\n<div class=\"n2-ss-slider-4 n2-ow\">                         <svg xmlns=\"http:\/\/www.w3.org\/2000\/svg\" viewbox=\"0 0 750 500\" data-related-device=\"desktopPortrait\" class=\"n2-ow n2-ss-preserve-size n2-ss-preserve-size--slider n2-ss-slide-limiter\"\/><\/p>\n<div data-first=\"1\" data-slide-duration=\"0\" data-id=\"1263\" data-slide-public-id=\"1\" data-title=\"INOVAEPT\" class=\"n2-ss-slide n2-ow  n2-ss-slide-1263\">\n<p>INOVAEPT<\/p>\n<\/div>\n<div data-slide-duration=\"0\" data-id=\"1264\" data-slide-public-id=\"2\" data-title=\"INOVAEPT1\" class=\"n2-ss-slide n2-ow  n2-ss-slide-1264\">\n<p>INOVAEPT1<\/p>\n<\/div>\n<div data-slide-duration=\"0\" data-id=\"1265\" data-slide-public-id=\"3\" data-title=\"INOVAEPT2\" class=\"n2-ss-slide n2-ow  n2-ss-slide-1265\">\n<p>INOVAEPT2<\/p>\n<\/div>\n<div data-slide-duration=\"0\" data-id=\"1266\" data-slide-public-id=\"4\" data-title=\"INOVAEPT4\" class=\"n2-ss-slide n2-ow  n2-ss-slide-1266\">\n<p>INOVAEPT4<\/p>\n<\/div>\n<div data-slide-duration=\"0\" data-id=\"1268\" data-slide-public-id=\"5\" data-title=\"INOVAEPT5\" class=\"n2-ss-slide n2-ow  n2-ss-slide-1268\">\n<p>INOVAEPT5<\/p>\n<\/div>\n<div data-slide-duration=\"0\" data-id=\"1269\" data-slide-public-id=\"6\" data-title=\"INOVAEPT31\" class=\"n2-ss-slide n2-ow  n2-ss-slide-1269\">\n<p>INOVAEPT31<\/p>\n<\/div><\/div>\n<\/p><\/div>\n<\/p><\/div>\n<\/p><\/div>\n<\/p><\/div>\n<\/div>\n<\/div>\n<p><ss3-loader\/><\/div>\n<\/div>\n<\/div>\n<\/div>\n<\/div>\n<p>\u00a0<\/p>\n<p>A abertura do\u00a0III\u00a0Encontro\u00a0Nacional\u00a0de Inova\u00e7\u00e3o\u00a0e Empreendedorismo na Educa\u00e7\u00e3o Profissional e Tecnol\u00f3gica (InovEPT)\u00a0reuniu\u00a0nesta ter\u00e7a-feira,\u00a0dia\u00a010\u00a0de junho,\u00a0no Campus Bras\u00edlia\u00a0do Instituto Federal de Bras\u00edlia (IFB),\u00a0autoridades,\u00a0professores, t\u00e9cnicos, estudantes e pesquisadores\u00a0de todo o\u00a0pa\u00eds. Diversos servidores do IFSP est\u00e3o presentes no encontro, promovido pelo Minist\u00e9rio da Educa\u00e7\u00e3o (MEC) por meio da Secretaria de Educa\u00e7\u00e3o Profissional e Tecnol\u00f3gica (Setec),\u00a0com\u00a0programa\u00e7\u00e3o\u00a0at\u00e9 o dia 12 de junho.\u202fA solenidade\u00a0de abertura\u00a0foi transmitida pelo\u00a0canal do MEC no YouTube.\u00a0<\/p>\n<p>O secret\u00e1rio de Educa\u00e7\u00e3o Profissional e Tecnol\u00f3gica\u00a0do MEC,\u00a0Marcelo\u00a0Bregagnoli, destacou\u00a0a import\u00e2ncia do encontro\u00a0como um momento de an\u00e1lise, reflex\u00e3o e interlocu\u00e7\u00e3o para a\u00a0educa\u00e7\u00e3o profissional e tecnol\u00f3gica\u00a0(EPT). \u201cO objetivo do MEC \u00e9 estabelecer um ecossistema no qual as redes se completem e\u00a0as\u00a0expertises\u00a0possam ser potencializadas\u201d, afirmou o secret\u00e1rio, que tamb\u00e9m fez uma apresenta\u00e7\u00e3o das principais a\u00e7\u00f5es do governo federal\u00a0para a\u00a0EPT.\u00a0\u00a0<\/p>\n<p>Confira a seguir um pouco da participa\u00e7\u00e3o do IFSP no evento:<\/p>\n<p><strong>Programa EnergIFE<\/strong><\/p>\n<p>No \u00e2mbito do programa EnergIFE, os professores do IFSP Cintia Gon\u00e7alves e Felipe Almeida, fizeram parte da mesa \u201cForma\u00e7\u00e3o de Profissionais e Projetos de Parceria com Empresas para o Setor de Energias Renov\u00e1veis\u201d, que aconteceu na tarde de ter\u00e7a (10).<\/p>\n<p>J\u00e1 a Inova IFSP p\u00f4de contribuir na mesa-redonda sobre \u201cA import\u00e2ncia das conex\u00f5es dos ambientes de inova\u00e7\u00e3o da RFEPCT\u201d levando a experi\u00eancia de mais de 6 anos da cria\u00e7\u00e3o da ag\u00eancia e suas conex\u00f5es com os agentes de outros setores para parcerias de pesquisa, desenvolvimento e inova\u00e7\u00e3o.<\/p>\n<p>O diretor do Polo de Inova\u00e7\u00e3o Embrapii do IFSP, S\u00e9rgio Azevedo, participa da mesa redonda &#8220;Polos de Inova\u00e7\u00e3o &#8211; Desenvolvimento de Tecnologia para todo o Brasil&#8221;. Sabia mais sobre a atua\u00e7\u00e3o em https:\/\/embrapii.ifsp.edu.br\/.<\/p>\n<p>Ainda, a professora Andreia de Alc\u00e2ntara Cerizza, a convite do Assistec da Setec\/MEC, levou ao evento sua experi\u00eancia em economia solid\u00e1ria desenvolvida no campus Birigui com o projeto LabSol (Laborat\u00f3rio de Empreendimentos Econ\u00f4micos), um lab h\u00edbrido (presencial e remoto), embasado na agenda 2030\/ONU e nos 17 ODS\/ONU, na perspectiva do desenvolvimento local.<\/p>\n<p><strong>Indica\u00e7\u00e3o Geogr\u00e1fica<\/strong><\/p>\n<p>Durante a cerim\u00f4nia, o MEC anunciou o investimento de R$ 4 milh\u00f5es para a\u00a0sele\u00e7\u00e3o de projetos voltados ao desenvolvimento de\u00a0Indica\u00e7\u00f5es Geogr\u00e1ficas (IGs)\u00a0na\u00a0Rede Federal de Educa\u00e7\u00e3o Profissional, Cient\u00edfica e Tecnol\u00f3gica.\u00a0\u00a0<\/p>\n<p>Poder\u00e3o ser apresentadas propostas de projeto para os eixos\u00a0relacionados a\u00a0IGs: diagn\u00f3stico sobre o potencial de registro; estrutura\u00e7\u00e3o de registro\u00a0junto ao Instituto Nacional de Propriedade Industrial (INPI); promo\u00e7\u00e3o e fortalecimento de neg\u00f3cios\u00a0de institui\u00e7\u00f5es representativas, por meio de incuba\u00e7\u00e3o; internacionaliza\u00e7\u00e3o de\u00a0IGs\u00a0nacionais; e turismo. O\u00a0edital\u00a0da sele\u00e7\u00e3o, publicado nesta ter\u00e7a-feira (10), ser\u00e1\u00a0realizado\u00a0em parceria com o Instituto Federal do Esp\u00edrito Santo (IFES).\u00a0<\/p>\n<p><strong>InovEPT\u00a0\u2013<\/strong>\u00a0Esta \u00e9 a terceira edi\u00e7\u00e3o do\u00a0encontro, que\u00a0busca apresentar e discutir os desafios, as metodologias e as pr\u00e1ticas inovadoras voltadas ao empreendedorismo, \u00e0 inova\u00e7\u00e3o, \u00e0 tecnologia e \u00e0 sustentabilidade no ensino t\u00e9cnico e profissional.\u00a0Ao longo dos tr\u00eas dias de programa\u00e7\u00e3o, o\u00a0evento\u00a0contar\u00e1 com palestras, oficinas e mesas-redondas. Confira todas as atividades\u00a0gratuitas\u00a0no\u00a0site do evento.\u00a0<\/p>\n<p><em>Com informa\u00e7\u00f5es MEC e Setec<\/em><\/p>\n<\/div>\n","protected":false},"excerpt":{"rendered":"<p>Evento debate inova\u00e7\u00e3o e empreendedorismo\u00a0at\u00e9 o dia 12 de junho em Bras\u00edlia INOVAEPT INOVAEPT1 INOVAEPT2 INOVAEPT4 INOVAEPT5 INOVAEPT31 \u00a0 A<\/p>\n","protected":false},"author":2,"featured_media":0,"comment_status":"","ping_status":"","sticky":false,"template":"","format":"standard","meta":{"colormag_page_container_layout":"default_layout","colormag_page_sidebar_layout":"default_layout","footnotes":""},"categories":[1],"tags":[],"class_list":["post-46583","post","type-post","status-publish","format-standard","hentry","category-ejornais"],"aioseo_notices":[],"amp_enabled":true,"_links":{"self":[{"href":"https:\/\/ejornais.com.br\/index.php\/wp-json\/wp\/v2\/posts\/46583","targetHints":{"allow":["GET"]}}],"collection":[{"href":"https:\/\/ejornais.com.br\/index.php\/wp-json\/wp\/v2\/posts"}],"about":[{"href":"https:\/\/ejornais.com.br\/index.php\/wp-json\/wp\/v2\/types\/post"}],"author":[{"embeddable":true,"href":"https:\/\/ejornais.com.br\/index.php\/wp-json\/wp\/v2\/users\/2"}],"replies":[{"embeddable":true,"href":"https:\/\/ejornais.com.br\/index.php\/wp-json\/wp\/v2\/comments?post=46583"}],"version-history":[{"count":0,"href":"https:\/\/ejornais.com.br\/index.php\/wp-json\/wp\/v2\/posts\/46583\/revisions"}],"wp:attachment":[{"href":"https:\/\/ejornais.com.br\/index.php\/wp-json\/wp\/v2\/media?parent=46583"}],"wp:term":[{"taxonomy":"category","embeddable":true,"href":"https:\/\/ejornais.com.br\/index.php\/wp-json\/wp\/v2\/categories?post=46583"},{"taxonomy":"post_tag","embeddable":true,"href":"https:\/\/ejornais.com.br\/index.php\/wp-json\/wp\/v2\/tags?post=46583"}],"curies":[{"name":"wp","href":"https:\/\/api.w.org\/{rel}","templated":true}]}}