{"id":46587,"date":"2025-06-11T17:19:38","date_gmt":"2025-06-11T20:19:38","guid":{"rendered":"https:\/\/ejornais.com.br\/index.php\/2025\/06\/11\/lula-recebera-princesa-imperial-do-japao\/"},"modified":"2025-06-11T17:19:38","modified_gmt":"2025-06-11T20:19:38","slug":"lula-recebera-princesa-imperial-do-japao","status":"publish","type":"post","link":"https:\/\/ejornais.com.br\/index.php\/2025\/06\/11\/lula-recebera-princesa-imperial-do-japao\/","title":{"rendered":"Lula receber\u00e1 princesa imperial do Jap\u00e3o"},"content":{"rendered":"<p> Por MRNews<br \/>\n<\/p>\n<div wp_automatic_readability=\"100.33186594717\">\n<p><strong>A princesa imperial do Jap\u00e3o, Kako de Akishino, est\u00e1 em visita a Bras\u00edlia, nesta quarta-feira (11), e ser\u00e1 recebida nesta tarde pelo presidente Luiz In\u00e1cio Lula da Silva, para reuni\u00e3o no Pal\u00e1cio do Planalto<\/strong>. A visita marca os 130 anos do Tratado de Amizade, Com\u00e9rcio e Navega\u00e7\u00e3o entre Brasil e Jap\u00e3o, que estabeleceu rela\u00e7\u00f5es diplom\u00e1ticas entre os dois pa\u00edses, assinado em 5 de novembro de 1895.<\/p>\n<p>Pela manh\u00e3, Kako foi recebida no Congresso Nacional, pelos presidentes do Senado, Davi Alcolumbre, e da C\u00e2mara dos Deputados, Hugo Motta, para sess\u00e3o solene tamb\u00e9m em homenagem ao anivers\u00e1rio das rela\u00e7\u00f5es bilaterais. Na sequ\u00eancia, a delega\u00e7\u00e3o japonesa participou de almo\u00e7o com o ministro das Rela\u00e7\u00f5es Exteriores, Mauro Vieira, no Pal\u00e1cio do Itamaraty.<\/p>\n<p><strong>Kako de Akishino tem 30 anos e tem p\u00f3s-gradua\u00e7\u00e3o em psicologia. Ela \u00e9 filha do pr\u00edncipe Fumihito e sobrinha do atual imperador japon\u00eas Naruhito.<\/strong> O Jap\u00e3o \u00e9 uma monarquia constitucional e cabe \u00e0 fam\u00edlia imperial promover as rela\u00e7\u00f5es exteriores do pa\u00eds.<\/p>\n<p><strong><a href=\"https:\/\/mrnews.com.br\/index.php\/2025\/06\/11\/vale-tudo-raquel-entra-para-o-mundo-dos-milionarios-e-vive-romance-com-renato\/\">Vale Tudo; Raquel Entra para o Mundo dos Milion\u00e1rios e Vive Romance com Renato<\/a><\/strong><\/p>\n<p><strong><a href=\"https:\/\/mrnews.com.br\/index.php\/2025\/06\/11\/dino-vota-a-favor-da-responsabilizacao-de-redes-por-conteudos-ilegais\/\">Dino vota a favor da responsabiliza\u00e7\u00e3o de redes por conte\u00fados ilegais<\/a><\/strong><\/p>\n<p>&gt;&gt; Siga o canal da <strong>Ag\u00eancia Brasil<\/strong> no WhatsApp<\/p>\n<p>A convite do governo brasileiro, a visita come\u00e7ou no \u00faltimo dia 5, em S\u00e3o Paulo.<\/p>\n<p>Ser\u00e3o dez dias de viagem que incluem tamb\u00e9m passagens pelo Rio de Janeiro (RJ), Maring\u00e1 (PR), Rol\u00e2ndia (PR), Londrina (PR), Campinas (SP), Foz do Igua\u00e7u (PR), Campo Grande (MS) e Bras\u00edlia (DF), entre elas, cidades onde h\u00e1 uma forte presen\u00e7a da comunidade japonesa.<\/p>\n<h2>Imigra\u00e7\u00e3o japonesa<\/h2>\n<p>Neste ano, tamb\u00e9m s\u00e3o celebrados os 117 anos da imigra\u00e7\u00e3o japonesa para o Brasil. O marco dessa imigra\u00e7\u00e3o \u00e9 o ano de 1908, quando o navio Kasato Maru atracou no Porto de Santos, em S\u00e3o Paulo, trazendo 781 imigrantes japoneses. De l\u00e1 para c\u00e1, as rela\u00e7\u00f5es econ\u00f4micas e culturais se fortaleceram.<\/p>\n<p><strong><a href=\"https:\/\/mrnews.com.br\/index.php\/2025\/06\/11\/combate-a-fake-news-bloqueia-votacao-de-codigo-eleitoral-no-senado\/\">Combate a fake news bloqueia vota\u00e7\u00e3o de c\u00f3digo eleitoral no Senado<\/a><\/strong><\/p>\n<p><strong><a href=\"https:\/\/mrnews.com.br\/index.php\/2025\/06\/11\/ministerio-da-saude-quer-cpf-como-numero-chave-de-acesso-ao-sus\/\">Minist\u00e9rio da Sa\u00fade quer CPF como n\u00famero-chave de acesso ao SUS<\/a><\/strong><\/p>\n<p><strong>O Brasil abriga a maior popula\u00e7\u00e3o nipodescendente fora do Jap\u00e3o, com cerca de dois milh\u00f5es de pessoas, enquanto o Jap\u00e3o tem a quinta maior comunidade brasileira no exterior: cerca de duzentas mil pessoas.<\/strong><\/p>\n<p>Do ponto de vista comercial, em 2024 o Jap\u00e3o foi o terceiro maior parceiro comercial do Brasil na \u00c1sia e terceiro maior destino de exporta\u00e7\u00f5es brasileiras \u00e0 regi\u00e3o, com interc\u00e2mbio comercial de US$ 11 bilh\u00f5es e super\u00e1vit de US$ 148 milh\u00f5es para o Brasil.<\/p>\n<blockquote wp_automatic_readability=\"10\">\n<p>Segundo o Banco Central (BC), em 2023, o Jap\u00e3o respondia por US$ 35 bilh\u00f5es em investimentos diretos no pa\u00eds, sendo o nono maior estoque de investimentos estrangeiros no Brasil e o segundo maior investidor asi\u00e1tico.<\/p>\n<\/blockquote>\n<p><strong>Os investimentos japoneses s\u00e3o diversificados e incluem setores como automotivo, materiais el\u00e9tricos e siderurgia.<\/strong> As exporta\u00e7\u00f5es brasileiras para o Jap\u00e3o comp\u00f5em-se, na maior parte, de produtos como min\u00e9rio de ferro, frango, caf\u00e9, alum\u00ednio e milho, enquanto as importa\u00e7\u00f5es do Jap\u00e3o correspondem, em sua quase totalidade, a produtos manufaturados, a exemplo de autope\u00e7as, compostos qu\u00edmicos, instrumentos de medi\u00e7\u00e3o e controle e circuitos integrados.\u00a0Em mar\u00e7o, o presidente Lula visitou o Jap\u00e3o.\u00a0\u00a0<\/p>\n<p>Na ocasi\u00e3o, ele disse que pretende recuperar os US$ 6 bilh\u00f5es de balan\u00e7a comercial que Brasil e Jap\u00e3o perderam na \u00faltima d\u00e9cada e avan\u00e7ar na abertura de mercado para a carne bovina brasileira.\u00a0<br \/>\u00a0<\/p>\n<\/div>\n","protected":false},"excerpt":{"rendered":"<p>Por MRNews A princesa imperial do Jap\u00e3o, Kako de Akishino, est\u00e1 em visita a Bras\u00edlia, nesta quarta-feira (11), e ser\u00e1<\/p>\n","protected":false},"author":2,"featured_media":0,"comment_status":"","ping_status":"","sticky":false,"template":"","format":"standard","meta":{"colormag_page_container_layout":"default_layout","colormag_page_sidebar_layout":"default_layout","footnotes":""},"categories":[1],"tags":[],"class_list":["post-46587","post","type-post","status-publish","format-standard","hentry","category-ejornais"],"aioseo_notices":[],"amp_enabled":true,"_links":{"self":[{"href":"https:\/\/ejornais.com.br\/index.php\/wp-json\/wp\/v2\/posts\/46587","targetHints":{"allow":["GET"]}}],"collection":[{"href":"https:\/\/ejornais.com.br\/index.php\/wp-json\/wp\/v2\/posts"}],"about":[{"href":"https:\/\/ejornais.com.br\/index.php\/wp-json\/wp\/v2\/types\/post"}],"author":[{"embeddable":true,"href":"https:\/\/ejornais.com.br\/index.php\/wp-json\/wp\/v2\/users\/2"}],"replies":[{"embeddable":true,"href":"https:\/\/ejornais.com.br\/index.php\/wp-json\/wp\/v2\/comments?post=46587"}],"version-history":[{"count":0,"href":"https:\/\/ejornais.com.br\/index.php\/wp-json\/wp\/v2\/posts\/46587\/revisions"}],"wp:attachment":[{"href":"https:\/\/ejornais.com.br\/index.php\/wp-json\/wp\/v2\/media?parent=46587"}],"wp:term":[{"taxonomy":"category","embeddable":true,"href":"https:\/\/ejornais.com.br\/index.php\/wp-json\/wp\/v2\/categories?post=46587"},{"taxonomy":"post_tag","embeddable":true,"href":"https:\/\/ejornais.com.br\/index.php\/wp-json\/wp\/v2\/tags?post=46587"}],"curies":[{"name":"wp","href":"https:\/\/api.w.org\/{rel}","templated":true}]}}