{"id":46588,"date":"2025-06-11T17:20:49","date_gmt":"2025-06-11T20:20:49","guid":{"rendered":"https:\/\/ejornais.com.br\/index.php\/2025\/06\/11\/emprega-cg-acolhe-realiza-atendimentos-na-praca-ary-coelho-com-encaminhamentos-para-200-vagas-de-emprego-cgnoticias\/"},"modified":"2025-06-11T17:20:49","modified_gmt":"2025-06-11T20:20:49","slug":"emprega-cg-acolhe-realiza-atendimentos-na-praca-ary-coelho-com-encaminhamentos-para-200-vagas-de-emprego-cgnoticias","status":"publish","type":"post","link":"https:\/\/ejornais.com.br\/index.php\/2025\/06\/11\/emprega-cg-acolhe-realiza-atendimentos-na-praca-ary-coelho-com-encaminhamentos-para-200-vagas-de-emprego-cgnoticias\/","title":{"rendered":"Emprega CG-Acolhe realiza atendimentos na Pra\u00e7a Ary Coelho com encaminhamentos para 200 vagas de emprego \u2013 CGNot\u00edcias"},"content":{"rendered":"<p><\/p>\n<div>\n<p>A Prefeitura de Campo Grande, por meio da Funda\u00e7\u00e3o Social do Trabalho (Funsat), realizou nesta quarta-feira (11) mais uma edi\u00e7\u00e3o do Emprega CG-Acolhe, programa que tem como foco a inclus\u00e3o profissional de imigrantes, refugiados, ap\u00e1tridas e pessoas em situa\u00e7\u00e3o de vulnerabilidade social. A a\u00e7\u00e3o aconteceu na Pra\u00e7a Ary Coelho, das 8h \u00e0s 12h, com o encaminhamento de candidatos para 200 oportunidades de emprego, distribu\u00eddas em 19 fun\u00e7\u00f5es. Ao final da manh\u00e3, foram registrados 49 encaminhamentos.<\/p>\n<p>Reconhecida por ser um celeiro de oportunidades, Campo Grande tem sido escolhida por milhares de pessoas que buscam recome\u00e7ar suas vidas. \u00c9 o caso de Jos\u00e9 Luis Morales, de 52 anos, natural da Venezuela, que est\u00e1 no Brasil h\u00e1 11 meses e participou da a\u00e7\u00e3o em busca de uma vaga como operador de caixa.<\/p>\n<p>\u201cFiquei sabendo pelo Instagram e acredito que essa \u00e9 uma grande oportunidade. A vaga tem tudo a ver comigo, pela minha experi\u00eancia com atendimento, organiza\u00e7\u00e3o e capacidade de trabalhar sob press\u00e3o\u201d, destacou.<\/p>\n<\/p>\n<p>Tamb\u00e9m venezuelano, Jos\u00e9 Greg\u00f3rio Albornoz, de 63 anos, \u00e9 pessoa com defici\u00eancia (PCD) e afirmou que Campo Grande tem cumprido a expectativa de acolhimento que o motivou a escolher a cidade.<\/p>\n<p>\u201cQuando atravessei a fronteira, falaram sobre Campo Grande e aqui renovei minha esperan\u00e7a. J\u00e1 passei por outras cidades, mas aqui at\u00e9 na pra\u00e7a temos acesso a oportunidades. Isso demonstra o quanto essa cidade acolhe\u201d, relatou.<\/p>\n<\/p>\n<p>Imigrante cubana, Joana Maria Fraga, de 62 anos, tamb\u00e9m participou da a\u00e7\u00e3o buscando uma oportunidade na fun\u00e7\u00e3o de repositora. \u201cSoube da a\u00e7\u00e3o por meio de amigos. J\u00e1 participei de uma entrevista com a equipe da Prefeitura, que me ajudou a identificar a vaga mais compat\u00edvel com meu perfil. A expectativa \u00e9 grande, e quero valorizar essa chance\u201d, comentou.<\/p>\n<p>O programa tamb\u00e9m tem alcan\u00e7ado pessoas em situa\u00e7\u00e3o de rua, como \u00e9 o caso de Nelson Camargo, de 31 anos, que est\u00e1 h\u00e1 quase dois anos sem v\u00ednculo empregat\u00edcio e participou da sele\u00e7\u00e3o promovida em parceria com a rede Fort Atacadista.<\/p>\n<p>\u201cVi pela televis\u00e3o e vim porque preciso de uma oportunidade para mudar de vida. Tenho f\u00e9 de que vou conseguir uma dessas vagas. Ser\u00e1 uma nova etapa e uma grande motiva\u00e7\u00e3o para mim\u201d, afirmou.<\/p>\n<p><strong>Pr\u00f3xima a\u00e7\u00e3o ocorre nesta quinta-feira<\/strong><\/p>\n<p>Dando sequ\u00eancia ao cronograma do Emprega CG, a Funsat realiza nesta quinta-feira (12), a partir das 8h, novo processo seletivo para o Grupo Valebrum\/Botic\u00e1rio, com 50 vagas distribu\u00eddas em cinco fun\u00e7\u00f5es: consultor de vendas, estoquista, atendente, operador de caixa e menor aprendiz (para candidatos entre 15 e 17 anos).<\/p>\n<p>A a\u00e7\u00e3o ocorre no Audit\u00f3rio de Entrevistas da Funsat, localizado no 2\u00ba andar do pr\u00e9dio situado \u00e0 Rua 14 de Julho, 992 \u2013 Vila Gl\u00f3ria. O atendimento ser\u00e1 realizado por ordem de chegada, mediante distribui\u00e7\u00e3o de senhas. Mais informa\u00e7\u00f5es podem ser obtidas pelo telefone (67) 4042-0585 \u2013 Ramal 5841.<\/p>\n<\/p>\n<p><em><br \/><strong>#PraTodosVerem<\/strong>: Na mat\u00e9ria h\u00e1 cinco imagens: a primeira, utilizada como capa, mostra quatro entrevistadores e quatro candidatos, durante atendimento no balc\u00e3o de empregos itinerante, montado no coreto da Pra\u00e7a Ary Coelho; a segunda imagem \u00e9 de  Jos\u00e9 Luis Morales, a terceira fotografia mostra Jos\u00e9 Greg\u00f3rio Albornoz, a quarta foto \u00e9 de Nelson Camargo e a quinta imagem \u00e9 uma arte gr\u00e1fica com informa\u00e7\u00f5es a respeito da edi\u00e7\u00e3o do Emprega CG que ser\u00e1 realizada nesta quinta-feira (12).<\/em><\/p>\n<\/div>\n<p><script async defer async defer src=\"https:\/\/connect.facebook.net\/en_US\/sdk.js?ver=1#xfbml=1&amp;version=v3.2\" id=\"prefeitura-campogrande-script-facebook-sdk-js\"><\/script><\/p>\n","protected":false},"excerpt":{"rendered":"<p>A Prefeitura de Campo Grande, por meio da Funda\u00e7\u00e3o Social do Trabalho (Funsat), realizou nesta quarta-feira (11) mais uma edi\u00e7\u00e3o<\/p>\n","protected":false},"author":2,"featured_media":0,"comment_status":"","ping_status":"","sticky":false,"template":"","format":"standard","meta":{"colormag_page_container_layout":"default_layout","colormag_page_sidebar_layout":"default_layout","footnotes":""},"categories":[1],"tags":[],"class_list":["post-46588","post","type-post","status-publish","format-standard","hentry","category-ejornais"],"aioseo_notices":[],"amp_enabled":true,"_links":{"self":[{"href":"https:\/\/ejornais.com.br\/index.php\/wp-json\/wp\/v2\/posts\/46588","targetHints":{"allow":["GET"]}}],"collection":[{"href":"https:\/\/ejornais.com.br\/index.php\/wp-json\/wp\/v2\/posts"}],"about":[{"href":"https:\/\/ejornais.com.br\/index.php\/wp-json\/wp\/v2\/types\/post"}],"author":[{"embeddable":true,"href":"https:\/\/ejornais.com.br\/index.php\/wp-json\/wp\/v2\/users\/2"}],"replies":[{"embeddable":true,"href":"https:\/\/ejornais.com.br\/index.php\/wp-json\/wp\/v2\/comments?post=46588"}],"version-history":[{"count":0,"href":"https:\/\/ejornais.com.br\/index.php\/wp-json\/wp\/v2\/posts\/46588\/revisions"}],"wp:attachment":[{"href":"https:\/\/ejornais.com.br\/index.php\/wp-json\/wp\/v2\/media?parent=46588"}],"wp:term":[{"taxonomy":"category","embeddable":true,"href":"https:\/\/ejornais.com.br\/index.php\/wp-json\/wp\/v2\/categories?post=46588"},{"taxonomy":"post_tag","embeddable":true,"href":"https:\/\/ejornais.com.br\/index.php\/wp-json\/wp\/v2\/tags?post=46588"}],"curies":[{"name":"wp","href":"https:\/\/api.w.org\/{rel}","templated":true}]}}