{"id":46721,"date":"2025-06-13T12:45:41","date_gmt":"2025-06-13T15:45:41","guid":{"rendered":"https:\/\/ejornais.com.br\/index.php\/2025\/06\/13\/hemosul-homenageia-doadores-no-14-de-junho-agencia-de-noticias-do-governo-de-mato-grosso-do-sul\/"},"modified":"2025-06-13T12:45:41","modified_gmt":"2025-06-13T15:45:41","slug":"hemosul-homenageia-doadores-no-14-de-junho-agencia-de-noticias-do-governo-de-mato-grosso-do-sul","status":"publish","type":"post","link":"https:\/\/ejornais.com.br\/index.php\/2025\/06\/13\/hemosul-homenageia-doadores-no-14-de-junho-agencia-de-noticias-do-governo-de-mato-grosso-do-sul\/","title":{"rendered":"Hemosul homenageia doadores no 14 de junho \u2013 Ag\u00eancia de Noticias do Governo de Mato Grosso do Sul"},"content":{"rendered":"<p><\/p>\n<div>\n<p style=\"text-align: center;\"><em>A Rede participa da campanha nacional \u201cUm Final Feliz\u201d, que une 18 hemocentros em uma mobiliza\u00e7\u00e3o pela solidariedade e pela vida<\/em><\/p>\n<p>Nem todo her\u00f3i usa capa \u2014 alguns estendem o bra\u00e7o e doam sangue. No dia 14 de junho, \u00e9 comemorado o Dia Mundial do Doador de Sangue, uma data dedicada a homenagear quem ajuda a escrever desfechos diferentes para tantas hist\u00f3rias que, sem a doa\u00e7\u00e3o, poderiam ter terminado cedo demais. Este ano, a data se une \u00e0 campanha nacional \u201cUm Final Feliz\u201d, refor\u00e7ando a import\u00e2ncia de cada doa\u00e7\u00e3o para que outras vidas ganhem novos cap\u00edtulos e recome\u00e7os.<\/p>\n<p>Idealizada pelo Instituto Pr\u00f3-Hemo e promovida pelos Hemocentros Unidos, a campanha foi abra\u00e7ada por 18 hemorredes estaduais p\u00fablicas em todo o pa\u00eds, incluindo a Rede Hemosul de Mato Grosso do Sul, que participa ativamente da mobiliza\u00e7\u00e3o. A a\u00e7\u00e3o convida a popula\u00e7\u00e3o a assumir o papel principal em hist\u00f3rias reais de supera\u00e7\u00e3o, onde a doa\u00e7\u00e3o de sangue representa o ponto de virada para milhares de pacientes que aguardam uma transfus\u00e3o para continuar lutando.<\/p>\n<p>A campanha tem dois focos principais: reconhecer e valorizar os doadores fidelizados e, ao mesmo tempo, incentivar novas pessoas a se unirem a essa causa essencial. O sangue \u00e9 insubstitu\u00edvel no atendimento a emerg\u00eancias, no tratamento de doen\u00e7as e em cirurgias de diversas especialidades \u2014 muitas vezes, a transfus\u00e3o \u00e9 a \u00fanica chance de sobreviv\u00eancia para o paciente.<\/p>\n<p>Nessa \u00e9poca do ano, o inverno costuma trazer desafios extras aos estoques de sangue: as baixas temperaturas, o aumento das doen\u00e7as sazonais e o per\u00edodo de f\u00e9rias escolares reduzem significativamente o n\u00famero de doadores. Por isso, iniciativas como essa ganham ainda mais for\u00e7a neste per\u00edodo. \u201cDoar sangue \u00e9 um gesto de humanidade e empatia. Neste m\u00eas, convidamos toda a popula\u00e7\u00e3o a sair da plateia e entrar em cena. O Hemosul est\u00e1 de portas abertas para quem quiser fazer a diferen\u00e7a na vida de algu\u00e9m\u201d, afirma Marina Sawada Torres, coordenadora-geral da Rede Hemosul.<\/p>\n<p>Para marcar a data com acolhimento e gratid\u00e3o, as unidades estar\u00e3o decoradas e quem comparecer para doar receber\u00e1 pequenos mimos como forma de agradecimento. A campanha valoriza aqueles que j\u00e1 fazem parte dessa corrente solid\u00e1ria e convida novos doadores a estrearem nesse papel transformador.<\/p>\n<p><strong>Junho Vermelho<\/strong> \u2014 Criado em 2011 pelo movimento Eu Dou Sangue, o Junho Vermelho \u00e9 uma campanha nacional que mobiliza a sociedade para a import\u00e2ncia da doa\u00e7\u00e3o volunt\u00e1ria e regular de sangue. O m\u00eas ganha ainda mais significado com o Dia Mundial do Doador de Sangue, celebrado em 14 de junho \u2014 data escolhida em homenagem ao nascimento do imunologista austr\u00edaco Karl Landsteiner, respons\u00e1vel pela descoberta dos tipos sangu\u00edneos e do fator Rh, marco essencial para a seguran\u00e7a das transfus\u00f5es. Tamb\u00e9m \u00e9 homenageado por lei estadual que incentiva a visibilidade da causa durante todo o m\u00eas.<\/p>\n<p>Confira os hor\u00e1rios de atendimento da Rede Hemosul neste feriado:<\/p>\n<p><strong>14 de junho \u2013 Dia Mundial do Doador de Sangue<\/strong><br \/>\u2022 Hemosul Coordenador (Campo Grande): 7h \u00e0s 17h<br \/>\u2022 Hemosul Dourados: 7h \u00e0s 15h<br \/>\u2022 Hemosul Tr\u00eas Lagoas: 7h \u00e0s 12h<\/p>\n<p><strong>13 de junho \u2013 Feriado de Santo Ant\u00f4nio (Campo Grande):<\/strong><br \/>\u2022 Hemosul Coordenador: 7h \u00e0s 12h<br \/>\u2022 Hemosul Santa Casa e Hospital Regional: fechados<\/p>\n<p>Doe sangue. Porque toda hist\u00f3ria merece um final feliz \u2014 e esse final pode come\u00e7ar com voc\u00ea. Confira o v\u00eddeo da campanha:<\/p>\n<p><em>Dan\u00fabia Burema, Comunica\u00e7\u00e3o SES, e Mayra Franceschi, Hemosul<\/em><br \/><em>Foto capa: Bruno Rezende<\/em><\/p>\n<h3 class=\"LC20lb MBeuO DKV0Md\">\u00a0<\/h3>\n<p>\u00a0<\/p>\n<\/div>\n","protected":false},"excerpt":{"rendered":"<p>A Rede participa da campanha nacional \u201cUm Final Feliz\u201d, que une 18 hemocentros em uma mobiliza\u00e7\u00e3o pela solidariedade e pela<\/p>\n","protected":false},"author":2,"featured_media":0,"comment_status":"","ping_status":"","sticky":false,"template":"","format":"standard","meta":{"colormag_page_container_layout":"default_layout","colormag_page_sidebar_layout":"default_layout","footnotes":""},"categories":[1],"tags":[],"class_list":["post-46721","post","type-post","status-publish","format-standard","hentry","category-ejornais"],"aioseo_notices":[],"amp_enabled":true,"_links":{"self":[{"href":"https:\/\/ejornais.com.br\/index.php\/wp-json\/wp\/v2\/posts\/46721","targetHints":{"allow":["GET"]}}],"collection":[{"href":"https:\/\/ejornais.com.br\/index.php\/wp-json\/wp\/v2\/posts"}],"about":[{"href":"https:\/\/ejornais.com.br\/index.php\/wp-json\/wp\/v2\/types\/post"}],"author":[{"embeddable":true,"href":"https:\/\/ejornais.com.br\/index.php\/wp-json\/wp\/v2\/users\/2"}],"replies":[{"embeddable":true,"href":"https:\/\/ejornais.com.br\/index.php\/wp-json\/wp\/v2\/comments?post=46721"}],"version-history":[{"count":0,"href":"https:\/\/ejornais.com.br\/index.php\/wp-json\/wp\/v2\/posts\/46721\/revisions"}],"wp:attachment":[{"href":"https:\/\/ejornais.com.br\/index.php\/wp-json\/wp\/v2\/media?parent=46721"}],"wp:term":[{"taxonomy":"category","embeddable":true,"href":"https:\/\/ejornais.com.br\/index.php\/wp-json\/wp\/v2\/categories?post=46721"},{"taxonomy":"post_tag","embeddable":true,"href":"https:\/\/ejornais.com.br\/index.php\/wp-json\/wp\/v2\/tags?post=46721"}],"curies":[{"name":"wp","href":"https:\/\/api.w.org\/{rel}","templated":true}]}}