{"id":46753,"date":"2025-06-14T04:11:52","date_gmt":"2025-06-14T07:11:52","guid":{"rendered":"https:\/\/ejornais.com.br\/index.php\/2025\/06\/14\/caravana-do-cuidar-registra-mais-de-330-atendimentos-no-bairro-dos-novais\/"},"modified":"2025-06-14T04:11:52","modified_gmt":"2025-06-14T07:11:52","slug":"caravana-do-cuidar-registra-mais-de-330-atendimentos-no-bairro-dos-novais","status":"publish","type":"post","link":"https:\/\/ejornais.com.br\/index.php\/2025\/06\/14\/caravana-do-cuidar-registra-mais-de-330-atendimentos-no-bairro-dos-novais\/","title":{"rendered":"Caravana do Cuidar registra mais de 330 atendimentos no bairro dos Novais"},"content":{"rendered":"<p><\/p>\n<div>\n<p>A Caravana do Cuidar desta sexta-feira (13) beneficiou os moradores do bairro dos Novais, com servi\u00e7os de assist\u00eancia social, sa\u00fade, embelezamento, empregabilidade e direito do consumidor. A a\u00e7\u00e3o \u00e9 ofertada gratuitamente pela Prefeitura de Jo\u00e3o Pessoa, sendo organizada pela Secretaria de Direitos Humanos e Cidadania (Sedhuc).<\/p>\n<figure class=\"wp-block-gallery has-nested-images columns-default is-cropped wp-block-gallery-1 is-layout-flex wp-block-gallery-is-layout-flex\">\n<figure class=\"wp-block-image size-large\"><\/figure>\n<figure class=\"wp-block-image size-large\"><\/figure>\n<\/figure>\n<p>Diego Tavares, secret\u00e1rio de Direitos Humanos e Cidadania, ressaltou que a Caravana do Cuidar tem a presen\u00e7a de v\u00e1rias secretarias municipais, a exemplo da Secretaria de Cuidado e Prote\u00e7\u00e3o Animal (Secupa), que esteve na a\u00e7\u00e3o com o Castram\u00f3vel. \u201cSabemos que essa iniciativa faz parte da gest\u00e3o do prefeito C\u00edcero Lucena e do vice-prefeito Leo Bezerra, que tem como compromisso cuidar das pessoas e estar cada vez mais perto da popula\u00e7\u00e3o. Estou muito feliz com a participa\u00e7\u00e3o de todos e com a oportunidade de contribuir com esse trabalho\u201d, afirmou.<\/p>\n<p>A equipe do Castram\u00f3vel vem acompanhando as a\u00e7\u00f5es da Caravana do Cuidar desde o in\u00edcio do ano, com o agendamento de castra\u00e7\u00e3o. \u201cEstamos aqui junto com a Caravana do Cuidar dando esse apoio. A proposta \u00e9 levar o castram\u00f3vel para os bairros de Jo\u00e3o Pessoa, facilitando o acesso da popula\u00e7\u00e3o ao servi\u00e7o de castra\u00e7\u00e3o, sem precisar se deslocar at\u00e9 o hospital ou cl\u00ednica. A ideia \u00e9 que, onde a Caravana do Cuidar estiver, o castram\u00f3vel tamb\u00e9m esteja, levando esse servi\u00e7o t\u00e3o importante para as comunidades\u201d, destacou Guga Pet, secret\u00e1rio de Cuidado e Prote\u00e7\u00e3o Animal.<\/p>\n<figure class=\"wp-block-gallery has-nested-images columns-default is-cropped wp-block-gallery-2 is-layout-flex wp-block-gallery-is-layout-flex\">\n<figure class=\"wp-block-image size-large\"><\/figure>\n<figure class=\"wp-block-image size-large\"><\/figure>\n<\/figure>\n<p>Maria Dalva Batista, moradora dos Novais, aproveitou a presen\u00e7a da Caravana do Cuidar para tomar a vacina da gripe. Ela elogiou a agilidade do atendimento e destacou a import\u00e2ncia da a\u00e7\u00e3o para quem tem dificuldade de ir at\u00e9 um posto de sa\u00fade. \u201cAchei r\u00e1pido, adorei. Beneficia a comunidade, \u00e9 bom demais!\u201d, disse ela, afirmando ainda que tenta manter a vacina\u00e7\u00e3o sempre atualizada. \u201cAchei \u00f3timo n\u00e3o precisar pegar \u00f4nibus para ter acesso ao servi\u00e7o\u201d, completou.<\/p>\n<p><strong>Atendimentos<\/strong> \u2013 A passagem da Caravana pelo bairro dos Novais resultou em 332 atendimentos, sendo 60 testes r\u00e1pidos de ISts; 30 atendimentos de auriculoterapia; 30 aplica\u00e7\u00f5es de vacina; 25 testes de glicemia e 25 aferi\u00e7\u00f5es de press\u00e3o arterial; 20 atendimentos da nutricionista; 17 atendimentos m\u00e9dicos; 20 orienta\u00e7\u00f5es do dentista; 25 emiss\u00f5es do Cart\u00e3o SUS; 4 atendimentos do Programa Eu Posso; 22 atendimentos da defensoria p\u00fablica; 6 atendimentos do Cras; 6 cortes de cabelo e 20 atendimentos da manicure; 17 agendamentos do castram\u00f3vel; e 5 registros no Procon-JP.<\/p>\n<\/p><\/div>\n","protected":false},"excerpt":{"rendered":"<p>A Caravana do Cuidar desta sexta-feira (13) beneficiou os moradores do bairro dos Novais, com servi\u00e7os de assist\u00eancia social, sa\u00fade,<\/p>\n","protected":false},"author":2,"featured_media":0,"comment_status":"","ping_status":"","sticky":false,"template":"","format":"standard","meta":{"colormag_page_container_layout":"default_layout","colormag_page_sidebar_layout":"default_layout","footnotes":""},"categories":[1],"tags":[],"class_list":["post-46753","post","type-post","status-publish","format-standard","hentry","category-ejornais"],"aioseo_notices":[],"amp_enabled":true,"_links":{"self":[{"href":"https:\/\/ejornais.com.br\/index.php\/wp-json\/wp\/v2\/posts\/46753","targetHints":{"allow":["GET"]}}],"collection":[{"href":"https:\/\/ejornais.com.br\/index.php\/wp-json\/wp\/v2\/posts"}],"about":[{"href":"https:\/\/ejornais.com.br\/index.php\/wp-json\/wp\/v2\/types\/post"}],"author":[{"embeddable":true,"href":"https:\/\/ejornais.com.br\/index.php\/wp-json\/wp\/v2\/users\/2"}],"replies":[{"embeddable":true,"href":"https:\/\/ejornais.com.br\/index.php\/wp-json\/wp\/v2\/comments?post=46753"}],"version-history":[{"count":0,"href":"https:\/\/ejornais.com.br\/index.php\/wp-json\/wp\/v2\/posts\/46753\/revisions"}],"wp:attachment":[{"href":"https:\/\/ejornais.com.br\/index.php\/wp-json\/wp\/v2\/media?parent=46753"}],"wp:term":[{"taxonomy":"category","embeddable":true,"href":"https:\/\/ejornais.com.br\/index.php\/wp-json\/wp\/v2\/categories?post=46753"},{"taxonomy":"post_tag","embeddable":true,"href":"https:\/\/ejornais.com.br\/index.php\/wp-json\/wp\/v2\/tags?post=46753"}],"curies":[{"name":"wp","href":"https:\/\/api.w.org\/{rel}","templated":true}]}}