{"id":46768,"date":"2025-06-14T09:46:56","date_gmt":"2025-06-14T12:46:56","guid":{"rendered":"https:\/\/ejornais.com.br\/index.php\/2025\/06\/14\/aberto-processo-eleitoral-para-composicao-do-conselho-estadual-de-saude-de-ms-agencia-de-noticias-do-governo-de-mato-grosso-do-sul\/"},"modified":"2025-06-14T09:46:56","modified_gmt":"2025-06-14T12:46:56","slug":"aberto-processo-eleitoral-para-composicao-do-conselho-estadual-de-saude-de-ms-agencia-de-noticias-do-governo-de-mato-grosso-do-sul","status":"publish","type":"post","link":"https:\/\/ejornais.com.br\/index.php\/2025\/06\/14\/aberto-processo-eleitoral-para-composicao-do-conselho-estadual-de-saude-de-ms-agencia-de-noticias-do-governo-de-mato-grosso-do-sul\/","title":{"rendered":"aberto processo eleitoral para composi\u00e7\u00e3o do Conselho Estadual de Sa\u00fade de MS \u2013 Ag\u00eancia de Noticias do Governo de Mato Grosso do Sul"},"content":{"rendered":"<p><\/p>\n<div>\n<p>A SES (Secretaria de Estado de Sa\u00fade) informa que foi publicado o edital do processo eleitoral para a composi\u00e7\u00e3o do CES (Conselho Estadual de Sa\u00fade) para o tri\u00eanio 2025-2028. A elei\u00e7\u00e3o ser\u00e1 realizada no dia 17 de julho, na sede do CES, localizada a rua 25 de dezembro, 1.231 \u2013 \u00a0Centro, em Campo Grande.<\/p>\n<p>A convoca\u00e7\u00e3o foi oficializada por meio da Delibera\u00e7\u00e3o CES n\u00ba 673\/2025, publicada em edi\u00e7\u00e3o extra do Di\u00e1rio Oficial Eletr\u00f4nico do Estado no dia 5 de junho. O documento convoca entidades, institui\u00e7\u00f5es e movimentos representativos dos usu\u00e1rios do SUS (Sistema \u00danico de Sa\u00fade), trabalhadores da sa\u00fade, gestores e prestadores de servi\u00e7os de sa\u00fade a participarem do pleito que definir\u00e1 a nova composi\u00e7\u00e3o do colegiado.<\/p>\n<p>Ser\u00e3o eleitos 24 conselheiros titulares e seus respectivos suplentes, respeitando a seguinte composi\u00e7\u00e3o: 50% de representantes de usu\u00e1rios do SUS, 25% de trabalhadores da \u00e1rea da sa\u00fade e 25% de gestores e prestadores de servi\u00e7os de sa\u00fade privados, conveniados ou sem fins lucrativos. A distribui\u00e7\u00e3o segue os crit\u00e9rios de paridade previstos na legisla\u00e7\u00e3o federal e estadual, bem como no regimento interno do CES.<\/p>\n<p>As inscri\u00e7\u00f5es para habilita\u00e7\u00e3o das entidades estar\u00e3o abertas de 9 a 17 de junho, das 7h30 \u00e0s 16h30, por meio de formul\u00e1rio eletr\u00f4nico disponibilizado no site oficial do Conselho Estadual de Sa\u00fade:\u00a0<span style=\"color: #0000ff;\">https:\/\/ces.saude.ms.gov.br\/EleicaoCES2025<\/span>.<\/p>\n<p>No ato da inscri\u00e7\u00e3o, os candidatos dever\u00e3o apresentar a ficha de registro da candidatura, al\u00e9m dos documentos exigidos pelo edital, conforme o segmento ao qual pertencem. \u00c9 de responsabilidade das entidades candidatas o correto preenchimento do requerimento de inscri\u00e7\u00e3o e a entrega da documenta\u00e7\u00e3o. A Comiss\u00e3o Eleitoral poder\u00e1, de forma excepcional, permitir complementa\u00e7\u00f5es de documentos dentro do prazo.<\/p>\n<p>A rela\u00e7\u00e3o das inscri\u00e7\u00f5es realizadas ser\u00e1 publicada at\u00e9 o dia 26 de junho, no Di\u00e1rio Oficial Eletr\u00f4nico do Estado, no site do CES e meios de comunica\u00e7\u00e3o oficiais, abrindo-se prazos para recursos conforme cronograma anexo ao edital.<\/p>\n<p>A elei\u00e7\u00e3o ocorrer\u00e1 no dia 17 de julho, das 8h30 \u00e0s 16h30, e ser\u00e1 conduzida pela Comiss\u00e3o Eleitoral, composta por oito membros indicados pelos segmentos representados no Conselho. A vota\u00e7\u00e3o ser\u00e1 por c\u00e9dula e urna f\u00edsica, com direito a um voto por entidade habilitada. Em caso de empate, ser\u00e1 considerada eleita a institui\u00e7\u00e3o com maior tempo de funcionamento comprovado no estado.<\/p>\n<p>A homologa\u00e7\u00e3o do resultado final ser\u00e1 publicada at\u00e9 24 de julho, e a posse dos conselheiros eleitos, bem como a elei\u00e7\u00e3o da nova mesa diretora do CES, ocorrer\u00e1 em reuni\u00e3o extraordin\u00e1ria no dia 25 de julho, \u00e0s 8h30.<\/p>\n<p>Os representantes eleitos dever\u00e3o apresentar, at\u00e9 a data estipulada no edital, documentos como RG, CPF, certid\u00f5es negativas nas esferas judiciais estadual e federal, declara\u00e7\u00e3o da entidade e termo de compromisso, conforme exig\u00eancias legais. Tamb\u00e9m devem firmar declara\u00e7\u00e3o de que n\u00e3o exercem cargo de chefia, fun\u00e7\u00e3o p\u00fablica ou mandato eletivo, conforme determina a Resolu\u00e7\u00e3o CNS n\u00ba 453\/2012 e o Ac\u00f3rd\u00e3o TCU n\u00ba 1660\/2011.<\/p>\n<p>Confira o edital na \u00edntegra, com todas as normas, crit\u00e9rios de habilita\u00e7\u00e3o, composi\u00e7\u00e3o de vagas por segmento e cronograma completo do processo eleitoral.<\/p>\n<p>A SES refor\u00e7a a import\u00e2ncia da ampla participa\u00e7\u00e3o da sociedade civil, trabalhadores e gestores, garantindo a representatividade e o fortalecimento do controle social do SUS em Mato Grosso do Sul.<\/p>\n<p><em>Kamilla Ratier, Comunica\u00e7\u00e3o SES<br \/>Foto: Divulga\u00e7\u00e3o CES\/MS<\/em><\/p>\n<\/div>\n","protected":false},"excerpt":{"rendered":"<p>A SES (Secretaria de Estado de Sa\u00fade) informa que foi publicado o edital do processo eleitoral para a composi\u00e7\u00e3o do<\/p>\n","protected":false},"author":2,"featured_media":0,"comment_status":"","ping_status":"","sticky":false,"template":"","format":"standard","meta":{"colormag_page_container_layout":"default_layout","colormag_page_sidebar_layout":"default_layout","footnotes":""},"categories":[1],"tags":[],"class_list":["post-46768","post","type-post","status-publish","format-standard","hentry","category-ejornais"],"aioseo_notices":[],"amp_enabled":true,"_links":{"self":[{"href":"https:\/\/ejornais.com.br\/index.php\/wp-json\/wp\/v2\/posts\/46768","targetHints":{"allow":["GET"]}}],"collection":[{"href":"https:\/\/ejornais.com.br\/index.php\/wp-json\/wp\/v2\/posts"}],"about":[{"href":"https:\/\/ejornais.com.br\/index.php\/wp-json\/wp\/v2\/types\/post"}],"author":[{"embeddable":true,"href":"https:\/\/ejornais.com.br\/index.php\/wp-json\/wp\/v2\/users\/2"}],"replies":[{"embeddable":true,"href":"https:\/\/ejornais.com.br\/index.php\/wp-json\/wp\/v2\/comments?post=46768"}],"version-history":[{"count":0,"href":"https:\/\/ejornais.com.br\/index.php\/wp-json\/wp\/v2\/posts\/46768\/revisions"}],"wp:attachment":[{"href":"https:\/\/ejornais.com.br\/index.php\/wp-json\/wp\/v2\/media?parent=46768"}],"wp:term":[{"taxonomy":"category","embeddable":true,"href":"https:\/\/ejornais.com.br\/index.php\/wp-json\/wp\/v2\/categories?post=46768"},{"taxonomy":"post_tag","embeddable":true,"href":"https:\/\/ejornais.com.br\/index.php\/wp-json\/wp\/v2\/tags?post=46768"}],"curies":[{"name":"wp","href":"https:\/\/api.w.org\/{rel}","templated":true}]}}