{"id":46801,"date":"2025-06-15T02:24:40","date_gmt":"2025-06-15T05:24:40","guid":{"rendered":"https:\/\/ejornais.com.br\/index.php\/2025\/06\/15\/premio-periferia-viva-recebe-abre-edital-de-selecao\/"},"modified":"2025-06-15T02:24:40","modified_gmt":"2025-06-15T05:24:40","slug":"premio-periferia-viva-recebe-abre-edital-de-selecao","status":"publish","type":"post","link":"https:\/\/ejornais.com.br\/index.php\/2025\/06\/15\/premio-periferia-viva-recebe-abre-edital-de-selecao\/","title":{"rendered":"Pr\u00eamio Periferia Viva recebe abre edital de sele\u00e7\u00e3o"},"content":{"rendered":"<p> Por MRNews<br \/>\n<\/p>\n<div wp_automatic_readability=\"145.16500711238\">\n<p>A abertura do edital 2025 do<em> Pr\u00eamio Periferia Viva<\/em> ocorreu na tarde deste s\u00e1bado (14), na Associa\u00e7\u00e3o\u00a0 dos Moradores de Heli\u00f3polis e Regi\u00e3o (UNAS). \u00c9 poss\u00edvel inscrever os projetos participantes nos pr\u00f3ximos dias atrav\u00e9s do site do Minist\u00e9rio das Cidades.\u00a0<\/p>\n<p>Promovida pela Secretaria Nacional de Periferias, do Minist\u00e9rio das Cidades, a iniciativa, em sua terceira edi\u00e7\u00e3o, <strong>vai distribuir pr\u00eamios em tr\u00eas eixos: iniciativas Populares, no qual 150 projetos receber\u00e3o R$ 50 mil; Assessorias T\u00e9cnicas com premia\u00e7\u00e3o de R$ 30 mil e tr\u00eas Iniciativas de Entes P\u00fablicos Governamentais, que receber\u00e3o trof\u00e9us<\/strong>.<\/p>\n<p>O tema desta edi\u00e7\u00e3o \u00e9 \u201cPeriferia Viva \u00e9 constru\u00e7\u00e3o coletiva\u201d. O objetivo \u00e9 valorizar iniciativas nas periferias, produzidas pelos seus moradores e com recursos direcionados para coletivos dos pr\u00f3prios territ\u00f3rios. Os candidatos devem participar de projetos que\u00a0 estejam em andamento e que promovam enfrentamento da desigualdade socioespacial e a potencializa\u00e7\u00e3o e transforma\u00e7\u00e3o dos territ\u00f3rios perif\u00e9ricos.<\/p>\n<p><strong><a href=\"https:\/\/mrnews.com.br\/index.php\/2025\/06\/14\/bienal-do-livro-tem-ingressos-esgotados-no-2o-dia-da-festa-literaria\/\">Bienal do Livro tem ingressos esgotados no 2\u00ba dia da festa liter\u00e1ria<\/a><\/strong><\/p>\n<p><strong><a href=\"https:\/\/mrnews.com.br\/index.php\/2025\/06\/14\/marcha-da-maconha-reune-publico-contra-repressao-ao-uso-e-legalizacao\/\">Marcha da Maconha re\u00fane p\u00fablico contra repress\u00e3o ao uso e legaliza\u00e7\u00e3o<\/a><\/strong><\/p>\n<blockquote wp_automatic_readability=\"11\">\n<p>\u201cO Pr\u00eamio Periferia Viva fortalece o papel ativo das comunidades em decis\u00f5es significativas, destacando suas capacidades frequentemente ignoradas, e responde ao engajamento de redes e movimentos sociais que buscam melhorar a vida urbana perif\u00e9rica\u201d, destacou em nota o secret\u00e1rio Guilherme Sim\u00f5es.<\/p>\n<\/blockquote>\n<p>Museus, agroecologia e projetos culturais foram alguns dos selecionados em 2024, entre os quais a Okupa\u00e7\u00e3o Cultural C.O.R.A.G.E.M., sediada na Cohab Jos\u00e9 Bonif\u00e1cio, na Zona Leste de S\u00e3o Paulo.\u00a0<\/p>\n<p>Para a Okupa\u00e7\u00e3o, o pr\u00eamio foi fundamental para fortalecer a sustentabilidade e continuidade das a\u00e7\u00f5es. \u201cCom o recurso, conseguimos criar um caixa emergencial, o que nos permitiu atender \u00e0s principais necessidades do espa\u00e7o. Realizamos pequenas reformas estruturais que melhoraram o conforto para quem frequenta nossas atividades, al\u00e9m de garantir mais seguran\u00e7a para o nosso acervo, equipamentos e materiais das coletivas que integram a Okupa\u00e7\u00e3o. Esse apoio tamb\u00e9m nos trouxe mais f\u00f4lego para seguir desenvolvendo a\u00e7\u00f5es de forma aut\u00f4noma\u201d, explicou Let\u00edcia Ferreira, gestora e produtora cultural que atua na iniciativa.<\/p>\n<p>O processo de sele\u00e7\u00e3o foi um momento importante para o grupo Okupa\u00e7\u00e3o, que j\u00e1 tem 10 anos de atua\u00e7\u00e3o. Para Let\u00edcia, se tratou de um incentivo para manter documentos e registros atualizados, al\u00e9m de revisitar e reconhecer a trajet\u00f3ria. \u201cEsse exerc\u00edcio de sistematiza\u00e7\u00e3o nos fortaleceu no que se refere \u00e0 ampliacao da nossa capacidade de organizar informa\u00e7\u00f5es, comunicar melhor e planejar projetos futuros de forma mais estruturada e estrat\u00e9gica. Tamb\u00e9m nos tornou mais preparados para participar de outras sele\u00e7\u00f5es e fortalecer nossa atua\u00e7\u00e3o em rede\u201d, completou a gestora.<\/p>\n<p><strong><a href=\"https:\/\/mrnews.com.br\/index.php\/2025\/06\/14\/brasil-encerra-gp-de-boxe-na-europa-com-6-ouros-1-prata-e-1-bronze\/\">Brasil encerra GP de boxe na Europa com 6 ouros, 1 prata e 1 bronze<\/a><\/strong><\/p>\n<p><strong><a href=\"https:\/\/mrnews.com.br\/index.php\/2025\/06\/14\/inca-doacao-voluntaria-de-sangue-e-essencial-ao-tratamento-oncologico\/\">INCA: doa\u00e7\u00e3o volunt\u00e1ria de sangue \u00e9 essencial ao tratamento oncol\u00f3gico<\/a><\/strong><\/p>\n<p>O espa\u00e7o, que revitalizou uma \u00e1rea abandonada na COHAB, recebe artistas, oficineiros e produtores e mant\u00e9m programa\u00e7\u00e3o gratuita.<\/p>\n<p>Al\u00e9m de viabilizar a amplia\u00e7\u00e3o de projetos, como a compra de um terreno pelo projeto Quebrada Org\u00e2nica, o reconhecimento ajuda na constru\u00e7\u00e3o de portf\u00f3lios para projetos futuros. A agricultora Joy Izauri, que \u00e9 gestora do projeto na regi\u00e3o do Jardim S\u00e3o Luiz, na zona sul de S\u00e3o Paulo, detalhou como os frutos deste reconhecimento j\u00e1 est\u00e3o aparecendo. Chamados para oficinas em uma unidade do Sesc, ter o Periferia Viva no portf\u00f3lio foi um elemento a mais na sele\u00e7\u00e3o.\u00a0<\/p>\n<blockquote wp_automatic_readability=\"10\">\n<p>\u201c[o pr\u00eamio] ajuda n\u00e3o s\u00f3 na parte financeira, mas ajuda as iniciativas a serem reconhecidas no pr\u00f3prio territ\u00f3rio e a mostrar para a pr\u00f3pria comunidade, superando dificuldades de di\u00e1logo com os outros moradores do territ\u00f3rio\u201d, contou Joy.<\/p>\n<\/blockquote>\n<p>O Quebrada Org\u00e2nica \u00e9 um projeto de agricultura familiar em contexto urbano e perif\u00e9rico, formado por ela, pelo marido Robert, pelo sogro Gil, e pelos filhos do casal, Le\u00f4nidas, de 8, e C\u00e9sar, de 4 anos. Al\u00e9m de produzirem meia tonelada de alimentos por ano, parte da qual \u00e9 doada aos vizinhos, tamb\u00e9m realizam um festival de agricultura urbana, em um trabalho que n\u00e3o v\u00ea um fim pr\u00f3ximo.<\/p>\n<p>\u201cA gente acredita que tem trabalho para fazer para o resto da vida, sabe? E dentro disso a gente pode se especializar e fazer mil coisas, porque a gente pensa a terra como laborat\u00f3rio mesmo, porque a gente n\u00e3o trabalha s\u00f3 a produ\u00e7\u00e3o de alimento aqui. Os menus do nosso festival anual s\u00e3o criados a partir daquilo que a gente planta aqui. O espa\u00e7o \u00e9 pensado como museu a c\u00e9u aberto. Ent\u00e3o, se voc\u00ea vier para o nosso festival, voc\u00ea vai ver as obras de arte, as instala\u00e7\u00f5es, em meio aos canteiros de produ\u00e7\u00e3o de alimentos. Voc\u00ea vai ver informa\u00e7\u00e3o em agroecologia, em ecologia\u201d, explica a agricultora.<\/p>\n<p>Tamb\u00e9m de outra periferia, mais pr\u00f3xima do mar, um outro projeto premiado em 2024 mostrou o potencial deste tipo de edital na continuidade de pol\u00edticas culturais. No Museu de Favela do Pav\u00e3o, Pav\u00e3ozinho e Cantagalo, na cidade do Rio de Janeiro, foi criado o primeiro Ponto de Mem\u00f3ria, no Programa de Seguran\u00e7a Nacional, o PRONASC, com apoio de outros \u00f3rg\u00e3os, como o IPHAN.<\/p>\n<blockquote wp_automatic_readability=\"10\">\n<p>\u201cA din\u00e2mica do Periferias Viva em 2024 foi de muito aprendizado. Os encontros foram muito importantes, dando a dimens\u00e3o do programa no territ\u00f3rio nacional\u201d,\u00a0 nos contou Sidney Silva, que tamb\u00e9m atende por Tartaruga.<\/p>\n<\/blockquote>\n<p>Neste Museu, que nasceu como uma estrat\u00e9gia de valoriza\u00e7\u00e3o da comunidade e elemento de seguran\u00e7a comunit\u00e1ria e que o mestre Sidney conceitua como \u201cmuseu de territ\u00f3rio\u201d, h\u00e1 um circuito de arte denominado Circuito Casas-Telas. Esse circuito tem 27 obras de arte, nas fachadas das casas de moradores. \u201cS\u00e3o obras de grafite que retratam a nossa mem\u00f3ria nas fachadas da casa dos moradores\u201d.\u00a0<\/p>\n<p>Com o recurso, a institui\u00e7\u00e3o carioca ampliou o atendimento, criou brinquedotecas itinerantes e apoiou outras iniciativas que realizavam, j\u00e1 que o Museu s\u00f3 pode ser visitado ao se andar pelas comunidades, ampliando a\u00e7\u00f5es que j\u00e1 s\u00e3o apoiadas pela secretaria estadual de cultura fluminense.\u00a0<\/p>\n<\/div>\n","protected":false},"excerpt":{"rendered":"<p>Por MRNews A abertura do edital 2025 do Pr\u00eamio Periferia Viva ocorreu na tarde deste s\u00e1bado (14), na Associa\u00e7\u00e3o\u00a0 dos<\/p>\n","protected":false},"author":2,"featured_media":0,"comment_status":"","ping_status":"","sticky":false,"template":"","format":"standard","meta":{"colormag_page_container_layout":"default_layout","colormag_page_sidebar_layout":"default_layout","footnotes":""},"categories":[1],"tags":[],"class_list":["post-46801","post","type-post","status-publish","format-standard","hentry","category-ejornais"],"aioseo_notices":[],"amp_enabled":true,"_links":{"self":[{"href":"https:\/\/ejornais.com.br\/index.php\/wp-json\/wp\/v2\/posts\/46801","targetHints":{"allow":["GET"]}}],"collection":[{"href":"https:\/\/ejornais.com.br\/index.php\/wp-json\/wp\/v2\/posts"}],"about":[{"href":"https:\/\/ejornais.com.br\/index.php\/wp-json\/wp\/v2\/types\/post"}],"author":[{"embeddable":true,"href":"https:\/\/ejornais.com.br\/index.php\/wp-json\/wp\/v2\/users\/2"}],"replies":[{"embeddable":true,"href":"https:\/\/ejornais.com.br\/index.php\/wp-json\/wp\/v2\/comments?post=46801"}],"version-history":[{"count":0,"href":"https:\/\/ejornais.com.br\/index.php\/wp-json\/wp\/v2\/posts\/46801\/revisions"}],"wp:attachment":[{"href":"https:\/\/ejornais.com.br\/index.php\/wp-json\/wp\/v2\/media?parent=46801"}],"wp:term":[{"taxonomy":"category","embeddable":true,"href":"https:\/\/ejornais.com.br\/index.php\/wp-json\/wp\/v2\/categories?post=46801"},{"taxonomy":"post_tag","embeddable":true,"href":"https:\/\/ejornais.com.br\/index.php\/wp-json\/wp\/v2\/tags?post=46801"}],"curies":[{"name":"wp","href":"https:\/\/api.w.org\/{rel}","templated":true}]}}