{"id":46802,"date":"2025-06-15T02:37:00","date_gmt":"2025-06-15T05:37:00","guid":{"rendered":"https:\/\/ejornais.com.br\/index.php\/2025\/06\/15\/leo-bezerra-participa-da-3a-conferencia-municipal-de-promocao-da-igualdade-racial-e-destaca-compromisso-com-a-inclusao\/"},"modified":"2025-06-15T02:37:00","modified_gmt":"2025-06-15T05:37:00","slug":"leo-bezerra-participa-da-3a-conferencia-municipal-de-promocao-da-igualdade-racial-e-destaca-compromisso-com-a-inclusao","status":"publish","type":"post","link":"https:\/\/ejornais.com.br\/index.php\/2025\/06\/15\/leo-bezerra-participa-da-3a-conferencia-municipal-de-promocao-da-igualdade-racial-e-destaca-compromisso-com-a-inclusao\/","title":{"rendered":"Leo Bezerra participa da 3\u00aa Confer\u00eancia Municipal de Promo\u00e7\u00e3o da Igualdade Racial e destaca compromisso com a inclus\u00e3o"},"content":{"rendered":"<p><\/p>\n<div>\n<p>A Prefeitura de Jo\u00e3o Pessoa, por meio da Coordenadoria Municipal de Promo\u00e7\u00e3o da Igualdade Racial, realizou, neste s\u00e1bado (14), a 3\u00aa Confer\u00eancia Municipal de Promo\u00e7\u00e3o da Igualdade Racial. O evento, realizado das 9h \u00e0s 17h, no audit\u00f3rio da Secretaria Municipal de Prote\u00e7\u00e3o e Defesa do Consumidor (Procon-JP), no bairro de Tambi\u00e1, contou com a participa\u00e7\u00e3o do prefeito em exerc\u00edcio de Jo\u00e3o Pessoa, Leo Bezerra, que destacou o compromisso da gest\u00e3o com a pauta.<\/p>\n<figure class=\"wp-block-gallery has-nested-images columns-default is-cropped wp-block-gallery-1 is-layout-flex wp-block-gallery-is-layout-flex\">\n<figure class=\"wp-block-image size-large\"><\/figure>\n<\/figure>\n<p>\u201c\u00c9 o compromisso da nossa gest\u00e3o, do prefeito C\u00edcero, e a nossa confian\u00e7a no trabalho que vem sendo desenvolvido na \u00e1rea da igualdade racial. \u00c9 uma boa oportunidade de discutir e debater sobre o tema. Fico muito feliz em participar e reafirmar que estamos sempre de portas abertas para ouvir a popula\u00e7\u00e3o\u201d, declarou Leo Bezerra.<\/p>\n<p>A coordenadora Municipal de Promo\u00e7\u00e3o da Igualdade Racial, Carla Uedler, ressaltou o papel estrat\u00e9gico da Confer\u00eancia na elabora\u00e7\u00e3o e encaminhamento de propostas. \u201cEsse evento \u00e9 essencial para criar pol\u00edticas p\u00fablicas por meio de tr\u00eas eixos centrais: democracia, justi\u00e7a racial e repara\u00e7\u00e3o. As propostas que surgirem aqui ser\u00e3o levadas para os \u00e2mbitos estadual e nacional. Neste ano teremos a 5\u00aa Confer\u00eancia Nacional de Promo\u00e7\u00e3o da Igualdade Racial, e o Munic\u00edpio de Jo\u00e3o Pessoa estar\u00e1 presente, contribuindo ativamente com esse processo\u201d, destacou.<\/p>\n<figure class=\"wp-block-gallery has-nested-images columns-default is-cropped wp-block-gallery-2 is-layout-flex wp-block-gallery-is-layout-flex\">\n<figure class=\"wp-block-image size-large\"><\/figure>\n<figure class=\"wp-block-image size-large\"><\/figure>\n<figure class=\"wp-block-image size-large\"><\/figure>\n<figure class=\"wp-block-image size-large\"><\/figure>\n<\/figure>\n<p>O secret\u00e1rio de Prote\u00e7\u00e3o e Defesa do Consumidor, J\u00fanior Pires, tamb\u00e9m enfatizou a import\u00e2ncia da iniciativa. \u201c\u00c9 uma honra receber a 3\u00aa Confer\u00eancia Municipal. Precisamos incentivar e fomentar essa pol\u00edtica p\u00fablica. A gest\u00e3o do prefeito C\u00edcero Lucena tem sido atuante nesse tema, e o prefeito Leo tamb\u00e9m tem se envolvido pessoalmente. A orienta\u00e7\u00e3o \u00e9 promover e acolher ainda mais essa pauta t\u00e3o necess\u00e1ria\u201d, afirmou.<\/p>\n<p>A Confer\u00eancia teve como objetivo central a constru\u00e7\u00e3o da pol\u00edtica municipal voltada \u00e0 igualdade racial, promovendo o debate e a elabora\u00e7\u00e3o de estrat\u00e9gias inclusivas para as popula\u00e7\u00f5es historicamente marginalizadas.<\/p>\n<figure class=\"wp-block-gallery has-nested-images columns-default is-cropped wp-block-gallery-3 is-layout-flex wp-block-gallery-is-layout-flex\">\n<figure class=\"wp-block-image size-large\"><\/figure>\n<figure class=\"wp-block-image size-large\"><\/figure>\n<figure class=\"wp-block-image size-large\"><\/figure>\n<\/figure>\n<p>O evento reuniu lideran\u00e7as, representantes de movimentos sociais, autoridades p\u00fablicas e especialistas, com a miss\u00e3o de debater e propor a\u00e7\u00f5es efetivas que garantam justi\u00e7a social, democracia e repara\u00e7\u00e3o hist\u00f3rica para a popula\u00e7\u00e3o negra, povos ind\u00edgenas, ciganos, quilombolas, ribeirinhos e demais comunidades tradicionais.<\/p>\n<p>A programa\u00e7\u00e3o contou com momentos culturais e debates qualificados. O grupo Coco Il\u00fa Odara realizou uma apresenta\u00e7\u00e3o na abertura, seguida por palestras do Doutor Diego Reis (UFPB) e da Doutora V\u00e2nia Fonseca (vice-reitora da UEPB). A palestra magna foi proferida por Rosa Negra, coordenadora nacional do Movimento Negro Unificado e representante do Minist\u00e9rio da Igualdade Racial. Durante o encontro, tamb\u00e9m foram debatidos e aprovados o regimento interno da confer\u00eancia e as propostas de pol\u00edticas p\u00fablicas (5 municipais, 3 estaduais e 2 nacionais). O encerramento ficou por conta do espet\u00e1culo \u201cSalve o Rei Malunguinho\u201d, refor\u00e7ando a conex\u00e3o entre cultura e resist\u00eancia.<\/p>\n<p><strong>Servi\u00e7o-<\/strong> A sede da Coordenadoria Municipal de Promo\u00e7\u00e3o da Igualdade Racial est\u00e1 localizada no Parque Solon de Lucena, n\u00famero 216, no Centro de Jo\u00e3o Pessoa.<\/p>\n<\/p><\/div>\n","protected":false},"excerpt":{"rendered":"<p>A Prefeitura de Jo\u00e3o Pessoa, por meio da Coordenadoria Municipal de Promo\u00e7\u00e3o da Igualdade Racial, realizou, neste s\u00e1bado (14), a<\/p>\n","protected":false},"author":2,"featured_media":0,"comment_status":"","ping_status":"","sticky":false,"template":"","format":"standard","meta":{"colormag_page_container_layout":"default_layout","colormag_page_sidebar_layout":"default_layout","footnotes":""},"categories":[1],"tags":[],"class_list":["post-46802","post","type-post","status-publish","format-standard","hentry","category-ejornais"],"aioseo_notices":[],"amp_enabled":true,"_links":{"self":[{"href":"https:\/\/ejornais.com.br\/index.php\/wp-json\/wp\/v2\/posts\/46802","targetHints":{"allow":["GET"]}}],"collection":[{"href":"https:\/\/ejornais.com.br\/index.php\/wp-json\/wp\/v2\/posts"}],"about":[{"href":"https:\/\/ejornais.com.br\/index.php\/wp-json\/wp\/v2\/types\/post"}],"author":[{"embeddable":true,"href":"https:\/\/ejornais.com.br\/index.php\/wp-json\/wp\/v2\/users\/2"}],"replies":[{"embeddable":true,"href":"https:\/\/ejornais.com.br\/index.php\/wp-json\/wp\/v2\/comments?post=46802"}],"version-history":[{"count":0,"href":"https:\/\/ejornais.com.br\/index.php\/wp-json\/wp\/v2\/posts\/46802\/revisions"}],"wp:attachment":[{"href":"https:\/\/ejornais.com.br\/index.php\/wp-json\/wp\/v2\/media?parent=46802"}],"wp:term":[{"taxonomy":"category","embeddable":true,"href":"https:\/\/ejornais.com.br\/index.php\/wp-json\/wp\/v2\/categories?post=46802"},{"taxonomy":"post_tag","embeddable":true,"href":"https:\/\/ejornais.com.br\/index.php\/wp-json\/wp\/v2\/tags?post=46802"}],"curies":[{"name":"wp","href":"https:\/\/api.w.org\/{rel}","templated":true}]}}