{"id":46809,"date":"2025-06-15T06:27:39","date_gmt":"2025-06-15T09:27:39","guid":{"rendered":"https:\/\/ejornais.com.br\/index.php\/2025\/06\/15\/arte-pode-servir-de-alerta-para-questao-ambiental-diz-zeca-baleiro\/"},"modified":"2025-06-15T06:27:39","modified_gmt":"2025-06-15T09:27:39","slug":"arte-pode-servir-de-alerta-para-questao-ambiental-diz-zeca-baleiro","status":"publish","type":"post","link":"https:\/\/ejornais.com.br\/index.php\/2025\/06\/15\/arte-pode-servir-de-alerta-para-questao-ambiental-diz-zeca-baleiro\/","title":{"rendered":"&#8216;Arte pode servir de alerta para quest\u00e3o ambiental&#8217;, diz Zeca Baleiro"},"content":{"rendered":"<p> Por MRNews<br \/>\n<\/p>\n<div wp_automatic_readability=\"109.04282115869\">\n<p>O cantor e compositor Zeca Baleiro foi uma das atra\u00e7\u00f5es musicais do 26\u00ba Festival Internacional de Cinema e V\u00eddeo Ambiental (Fica), que segue at\u00e9 este domingo (15), na Cidade de Goi\u00e1s. Amante declarado do cinema, Zeca e sua banda brindaram o p\u00fablico com os principais sucessos de 28 anos da bem-sucedida carreira musical. Antes de subir ao palco, em conversa com jornalistas, o maranhense se mostrou preocupado com a emerg\u00eancia clim\u00e1tica e ambiental que o pa\u00eds e o mundo vivem.\u00a0\u00a0<\/p>\n<p>\u201cAs pessoas acham que s\u00e3o vis\u00f5es alarmistas, mas a gente sabe que tem cientistas estudando toda essa situa\u00e7\u00e3o do mundo de hoje e sabe-se que isso \u00e9 uma coisa cr\u00edtica. \u00c9 quest\u00e3o de tempo. Ent\u00e3o, assim, todo chamamento que puder ser feito para convocar as pessoas, nem que seja a pensarem, refletirem sobre o tema, j\u00e1 \u00e9 bem-vindo. E aliar isso com a cultura, no caso, um festival de cinema e v\u00eddeo, especificamente voltado para o para a quest\u00e3o ambiental, voc\u00ea faz desse alerta uma coisa mais l\u00fadica\u201d, destacou.<\/p>\n<p><strong>Baleiro classifica a situa\u00e7\u00e3o pol\u00edtica, social e ambiental do pa\u00eds como um estado de \u201cmuita ebuli\u00e7\u00e3o\u201d, em que \u00e9 preciso buscar converg\u00eancia das pessoas para um bem comum<\/strong>. \u201cAcho que a gente vive um nova d\u00e9cada 1960, um momento de mudan\u00e7a de uma era, passando para um novo patamar hist\u00f3rico\u201d, observou.<\/p>\n<p><strong><a href=\"https:\/\/mrnews.com.br\/index.php\/2025\/06\/14\/bienal-do-livro-tem-ingressos-esgotados-no-2o-dia-da-festa-literaria\/\">Bienal do Livro tem ingressos esgotados no 2\u00ba dia da festa liter\u00e1ria<\/a><\/strong><\/p>\n<p><strong><a href=\"https:\/\/mrnews.com.br\/index.php\/2025\/06\/14\/marcha-da-maconha-reune-publico-contra-repressao-ao-uso-e-legalizacao\/\">Marcha da Maconha re\u00fane p\u00fablico contra repress\u00e3o ao uso e legaliza\u00e7\u00e3o<\/a><\/strong><\/p>\n<p>\u00a0<\/p>\n<blockquote wp_automatic_readability=\"14\">\n<p>\u201cEnt\u00e3o, todas essas quest\u00f5es que se apresentam no momento precisam ser debatidas e se a gente puder fazer isso num ambiente de cultura, de arte, melhor ainda, porque voc\u00ea atrai pessoas que, a priori, talvez n\u00e3o tivessem interesse naquilo\u201d, acrescentou.<\/p>\n<\/blockquote>\n<p>Considerado o maior evento audiovisual com tem\u00e1tica ambiental da Am\u00e9rica Latina, o Fica re\u00fane mostras competitivas de cinema, oficinas, atra\u00e7\u00f5es culturais, atividades ambientais, sess\u00f5es para o p\u00fablico infantil e shows musicais, al\u00e9m de f\u00f3runs e debates com grandes nomes do cinema nacional e internacional. Entre as personalidades presentes est\u00e3o o ambientalista, escritor e l\u00edder ind\u00edgena A\u00edlton Krenak e os cineastas Jo\u00e3o Moreira Salles e Vincent Carelli.<\/p>\n<h2>Paix\u00e3o pelo cinema<\/h2>\n<p>Durante a entrevista, Zeca Baleiro tamb\u00e9m revelou seu gosto pela arte cinematogr\u00e1fica. \u201cPara mim, \u00e9 como ir \u00e0 missa, a\u00ed fecha a luz, vem o trailer, tudo silencia. Acho bacana, um ritual que a gente n\u00e3o pode perder\u201d, apontou.<\/p>\n<p><strong><a href=\"https:\/\/mrnews.com.br\/index.php\/2025\/06\/14\/brasil-encerra-gp-de-boxe-na-europa-com-6-ouros-1-prata-e-1-bronze\/\">Brasil encerra GP de boxe na Europa com 6 ouros, 1 prata e 1 bronze<\/a><\/strong><\/p>\n<p><strong><a href=\"https:\/\/mrnews.com.br\/index.php\/2025\/06\/14\/inca-doacao-voluntaria-de-sangue-e-essencial-ao-tratamento-oncologico\/\">INCA: doa\u00e7\u00e3o volunt\u00e1ria de sangue \u00e9 essencial ao tratamento oncol\u00f3gico<\/a><\/strong><\/p>\n<blockquote wp_automatic_readability=\"14\">\n<p>\u201cLamento que coisas como a Netflix e canais por assinatura, apesar de importantes, acabam, \u00e0s vezes, roubando o p\u00fablico do cinema, mas que bom que a gente est\u00e1 num bom momento do cinema nacional agora, as pessoas est\u00e3o voltando \u00e0s salas e tudo mais\u201d, analisou.<\/p>\n<\/blockquote>\n<p>O cantor comp\u00f5e trilha sonora para teatro e tamb\u00e9m para o cinema, incluindo um recente trabalho em um document\u00e1rio sobre os ind\u00edgenas da etnia Krah\u00f4 baseado no livro do indigenista Fernando Schiavini.<\/p>\n<div class=\"dnd-widget-wrapper context-cheio_8colunas type-image atom-align-center\" wp_automatic_readability=\"7.5\">\n<div class=\"dnd-caption-wrapper\" wp_automatic_readability=\"10\">\n<p><!--copyright=427716-->Show de Zeca Baleiro na 26\u00aa edi\u00e7\u00e3o\u00a0do Festival Internacional de Cinema e V\u00eddeo Ambiental (Fica 2025), com o tema \u201cCerrado: a savana brasileira e o equil\u00edbrio do clima\u201d <strong>Jo\u00e9dson Alves\/Ag\u00eancia\u00a0Brasil<\/strong><!--END copyright=427716--><\/p>\n<\/div>\n<\/div>\n<p>\u00a0<\/p>\n<h2>Transforma\u00e7\u00f5es na m\u00fasica<\/h2>\n<p>Com quase tr\u00eas d\u00e9cadas de carreira, Zeca Baleiro tamb\u00e9m refletiu sobre as mudan\u00e7as estruturais no mercado da m\u00fasica desde ent\u00e3o, especialmente o impacto causado pelas plataformas. \u201cHoje \u00e9 muito dif\u00edcil voc\u00ea divulgar as coisas mais recentes, porque h\u00e1 uma pulveriza\u00e7\u00e3o muito grande com as plataformas digitais e s\u00e3o muitos lan\u00e7amentos di\u00e1rios\u201d. No ano que vem, quando completar 60 anos idade, o maranhense pretende lan\u00e7ar um livro de mem\u00f3rias para contar tudo o que viu e viveu na cena musical brasileira ao longo desse per\u00edodo.<\/p>\n<p>\u201cHoje, por exemplo, eu acho muito mais dif\u00edcil come\u00e7ar uma carreira. Eu conhe\u00e7o v\u00e1rios artistas novos talentosos que t\u00eam muita dificuldade em pensar uma carreira a longo prazo. A minha gera\u00e7\u00e3o ainda conseguiu isso porque a gente pegou um restinho ali de mercado fonogr\u00e1fico gr\u00e1fico, quando ainda existia o suporte f\u00edsico\u201d, afirmou.<\/p>\n<blockquote wp_automatic_readability=\"17\">\n<p>\u201cPor outro lado, \u00e9 muito simples uma pessoa em Goi\u00e1s ou interior de Pernambuco gravar um tro\u00e7o e botar na internet. N\u00e3o h\u00e1 nada que o impe\u00e7a, n\u00e3o importa se ele canta bem, se ele toca bem, se ele comp\u00f5e bem. Ele tem essa liberdade. N\u00e3o h\u00e1 uma curadoria, um rigor. Ent\u00e3o, h\u00e1 coisas que avan\u00e7aram, h\u00e1 coisas que melhoraram, h\u00e1 coisas que pioraram e assim segue a vida\u201d, completou.<\/p>\n<\/blockquote>\n<p>*<em>A equipe de reportagem da <strong>Ag\u00eancia Brasil <\/strong>viajou a convite da organiza\u00e7\u00e3o do 26\u00ba Fica.<\/em><\/p>\n<\/div>\n","protected":false},"excerpt":{"rendered":"<p>Por MRNews O cantor e compositor Zeca Baleiro foi uma das atra\u00e7\u00f5es musicais do 26\u00ba Festival Internacional de Cinema e<\/p>\n","protected":false},"author":2,"featured_media":0,"comment_status":"","ping_status":"","sticky":false,"template":"","format":"standard","meta":{"colormag_page_container_layout":"default_layout","colormag_page_sidebar_layout":"default_layout","footnotes":""},"categories":[1],"tags":[],"class_list":["post-46809","post","type-post","status-publish","format-standard","hentry","category-ejornais"],"aioseo_notices":[],"amp_enabled":true,"_links":{"self":[{"href":"https:\/\/ejornais.com.br\/index.php\/wp-json\/wp\/v2\/posts\/46809","targetHints":{"allow":["GET"]}}],"collection":[{"href":"https:\/\/ejornais.com.br\/index.php\/wp-json\/wp\/v2\/posts"}],"about":[{"href":"https:\/\/ejornais.com.br\/index.php\/wp-json\/wp\/v2\/types\/post"}],"author":[{"embeddable":true,"href":"https:\/\/ejornais.com.br\/index.php\/wp-json\/wp\/v2\/users\/2"}],"replies":[{"embeddable":true,"href":"https:\/\/ejornais.com.br\/index.php\/wp-json\/wp\/v2\/comments?post=46809"}],"version-history":[{"count":0,"href":"https:\/\/ejornais.com.br\/index.php\/wp-json\/wp\/v2\/posts\/46809\/revisions"}],"wp:attachment":[{"href":"https:\/\/ejornais.com.br\/index.php\/wp-json\/wp\/v2\/media?parent=46809"}],"wp:term":[{"taxonomy":"category","embeddable":true,"href":"https:\/\/ejornais.com.br\/index.php\/wp-json\/wp\/v2\/categories?post=46809"},{"taxonomy":"post_tag","embeddable":true,"href":"https:\/\/ejornais.com.br\/index.php\/wp-json\/wp\/v2\/tags?post=46809"}],"curies":[{"name":"wp","href":"https:\/\/api.w.org\/{rel}","templated":true}]}}