{"id":46819,"date":"2025-06-15T11:01:42","date_gmt":"2025-06-15T14:01:42","guid":{"rendered":"https:\/\/ejornais.com.br\/index.php\/2025\/06\/15\/funjope-divulga-destaques-do-festival-de-juninas-e-publico-elogia-acessibilidade\/"},"modified":"2025-06-15T11:01:42","modified_gmt":"2025-06-15T14:01:42","slug":"funjope-divulga-destaques-do-festival-de-juninas-e-publico-elogia-acessibilidade","status":"publish","type":"post","link":"https:\/\/ejornais.com.br\/index.php\/2025\/06\/15\/funjope-divulga-destaques-do-festival-de-juninas-e-publico-elogia-acessibilidade\/","title":{"rendered":"Funjope divulga destaques do Festival de Juninas e p\u00fablico elogia acessibilidade"},"content":{"rendered":"<p><\/p>\n<div>\n<p>A Funda\u00e7\u00e3o Cultural de Jo\u00e3o Pessoa (Funjope) e a Liga das Quadrilhas Juninas (LiquajuJP) divulgaram, neste s\u00e1bado (14), os destaques das juninas que participaram do Festival de Quadrilhas Juninas de Jo\u00e3o Pessoa. Foram eleitos pelos jurados o melhor casal de noivos \u2013 Fogueirinha, casal junino \u2013 junina Fogueirinha, rainha junina \u2013 Fogueirinha, e rainha da diversidade \u2013 Lageiro Seco. J\u00e1 para o p\u00fablico, al\u00e9m da seguran\u00e7a e organiza\u00e7\u00e3o, um dos destaques do evento foi a \u00e1rea de acessibilidade, que permitiu aos idosos e cadeirantes um local exclusivo para ver o Festival.<\/p>\n<figure class=\"wp-block-gallery has-nested-images columns-default is-cropped wp-block-gallery-1 is-layout-flex wp-block-gallery-is-layout-flex\">\n<figure class=\"wp-block-image size-large\"><\/figure>\n<figure class=\"wp-block-image size-large\"><\/figure>\n<figure class=\"wp-block-image size-large\"><\/figure>\n<figure class=\"wp-block-image size-large\"><\/figure>\n<\/figure>\n<p>\u201cEste s\u00e1bado foi a noite das estrelas do nosso Festival, quando os jurados avaliam os casais, as rainhas, ou seja, os talentos individuais das quadrilhas juninas. \u00c9 muito importante porque esses personagens principais das juninas fazem parte da tradi\u00e7\u00e3o, dando for\u00e7a, vitalidade e integram, verdadeiramente, as pr\u00f3prias quadrilhas juninas. N\u00f3s observamos muita qualidade, desenvoltura e beleza nessas estrelas. N\u00f3s, da Funjope e da Prefeitura de Jo\u00e3o Pessoa, s\u00f3 temos uma palavra para tudo isso que \u00e9 gratid\u00e3o pela cidade de Jo\u00e3o Pessoa ter abra\u00e7ado e aprendido, na verdade, a gostar das quadrilhas juninas\u201d, avaliou o diretor executivo da Funjope, Marcus Alves.<\/p>\n<p>Ele ressaltou ainda que a Prefeitura, sob o comando do prefeito C\u00edcero Lucena, construiu, no Busto de Tamandar\u00e9, uma arena extremamente preparada para as juninas, os quadrilheiros e o p\u00fablico. \u201cAl\u00e9m de uma \u00e1rea de acessibilidade muito grande, com cadeiras, total acesso para cadeirantes, pessoas idosas, autistas e outras pessoas com defici\u00eancia\u201d, frisou.<\/p>\n<figure class=\"wp-block-gallery has-nested-images columns-default is-cropped wp-block-gallery-2 is-layout-flex wp-block-gallery-is-layout-flex\">\n<figure class=\"wp-block-image size-large\"><\/figure>\n<figure class=\"wp-block-image size-large\"><\/figure>\n<figure class=\"wp-block-image size-large\"><\/figure>\n<\/figure>\n<p>Marcus Alves destacou ainda que o espa\u00e7o do evento \u00e9 capacitado para os quadrilheiros desenvolverem suas performances com qualidade, num lugar de f\u00e1cil acesso de mobilidade urbana. \u201cN\u00f3s fazemos o Festival de Quadrilhas Juninas com esse carinho e esse planejamento\u201d, acrescentou.<\/p>\n<p><strong>Acessibilidade \u2013 <\/strong>A Funjope, a exemplo dos demais grandes eventos que realiza na Capital, reservou uma \u00e1rea de acessibilidade no Festival de Quadrilhas Juninas de Jo\u00e3o Pessoa, permitindo ao p\u00fablico idoso, cadeirante ou com dificuldade de locomo\u00e7\u00e3o um local com f\u00e1cil acesso e boa visibilidade para acompanhar as apresenta\u00e7\u00f5es. E a iniciativa \u00e9 sempre elogiada por quem precisa.<\/p>\n<p>De Macei\u00f3, a aposentada Edneuza Marques elogiou o evento, mas de forma especial a \u00e1rea de acessibilidade. \u201c\u00c9 \u00f3timo ter essa \u00e1rea de acessibilidade. Em todo lugar onde a gente vai tem que subir escada e eu n\u00e3o posso. Se fosse para subir, eu iria voltar para casa. Aqui, gra\u00e7as a Deus, \u00e9 tudo baixinho e eu posso acompanhar tranquila. Parab\u00e9ns\u201d, disse.<\/p>\n<figure class=\"wp-block-gallery has-nested-images columns-default is-cropped wp-block-gallery-3 is-layout-flex wp-block-gallery-is-layout-flex\">\n<figure class=\"wp-block-image size-large\"><\/figure>\n<figure class=\"wp-block-image size-large\"><\/figure>\n<figure class=\"wp-block-image size-large\"><\/figure>\n<\/figure>\n<p>A tamb\u00e9m aposentada S\u00edlvia Westphalen, do Rio Grande do Sul, disse que achou muito bonito. \u201cEu achei tudo maravilhoso. Sou do Sul e esta \u00e9 a primeira vez que venho aqui em Jo\u00e3o Pessoa. Est\u00e1 tudo muito lindo, bem organizado para as pessoas com mais de 60 anos. \u00c9 muito bom ter esse espa\u00e7o\u201d, destacou.<\/p>\n<p>Para a funcion\u00e1ria Rosane Bittencourt, tamb\u00e9m do Rio Grande do Sul, foi essencial encontrar um espa\u00e7o exclusivo. \u201c\u00c9 muito importante para n\u00f3s, idosos\u201d, resumiu.<\/p>\n<p><strong>Programa\u00e7\u00e3o <\/strong>\u2013 A partir deste domingo (15) at\u00e9 a quarta-feira (18) acontecem as apresenta\u00e7\u00f5es das quadrilhas juninas na etapa estadual. No dia 19, ser\u00e3o eleitos os destaques do evento \u2013 casal de noivos, casal junino, rainha junina e rainha da diversidade. J\u00e1 a programa\u00e7\u00e3o completa do S\u00e3o Jo\u00e3o Multicultural de Jo\u00e3o Pessoa pode ser acessada no link https:\/\/www.joaopessoa.pb.gov.br\/destaque\/saojoao2025\/.<\/p>\n<figure class=\"wp-block-gallery has-nested-images columns-default is-cropped wp-block-gallery-4 is-layout-flex wp-block-gallery-is-layout-flex\">\n<figure class=\"wp-block-image size-large\"><\/figure>\n<figure class=\"wp-block-image size-large\"><\/figure>\n<figure class=\"wp-block-image size-large\"><\/figure>\n<figure class=\"wp-block-image size-large\"><\/figure>\n<\/figure>\n<blockquote class=\"wp-block-quote is-layout-flow wp-block-quote-is-layout-flow\">\n<p><strong>Integra\u00e7\u00e3o e seguran\u00e7a \u2013 <\/strong>O trabalho \u00e9 uma a\u00e7\u00e3o integrada da Prefeitura de Jo\u00e3o Pessoa e Governo do Estado, envolvendo v\u00e1rias secretarias como a Comunica\u00e7\u00e3o (Secom), Infraestrutura (Seinfra), Desenvolvimento Urbano (Sedurb), Sa\u00fade (SMS), Meio Ambiente (Semam), Seguran\u00e7a P\u00fablica Municipal (Semusb) com a Guarda Municipal, Mobilidade Urbana (Semob), Limpeza Urbana (Emlur), Pol\u00edcia Militar, Samu, Corpo de Bombeiros.<\/p>\n<\/blockquote>\n<figure class=\"wp-block-gallery has-nested-images columns-default is-cropped wp-block-gallery-5 is-layout-flex wp-block-gallery-is-layout-flex\">\n<figure class=\"wp-block-image size-large\"><\/figure>\n<\/figure>\n<p>Um forte esquema de seguran\u00e7a foi planejado para garantir a tranquilidade do p\u00fablico. A cada noite, a Pol\u00edcia Militar trabalha com um grupo de policiais distribu\u00eddos em patrulhas e viaturas, acompanhando toda a \u00e1rea do evento e imedia\u00e7\u00f5es. H\u00e1 ainda o monitoramento em tempo real, com c\u00e2meras de alta resolu\u00e7\u00e3o, que \u00e9 reproduzido na Secretaria de Seguran\u00e7a P\u00fablica, sendo observado por uma equipe exclusiva.<\/p>\n<p>A Guarda Civil Metropolitana tamb\u00e9m destaca, diariamente, um efetivo de homens a p\u00e9, al\u00e9m de motocicletas e viaturas. O evento conta ainda com o apoio do Corpo de Bombeiros Militar e atendimento do Servi\u00e7o de Atendimento M\u00f3vel de Urg\u00eancia (Samu).<\/p>\n<\/p><\/div>\n","protected":false},"excerpt":{"rendered":"<p>A Funda\u00e7\u00e3o Cultural de Jo\u00e3o Pessoa (Funjope) e a Liga das Quadrilhas Juninas (LiquajuJP) divulgaram, neste s\u00e1bado (14), os destaques<\/p>\n","protected":false},"author":2,"featured_media":0,"comment_status":"","ping_status":"","sticky":false,"template":"","format":"standard","meta":{"colormag_page_container_layout":"default_layout","colormag_page_sidebar_layout":"default_layout","footnotes":""},"categories":[1],"tags":[],"class_list":["post-46819","post","type-post","status-publish","format-standard","hentry","category-ejornais"],"aioseo_notices":[],"aioseo_head":"\n\t\t<!-- All in One SEO 5.0.1.1 - aioseo.com -->\n\t<meta name=\"description\" content=\"A Funda\u00e7\u00e3o Cultural de Jo\u00e3o Pessoa (Funjope) e a Liga das Quadrilhas Juninas (LiquajuJP) divulgaram, neste s\u00e1bado (14), os destaques das juninas que participaram do Festival de Quadrilhas Juninas de Jo\u00e3o Pessoa. Foram eleitos pelos jurados o melhor casal de noivos \u2013 Fogueirinha, casal junino \u2013 junina Fogueirinha, rainha junina \u2013 Fogueirinha, e rainha da\" \/>\n\t<meta name=\"robots\" content=\"max-image-preview:large\" \/>\n\t<meta name=\"author\" content=\"admin1\"\/>\n\t<link rel=\"canonical\" href=\"https:\/\/ejornais.com.br\/index.php\/2025\/06\/15\/funjope-divulga-destaques-do-festival-de-juninas-e-publico-elogia-acessibilidade\/\" \/>\n\t<meta name=\"generator\" content=\"All in One SEO (AIOSEO) 5.0.1.1\" \/>\n\t\t<meta property=\"og:locale\" content=\"pt_BR\" \/>\n\t\t<meta property=\"og:site_name\" content=\"eJornais - Cat\u00e1logo de Jornais no mundo, Not\u00edcias, Blog e Esportes ao vivo\" \/>\n\t\t<meta property=\"og:type\" content=\"article\" \/>\n\t\t<meta property=\"og:title\" content=\"Funjope divulga destaques do Festival de Juninas e p\u00fablico elogia acessibilidade - eJornais\" \/>\n\t\t<meta property=\"og:description\" content=\"A Funda\u00e7\u00e3o Cultural de Jo\u00e3o Pessoa (Funjope) e a Liga das Quadrilhas Juninas (LiquajuJP) divulgaram, neste s\u00e1bado (14), os destaques das juninas que participaram do Festival de Quadrilhas Juninas de Jo\u00e3o Pessoa. Foram eleitos pelos jurados o melhor casal de noivos \u2013 Fogueirinha, casal junino \u2013 junina Fogueirinha, rainha junina \u2013 Fogueirinha, e rainha da\" \/>\n\t\t<meta property=\"og:url\" content=\"https:\/\/ejornais.com.br\/index.php\/2025\/06\/15\/funjope-divulga-destaques-do-festival-de-juninas-e-publico-elogia-acessibilidade\/\" \/>\n\t\t<meta property=\"article:published_time\" content=\"2025-06-15T14:01:42+00:00\" \/>\n\t\t<meta property=\"article:modified_time\" content=\"2025-06-15T14:01:42+00:00\" \/>\n\t\t<meta name=\"twitter:card\" content=\"summary_large_image\" \/>\n\t\t<meta name=\"twitter:title\" content=\"Funjope divulga destaques do Festival de Juninas e p\u00fablico elogia acessibilidade - eJornais\" \/>\n\t\t<meta name=\"twitter:description\" content=\"A Funda\u00e7\u00e3o Cultural de Jo\u00e3o Pessoa (Funjope) e a Liga das Quadrilhas Juninas (LiquajuJP) divulgaram, neste s\u00e1bado (14), os destaques das juninas que participaram do Festival de Quadrilhas Juninas de Jo\u00e3o Pessoa. Foram eleitos pelos jurados o melhor casal de noivos \u2013 Fogueirinha, casal junino \u2013 junina Fogueirinha, rainha junina \u2013 Fogueirinha, e rainha da\" \/>\n\t\t<script type=\"application\/ld+json\" class=\"aioseo-schema\">\n\t\t\t{\"@context\":\"https:\\\/\\\/schema.org\",\"@graph\":[{\"@type\":\"BlogPosting\",\"@id\":\"https:\\\/\\\/ejornais.com.br\\\/index.php\\\/2025\\\/06\\\/15\\\/funjope-divulga-destaques-do-festival-de-juninas-e-publico-elogia-acessibilidade\\\/#blogposting\",\"name\":\"Funjope divulga destaques do Festival de Juninas e p\\u00fablico elogia acessibilidade - eJornais\",\"headline\":\"Funjope divulga destaques do Festival de Juninas e p\\u00fablico elogia acessibilidade\",\"author\":{\"@id\":\"https:\\\/\\\/ejornais.com.br\\\/index.php\\\/author\\\/admin1\\\/#author\"},\"publisher\":{\"@id\":\"https:\\\/\\\/ejornais.com.br\\\/#organization\"},\"datePublished\":\"2025-06-15T11:01:42-03:00\",\"dateModified\":\"2025-06-15T11:01:42-03:00\",\"inLanguage\":\"pt-BR\",\"mainEntityOfPage\":{\"@id\":\"https:\\\/\\\/ejornais.com.br\\\/index.php\\\/2025\\\/06\\\/15\\\/funjope-divulga-destaques-do-festival-de-juninas-e-publico-elogia-acessibilidade\\\/#webpage\"},\"isPartOf\":{\"@id\":\"https:\\\/\\\/ejornais.com.br\\\/index.php\\\/2025\\\/06\\\/15\\\/funjope-divulga-destaques-do-festival-de-juninas-e-publico-elogia-acessibilidade\\\/#webpage\"},\"articleSection\":\"Cat\\u00e1logo de Jornais\"},{\"@type\":\"BreadcrumbList\",\"@id\":\"https:\\\/\\\/ejornais.com.br\\\/index.php\\\/2025\\\/06\\\/15\\\/funjope-divulga-destaques-do-festival-de-juninas-e-publico-elogia-acessibilidade\\\/#breadcrumblist\",\"itemListElement\":[{\"@type\":\"ListItem\",\"@id\":\"https:\\\/\\\/ejornais.com.br#listItem\",\"position\":1,\"name\":\"In\\u00edcio\",\"item\":\"https:\\\/\\\/ejornais.com.br\",\"nextItem\":{\"@type\":\"ListItem\",\"@id\":\"https:\\\/\\\/ejornais.com.br\\\/index.php\\\/category\\\/ejornais\\\/#listItem\",\"name\":\"Cat\\u00e1logo de Jornais\"}},{\"@type\":\"ListItem\",\"@id\":\"https:\\\/\\\/ejornais.com.br\\\/index.php\\\/category\\\/ejornais\\\/#listItem\",\"position\":2,\"name\":\"Cat\\u00e1logo de Jornais\",\"item\":\"https:\\\/\\\/ejornais.com.br\\\/index.php\\\/category\\\/ejornais\\\/\",\"nextItem\":{\"@type\":\"ListItem\",\"@id\":\"https:\\\/\\\/ejornais.com.br\\\/index.php\\\/2025\\\/06\\\/15\\\/funjope-divulga-destaques-do-festival-de-juninas-e-publico-elogia-acessibilidade\\\/#listItem\",\"name\":\"Funjope divulga destaques do Festival de Juninas e p\\u00fablico elogia acessibilidade\"},\"previousItem\":{\"@type\":\"ListItem\",\"@id\":\"https:\\\/\\\/ejornais.com.br#listItem\",\"name\":\"In\\u00edcio\"}},{\"@type\":\"ListItem\",\"@id\":\"https:\\\/\\\/ejornais.com.br\\\/index.php\\\/2025\\\/06\\\/15\\\/funjope-divulga-destaques-do-festival-de-juninas-e-publico-elogia-acessibilidade\\\/#listItem\",\"position\":3,\"name\":\"Funjope divulga destaques do Festival de Juninas e p\\u00fablico elogia acessibilidade\",\"previousItem\":{\"@type\":\"ListItem\",\"@id\":\"https:\\\/\\\/ejornais.com.br\\\/index.php\\\/category\\\/ejornais\\\/#listItem\",\"name\":\"Cat\\u00e1logo de Jornais\"}}]},{\"@type\":\"Organization\",\"@id\":\"https:\\\/\\\/ejornais.com.br\\\/#organization\",\"name\":\"eJornais\",\"description\":\"Cat\\u00e1logo de Jornais no mundo, Not\\u00edcias, Blog e Esportes ao vivo\",\"url\":\"https:\\\/\\\/ejornais.com.br\\\/\"},{\"@type\":\"Person\",\"@id\":\"https:\\\/\\\/ejornais.com.br\\\/index.php\\\/author\\\/admin1\\\/#author\",\"url\":\"https:\\\/\\\/ejornais.com.br\\\/index.php\\\/author\\\/admin1\\\/\",\"name\":\"admin1\",\"image\":{\"@type\":\"ImageObject\",\"@id\":\"https:\\\/\\\/ejornais.com.br\\\/index.php\\\/2025\\\/06\\\/15\\\/funjope-divulga-destaques-do-festival-de-juninas-e-publico-elogia-acessibilidade\\\/#authorImage\",\"url\":\"https:\\\/\\\/secure.gravatar.com\\\/avatar\\\/04084e6d73c042b8646e7c17b494073bf0ede3ea13c7105cfc45cbbbc28385a4?s=96&d=mm&r=g\",\"width\":96,\"height\":96,\"caption\":\"admin1\"}},{\"@type\":\"WebPage\",\"@id\":\"https:\\\/\\\/ejornais.com.br\\\/index.php\\\/2025\\\/06\\\/15\\\/funjope-divulga-destaques-do-festival-de-juninas-e-publico-elogia-acessibilidade\\\/#webpage\",\"url\":\"https:\\\/\\\/ejornais.com.br\\\/index.php\\\/2025\\\/06\\\/15\\\/funjope-divulga-destaques-do-festival-de-juninas-e-publico-elogia-acessibilidade\\\/\",\"name\":\"Funjope divulga destaques do Festival de Juninas e p\\u00fablico elogia acessibilidade - eJornais\",\"description\":\"A Funda\\u00e7\\u00e3o Cultural de Jo\\u00e3o Pessoa (Funjope) e a Liga das Quadrilhas Juninas (LiquajuJP) divulgaram, neste s\\u00e1bado (14), os destaques das juninas que participaram do Festival de Quadrilhas Juninas de Jo\\u00e3o Pessoa. Foram eleitos pelos jurados o melhor casal de noivos \\u2013 Fogueirinha, casal junino \\u2013 junina Fogueirinha, rainha junina \\u2013 Fogueirinha, e rainha da\",\"inLanguage\":\"pt-BR\",\"isPartOf\":{\"@id\":\"https:\\\/\\\/ejornais.com.br\\\/#website\"},\"breadcrumb\":{\"@id\":\"https:\\\/\\\/ejornais.com.br\\\/index.php\\\/2025\\\/06\\\/15\\\/funjope-divulga-destaques-do-festival-de-juninas-e-publico-elogia-acessibilidade\\\/#breadcrumblist\"},\"author\":{\"@id\":\"https:\\\/\\\/ejornais.com.br\\\/index.php\\\/author\\\/admin1\\\/#author\"},\"creator\":{\"@id\":\"https:\\\/\\\/ejornais.com.br\\\/index.php\\\/author\\\/admin1\\\/#author\"},\"datePublished\":\"2025-06-15T11:01:42-03:00\",\"dateModified\":\"2025-06-15T11:01:42-03:00\"},{\"@type\":\"WebSite\",\"@id\":\"https:\\\/\\\/ejornais.com.br\\\/#website\",\"url\":\"https:\\\/\\\/ejornais.com.br\\\/\",\"name\":\"eJornais\",\"description\":\"Cat\\u00e1logo de Jornais no mundo, Not\\u00edcias, Blog e Esportes ao vivo\",\"inLanguage\":\"pt-BR\",\"publisher\":{\"@id\":\"https:\\\/\\\/ejornais.com.br\\\/#organization\"}}]}\n\t\t<\/script>\n\t\t<!-- All in One SEO -->\n\n","aioseo_head_json":{"title":"Funjope divulga destaques do Festival de Juninas e p\u00fablico elogia acessibilidade - eJornais","description":"A Funda\u00e7\u00e3o Cultural de Jo\u00e3o Pessoa (Funjope) e a Liga das Quadrilhas Juninas (LiquajuJP) divulgaram, neste s\u00e1bado (14), os destaques das juninas que participaram do Festival de Quadrilhas Juninas de Jo\u00e3o Pessoa. Foram eleitos pelos jurados o melhor casal de noivos \u2013 Fogueirinha, casal junino \u2013 junina Fogueirinha, rainha junina \u2013 Fogueirinha, e rainha da","canonical_url":"https:\/\/ejornais.com.br\/index.php\/2025\/06\/15\/funjope-divulga-destaques-do-festival-de-juninas-e-publico-elogia-acessibilidade\/","robots":"max-image-preview:large","keywords":"","webmasterTools":{"miscellaneous":""},"schema":{"@context":"https:\/\/schema.org","@graph":[{"@type":"BlogPosting","@id":"https:\/\/ejornais.com.br\/index.php\/2025\/06\/15\/funjope-divulga-destaques-do-festival-de-juninas-e-publico-elogia-acessibilidade\/#blogposting","name":"Funjope divulga destaques do Festival de Juninas e p\u00fablico elogia acessibilidade - eJornais","headline":"Funjope divulga destaques do Festival de Juninas e p\u00fablico elogia acessibilidade","author":{"@id":"https:\/\/ejornais.com.br\/index.php\/author\/admin1\/#author"},"publisher":{"@id":"https:\/\/ejornais.com.br\/#organization"},"datePublished":"2025-06-15T11:01:42-03:00","dateModified":"2025-06-15T11:01:42-03:00","inLanguage":"pt-BR","mainEntityOfPage":{"@id":"https:\/\/ejornais.com.br\/index.php\/2025\/06\/15\/funjope-divulga-destaques-do-festival-de-juninas-e-publico-elogia-acessibilidade\/#webpage"},"isPartOf":{"@id":"https:\/\/ejornais.com.br\/index.php\/2025\/06\/15\/funjope-divulga-destaques-do-festival-de-juninas-e-publico-elogia-acessibilidade\/#webpage"},"articleSection":"Cat\u00e1logo de Jornais"},{"@type":"BreadcrumbList","@id":"https:\/\/ejornais.com.br\/index.php\/2025\/06\/15\/funjope-divulga-destaques-do-festival-de-juninas-e-publico-elogia-acessibilidade\/#breadcrumblist","itemListElement":[{"@type":"ListItem","@id":"https:\/\/ejornais.com.br#listItem","position":1,"name":"In\u00edcio","item":"https:\/\/ejornais.com.br","nextItem":{"@type":"ListItem","@id":"https:\/\/ejornais.com.br\/index.php\/category\/ejornais\/#listItem","name":"Cat\u00e1logo de Jornais"}},{"@type":"ListItem","@id":"https:\/\/ejornais.com.br\/index.php\/category\/ejornais\/#listItem","position":2,"name":"Cat\u00e1logo de Jornais","item":"https:\/\/ejornais.com.br\/index.php\/category\/ejornais\/","nextItem":{"@type":"ListItem","@id":"https:\/\/ejornais.com.br\/index.php\/2025\/06\/15\/funjope-divulga-destaques-do-festival-de-juninas-e-publico-elogia-acessibilidade\/#listItem","name":"Funjope divulga destaques do Festival de Juninas e p\u00fablico elogia acessibilidade"},"previousItem":{"@type":"ListItem","@id":"https:\/\/ejornais.com.br#listItem","name":"In\u00edcio"}},{"@type":"ListItem","@id":"https:\/\/ejornais.com.br\/index.php\/2025\/06\/15\/funjope-divulga-destaques-do-festival-de-juninas-e-publico-elogia-acessibilidade\/#listItem","position":3,"name":"Funjope divulga destaques do Festival de Juninas e p\u00fablico elogia acessibilidade","previousItem":{"@type":"ListItem","@id":"https:\/\/ejornais.com.br\/index.php\/category\/ejornais\/#listItem","name":"Cat\u00e1logo de Jornais"}}]},{"@type":"Organization","@id":"https:\/\/ejornais.com.br\/#organization","name":"eJornais","description":"Cat\u00e1logo de Jornais no mundo, Not\u00edcias, Blog e Esportes ao vivo","url":"https:\/\/ejornais.com.br\/"},{"@type":"Person","@id":"https:\/\/ejornais.com.br\/index.php\/author\/admin1\/#author","url":"https:\/\/ejornais.com.br\/index.php\/author\/admin1\/","name":"admin1","image":{"@type":"ImageObject","@id":"https:\/\/ejornais.com.br\/index.php\/2025\/06\/15\/funjope-divulga-destaques-do-festival-de-juninas-e-publico-elogia-acessibilidade\/#authorImage","url":"https:\/\/secure.gravatar.com\/avatar\/04084e6d73c042b8646e7c17b494073bf0ede3ea13c7105cfc45cbbbc28385a4?s=96&d=mm&r=g","width":96,"height":96,"caption":"admin1"}},{"@type":"WebPage","@id":"https:\/\/ejornais.com.br\/index.php\/2025\/06\/15\/funjope-divulga-destaques-do-festival-de-juninas-e-publico-elogia-acessibilidade\/#webpage","url":"https:\/\/ejornais.com.br\/index.php\/2025\/06\/15\/funjope-divulga-destaques-do-festival-de-juninas-e-publico-elogia-acessibilidade\/","name":"Funjope divulga destaques do Festival de Juninas e p\u00fablico elogia acessibilidade - eJornais","description":"A Funda\u00e7\u00e3o Cultural de Jo\u00e3o Pessoa (Funjope) e a Liga das Quadrilhas Juninas (LiquajuJP) divulgaram, neste s\u00e1bado (14), os destaques das juninas que participaram do Festival de Quadrilhas Juninas de Jo\u00e3o Pessoa. Foram eleitos pelos jurados o melhor casal de noivos \u2013 Fogueirinha, casal junino \u2013 junina Fogueirinha, rainha junina \u2013 Fogueirinha, e rainha da","inLanguage":"pt-BR","isPartOf":{"@id":"https:\/\/ejornais.com.br\/#website"},"breadcrumb":{"@id":"https:\/\/ejornais.com.br\/index.php\/2025\/06\/15\/funjope-divulga-destaques-do-festival-de-juninas-e-publico-elogia-acessibilidade\/#breadcrumblist"},"author":{"@id":"https:\/\/ejornais.com.br\/index.php\/author\/admin1\/#author"},"creator":{"@id":"https:\/\/ejornais.com.br\/index.php\/author\/admin1\/#author"},"datePublished":"2025-06-15T11:01:42-03:00","dateModified":"2025-06-15T11:01:42-03:00"},{"@type":"WebSite","@id":"https:\/\/ejornais.com.br\/#website","url":"https:\/\/ejornais.com.br\/","name":"eJornais","description":"Cat\u00e1logo de Jornais no mundo, Not\u00edcias, Blog e Esportes ao vivo","inLanguage":"pt-BR","publisher":{"@id":"https:\/\/ejornais.com.br\/#organization"}}]},"og:locale":"pt_BR","og:site_name":"eJornais - Cat\u00e1logo de Jornais no mundo, Not\u00edcias, Blog e Esportes ao vivo","og:type":"article","og:title":"Funjope divulga destaques do Festival de Juninas e p\u00fablico elogia acessibilidade - eJornais","og:description":"A Funda\u00e7\u00e3o Cultural de Jo\u00e3o Pessoa (Funjope) e a Liga das Quadrilhas Juninas (LiquajuJP) divulgaram, neste s\u00e1bado (14), os destaques das juninas que participaram do Festival de Quadrilhas Juninas de Jo\u00e3o Pessoa. Foram eleitos pelos jurados o melhor casal de noivos \u2013 Fogueirinha, casal junino \u2013 junina Fogueirinha, rainha junina \u2013 Fogueirinha, e rainha da","og:url":"https:\/\/ejornais.com.br\/index.php\/2025\/06\/15\/funjope-divulga-destaques-do-festival-de-juninas-e-publico-elogia-acessibilidade\/","article:published_time":"2025-06-15T14:01:42+00:00","article:modified_time":"2025-06-15T14:01:42+00:00","twitter:card":"summary_large_image","twitter:title":"Funjope divulga destaques do Festival de Juninas e p\u00fablico elogia acessibilidade - eJornais","twitter:description":"A Funda\u00e7\u00e3o Cultural de Jo\u00e3o Pessoa (Funjope) e a Liga das Quadrilhas Juninas (LiquajuJP) divulgaram, neste s\u00e1bado (14), os destaques das juninas que participaram do Festival de Quadrilhas Juninas de Jo\u00e3o Pessoa. Foram eleitos pelos jurados o melhor casal de noivos \u2013 Fogueirinha, casal junino \u2013 junina Fogueirinha, rainha junina \u2013 Fogueirinha, e rainha da"},"aioseo_meta_data":{"post_id":"46819","title":null,"description":null,"keywords":null,"keyphrases":null,"primary_term":null,"canonical_url":null,"og_title":null,"og_description":null,"og_object_type":"default","og_image_type":"default","og_image_url":null,"og_image_width":null,"og_image_height":null,"og_image_custom_url":null,"og_image_custom_fields":null,"og_video":null,"og_custom_url":null,"og_article_section":null,"og_article_tags":null,"twitter_use_og":false,"twitter_card":"default","twitter_image_type":"default","twitter_image_url":null,"twitter_image_custom_url":null,"twitter_image_custom_fields":null,"twitter_title":null,"twitter_description":null,"schema":{"blockGraphs":[],"customGraphs":[],"default":{"data":{"Article":[],"Course":[],"Dataset":[],"FAQPage":[],"Movie":[],"Person":[],"Product":[],"ProductReview":[],"Car":[],"Recipe":[],"Service":[],"SoftwareApplication":[],"WebPage":[]},"graphName":"","isEnabled":true},"graphs":[]},"schema_type":"default","schema_type_options":null,"pillar_content":false,"robots_default":true,"robots_noindex":false,"robots_noarchive":false,"robots_nosnippet":false,"robots_nofollow":false,"robots_noimageindex":false,"robots_noodp":false,"robots_notranslate":false,"robots_max_snippet":null,"robots_max_videopreview":null,"robots_max_imagepreview":"large","priority":null,"frequency":null,"local_seo":null,"breadcrumb_settings":null,"limit_modified_date":false,"ai":null,"created":"2025-06-15 14:16:11","updated":"2025-06-15 14:16:11","seo_analyzer_scan_date":null,"focus_keyword":null,"additional_keywords":null,"truseo_locale":null},"aioseo_breadcrumb":"<div class=\"aioseo-breadcrumbs\"><span class=\"aioseo-breadcrumb\">\n\t\t\t<a href=\"https:\/\/ejornais.com.br\" title=\"In\u00edcio\">In\u00edcio<\/a>\n\t\t<\/span><span class=\"aioseo-breadcrumb-separator\">&raquo;<\/span><span class=\"aioseo-breadcrumb\">\n\t\t\t<a href=\"https:\/\/ejornais.com.br\/index.php\/category\/ejornais\/\" title=\"Cat\u00e1logo de Jornais\">Cat\u00e1logo de Jornais<\/a>\n\t\t<\/span><span class=\"aioseo-breadcrumb-separator\">&raquo;<\/span><span class=\"aioseo-breadcrumb\">\n\t\t\tFunjope divulga destaques do Festival de Juninas e p\u00fablico elogia acessibilidade\n\t\t<\/span><\/div>","aioseo_breadcrumb_json":[{"label":"In\u00edcio","link":"https:\/\/ejornais.com.br"},{"label":"Cat\u00e1logo de Jornais","link":"https:\/\/ejornais.com.br\/index.php\/category\/ejornais\/"},{"label":"Funjope divulga destaques do Festival de Juninas e p\u00fablico elogia acessibilidade","link":"https:\/\/ejornais.com.br\/index.php\/2025\/06\/15\/funjope-divulga-destaques-do-festival-de-juninas-e-publico-elogia-acessibilidade\/"}],"amp_enabled":true,"_links":{"self":[{"href":"https:\/\/ejornais.com.br\/index.php\/wp-json\/wp\/v2\/posts\/46819","targetHints":{"allow":["GET"]}}],"collection":[{"href":"https:\/\/ejornais.com.br\/index.php\/wp-json\/wp\/v2\/posts"}],"about":[{"href":"https:\/\/ejornais.com.br\/index.php\/wp-json\/wp\/v2\/types\/post"}],"author":[{"embeddable":true,"href":"https:\/\/ejornais.com.br\/index.php\/wp-json\/wp\/v2\/users\/2"}],"replies":[{"embeddable":true,"href":"https:\/\/ejornais.com.br\/index.php\/wp-json\/wp\/v2\/comments?post=46819"}],"version-history":[{"count":0,"href":"https:\/\/ejornais.com.br\/index.php\/wp-json\/wp\/v2\/posts\/46819\/revisions"}],"wp:attachment":[{"href":"https:\/\/ejornais.com.br\/index.php\/wp-json\/wp\/v2\/media?parent=46819"}],"wp:term":[{"taxonomy":"category","embeddable":true,"href":"https:\/\/ejornais.com.br\/index.php\/wp-json\/wp\/v2\/categories?post=46819"},{"taxonomy":"post_tag","embeddable":true,"href":"https:\/\/ejornais.com.br\/index.php\/wp-json\/wp\/v2\/tags?post=46819"}],"curies":[{"name":"wp","href":"https:\/\/api.w.org\/{rel}","templated":true}]}}