{"id":46953,"date":"2025-06-17T15:32:44","date_gmt":"2025-06-17T18:32:44","guid":{"rendered":"https:\/\/ejornais.com.br\/index.php\/2025\/06\/17\/emprega-cg-oferece-vagas-para-retorno-ao-mercado-e-primeiro-emprego-no-aero-rancho-cgnoticias\/"},"modified":"2025-06-17T15:32:44","modified_gmt":"2025-06-17T18:32:44","slug":"emprega-cg-oferece-vagas-para-retorno-ao-mercado-e-primeiro-emprego-no-aero-rancho-cgnoticias","status":"publish","type":"post","link":"https:\/\/ejornais.com.br\/index.php\/2025\/06\/17\/emprega-cg-oferece-vagas-para-retorno-ao-mercado-e-primeiro-emprego-no-aero-rancho-cgnoticias\/","title":{"rendered":"Emprega CG oferece vagas para retorno ao mercado e primeiro emprego no Aero Rancho \u2013 CGNot\u00edcias"},"content":{"rendered":"<p><\/p>\n<div>\n<p>A 25\u00aa edi\u00e7\u00e3o do Emprega CG foi realizada na manh\u00e3 desta ter\u00e7a-feira (17), no Bairro Aero Rancho, e proporcionou oportunidades tanto de retorno ao mercado de trabalho quanto de primeiro emprego para os moradores da regi\u00e3o. A a\u00e7\u00e3o organizada pela Funda\u00e7\u00e3o Social do Trabalho (Funsat), contou com a participa\u00e7\u00e3o de empresas parceiras e entidades representativas, que divulgaram centenas de vagas das 8h \u00e0s 12h.<\/p>\n<p>\u201cMeu marido foi embora h\u00e1 alguns meses, estou sozinha, por isso um trabalho formal \u00e9 fundamental para a minha sobreviv\u00eancia. N\u00e3o fa\u00e7o quest\u00e3o de escolher a fun\u00e7\u00e3o, o importante \u00e9 conseguir uma coloca\u00e7\u00e3o o quanto antes\u201d, relatou S\u00edlvia Rodrigues Almeida, de 54 anos. Ela soube da a\u00e7\u00e3o por meio de uma mat\u00e9ria de jornal e aproveitou a oportunidade de participar de um evento t\u00e3o pr\u00f3ximo de sua resid\u00eancia.<\/p>\n<p>Entre os destaques do dia estava a fun\u00e7\u00e3o de repositor, que teve o maior n\u00famero de vagas abertas. Candidato \u00e0 vaga, o jovem Carlos Zani, de 17 anos, demonstrou otimismo. \u201cVejo que posso desempenhar bem a fun\u00e7\u00e3o e sei que est\u00e3o contratando bastante. Mas \u00e9 preciso ir bem na entrevista\u201d, destacou o morador do Aero Rancho.<\/p>\n<p>Com experi\u00eancia na \u00e1rea de transporte, Emerson La\u00eddio Santos, de 43 anos, chegou cedo ao local e garantiu uma das primeiras senhas de atendimento. \u201cQuero a vaga de motorista. J\u00e1 tenho experi\u00eancia e estou precisando com urg\u00eancia. Faz dois meses que estou tentando uma recoloca\u00e7\u00e3o, e com tantas op\u00e7\u00f5es hoje, minha expectativa aumentou\u201d, afirmou o morador do Parque do Lajeado.<\/p>\n<figure class=\"wp-block-image size-large\"><\/figure>\n<p>Na mesma linha, o morador do bairro e candidato Katriel Ricardo de Freitas, de 28 anos, recebeu quatro encaminhamentos para processos seletivos. \u201cNunca tive tantas op\u00e7\u00f5es num \u00fanico atendimento. Fiquei sabendo da a\u00e7\u00e3o pelas redes sociais e me interessei, principalmente porque estou saindo do Seguro-Desemprego. Melhor ainda que foi um evento perto de casa\u201d, disse.<\/p>\n<figure class=\"wp-block-image size-large\"><\/figure>\n<p>A esperan\u00e7a por uma oportunidade tamb\u00e9m motivou a jovem Deliannys Rodrigues, de 22 anos. \u201c\u00c9 a primeira vez que participo e gostei muito. Ainda n\u00e3o conhecia a Funsat, mas o fato de o \u00f3rg\u00e3o vir at\u00e9 a gente e trazer tantos parceiros transformou essa oferta de empregos em algo muito grande\u201d, comentou a moradora da regi\u00e3o.<\/p>\n<figure class=\"wp-block-image size-large\"><\/figure>\n<p>O evento foi realizado nas depend\u00eancias da Thissem-MS, uma Organiza\u00e7\u00e3o Sem Fins Lucrativos. No mesmo espa\u00e7o, tamb\u00e9m ocorreu uma iniciativa conjunta do Sindconecta, com o objetivo de captar m\u00e3o de obra para o setor representado, que re\u00fane cerca de 30 mil empresas.<\/p>\n<p>Ligados \u00e0 estrutura da Fecom\u00e9rcio-MS (Federa\u00e7\u00e3o do Com\u00e9rcio de Mato Grosso do Sul), quatro sindicatos s\u00e3o os idealizadores deste mutir\u00e3o de vagas, que acontece pela segunda vez: o Sindsuper (Sindicato dos Supermercados de Campo Grande), Sindivarejo (Sindicato do Com\u00e9rcio Varejista de Campo Grande), Seac-MS (Sindicato de Asseio e Conserva\u00e7\u00e3o de Mato Grosso do Sul) e Sindha-MS (Sindicato Empresarial de Hospedagem e Alimenta\u00e7\u00e3o).<\/p>\n<p>Al\u00e9m das vagas ofertadas pelo sistema da Funsat, as entidades participantes disponibilizaram mais de mil outras oportunidades, ampliando as chances de contrata\u00e7\u00e3o para os candidatos presentes.<\/p>\n<p>Durante o Emprega CG \u2013 25\u00aa edi\u00e7\u00e3o, cerca de 40 pessoas foram encaminhadas diretamente para entrevistas com recrutadores. A pr\u00f3xima edi\u00e7\u00e3o do programa est\u00e1 marcada para o dia 26 de junho, com previs\u00e3o de 300 vagas distribu\u00eddas entre 32 diferentes profiss\u00f5es. O processo seletivo contar\u00e1 com a participa\u00e7\u00e3o de analistas de recrutamento de 20 empresas.<\/p>\n<p><em>#ParaTodosVerem As imagens mostram personagens entrevistados durante o evento.<\/em><\/p>\n<\/div>\n<p><script async defer async defer src=\"https:\/\/connect.facebook.net\/en_US\/sdk.js?ver=1#xfbml=1&amp;version=v3.2\" id=\"prefeitura-campogrande-script-facebook-sdk-js\"><\/script><\/p>\n","protected":false},"excerpt":{"rendered":"<p>A 25\u00aa edi\u00e7\u00e3o do Emprega CG foi realizada na manh\u00e3 desta ter\u00e7a-feira (17), no Bairro Aero Rancho, e proporcionou oportunidades<\/p>\n","protected":false},"author":2,"featured_media":0,"comment_status":"","ping_status":"","sticky":false,"template":"","format":"standard","meta":{"colormag_page_container_layout":"default_layout","colormag_page_sidebar_layout":"default_layout","footnotes":""},"categories":[1],"tags":[],"class_list":["post-46953","post","type-post","status-publish","format-standard","hentry","category-ejornais"],"aioseo_notices":[],"amp_enabled":true,"_links":{"self":[{"href":"https:\/\/ejornais.com.br\/index.php\/wp-json\/wp\/v2\/posts\/46953","targetHints":{"allow":["GET"]}}],"collection":[{"href":"https:\/\/ejornais.com.br\/index.php\/wp-json\/wp\/v2\/posts"}],"about":[{"href":"https:\/\/ejornais.com.br\/index.php\/wp-json\/wp\/v2\/types\/post"}],"author":[{"embeddable":true,"href":"https:\/\/ejornais.com.br\/index.php\/wp-json\/wp\/v2\/users\/2"}],"replies":[{"embeddable":true,"href":"https:\/\/ejornais.com.br\/index.php\/wp-json\/wp\/v2\/comments?post=46953"}],"version-history":[{"count":0,"href":"https:\/\/ejornais.com.br\/index.php\/wp-json\/wp\/v2\/posts\/46953\/revisions"}],"wp:attachment":[{"href":"https:\/\/ejornais.com.br\/index.php\/wp-json\/wp\/v2\/media?parent=46953"}],"wp:term":[{"taxonomy":"category","embeddable":true,"href":"https:\/\/ejornais.com.br\/index.php\/wp-json\/wp\/v2\/categories?post=46953"},{"taxonomy":"post_tag","embeddable":true,"href":"https:\/\/ejornais.com.br\/index.php\/wp-json\/wp\/v2\/tags?post=46953"}],"curies":[{"name":"wp","href":"https:\/\/api.w.org\/{rel}","templated":true}]}}