{"id":47008,"date":"2025-06-18T10:04:41","date_gmt":"2025-06-18T13:04:41","guid":{"rendered":"https:\/\/ejornais.com.br\/index.php\/2025\/06\/18\/estudo-mostra-ganhos-necessarios-para-vida-digna-em-areas-do-semiarido\/"},"modified":"2025-06-18T10:04:41","modified_gmt":"2025-06-18T13:04:41","slug":"estudo-mostra-ganhos-necessarios-para-vida-digna-em-areas-do-semiarido","status":"publish","type":"post","link":"https:\/\/ejornais.com.br\/index.php\/2025\/06\/18\/estudo-mostra-ganhos-necessarios-para-vida-digna-em-areas-do-semiarido\/","title":{"rendered":"Estudo mostra ganhos necess\u00e1rios para vida digna em \u00e1reas do semi\u00e1rido"},"content":{"rendered":"<p> Por MRNews<br \/>\n<\/p>\n<div wp_automatic_readability=\"52.75232738557\">\n<p>Estudo do Instituto IDH analisou dados de custo de vida e de condi\u00e7\u00f5es de acesso aos direitos humanos fundamentais voltados para a realidade do semi\u00e1rido e regi\u00f5es lim\u00edtrofes nos estados da Para\u00edba, de Pernambuco e do Rio\u00a0Grande do Norte, identificando o valor necess\u00e1rio para a manuten\u00e7\u00e3o de uma fam\u00edlia de quatro\u00a0pessoas \u2013\u00a0dois\u00a0adultos e duas\u00a0crian\u00e7as, em dez\u00a0diferentes regi\u00f5es desses estados. <strong>Os valores encontrados v\u00e3o de R$ 1.986,00 a\u00a0R$ 4.996,00, acima portanto do sal\u00e1rio m\u00ednimo e do valor de refer\u00eancia para a linha de pobreza (R$ 872,00).<\/strong><\/p>\n<p>Realizado em parceria com o Anker Research Institute e com o Centro Brasileiro de An\u00e1lise e Planejamento (Cebrap), o estudo dividiu os territ\u00f3rios dos tr\u00eas estados em dez zonas, segundo os rendimentos m\u00ednimos necess\u00e1rios para a vida digna, sendo tr\u00eas\u00a0na Para\u00edba, quatro\u00a0no Rio Grande do Norte e tr\u00eas\u00a0em Pernambuco.<\/p>\n<p><strong>Nessas regi\u00f5es foi estipulado o valor capaz de custear\u00a0alimenta\u00e7\u00e3o saud\u00e1vel, educa\u00e7\u00e3o, moradia, sa\u00fade e lazer, al\u00e9m de 5% de excedente para emerg\u00eancias e imprevistos, como o impacto de eventos clim\u00e1ticos extremos, a exemplo das secas que atingem a regi\u00e3o.\u00a0<\/strong><\/p>\n<p><strong><a href=\"https:\/\/mrnews.com.br\/index.php\/2025\/06\/18\/conheca-a-historia-nuclear-do-ira-e-como-ela-explica-guerra-de-israel\/\">Conhe\u00e7a a hist\u00f3ria nuclear do Ir\u00e3 e como ela explica guerra de Israel<\/a><\/strong><\/p>\n<p><strong><a href=\"https:\/\/mrnews.com.br\/index.php\/2025\/06\/18\/justica-manda-soltar-ex-secretario-da-policia-civil-do-rio\/\">Justi\u00e7a manda soltar ex-secret\u00e1rio da Pol\u00edcia Civil do Rio<\/a><\/strong><\/p>\n<p>O levantamento\u00a0destacou\u00a0que a eleva\u00e7\u00e3o dos rendimentos e da qualidade de vida da popula\u00e7\u00e3o rural pode gerar impactos ambientais, econ\u00f4micos e sociais positivos. Diferenciou ainda valores necess\u00e1rios para empregados em atividades agr\u00edcolas (sal\u00e1rio digno) e produtores de pequenas propriedades (renda digna). Em geral, as fam\u00edlias da regi\u00e3o recebem abaixo desses valores considerados necess\u00e1rios pelos pesquisadores. <strong>Essa disparidade torna a situa\u00e7\u00e3o das fam\u00edlias mais delicada frente \u00e0s amea\u00e7as clim\u00e1ticas, como o avan\u00e7o da desertifica\u00e7\u00e3o, que amea\u00e7a 13% do territ\u00f3rio do semi\u00e1rido do Nordeste.<\/strong><\/p>\n<blockquote wp_automatic_readability=\"18\">\n<p>\u201cSem cadeias produtivas estruturadas e resilientes , n\u00e3o h\u00e1 renda digna no campo. A degrada\u00e7\u00e3o do bioma\u00a0 \u00e9 uma amea\u00e7a para as fam\u00edlias que vivem da agricultura, reduzindo as oportunidades de sustento. Al\u00e9m disso, a renda de quem trabalha no\u00a0 campo, quando insuficiente para uma vida sem priva\u00e7\u00f5es, impossibilita a estrutura\u00e7\u00e3o e manuten\u00e7\u00e3o de cadeias produtivas com pr\u00e1ticas regenerativas\u201d, declarou\u00a0\u00a0Grazielle Cardoso, , gerente do Programa Ra\u00edzes da Caatinga, da Funda\u00e7\u00e3o IDH, a\u00e7\u00e3o da organiza\u00e7\u00e3o que visa a melhorar as condi\u00e7\u00f5es de vida das popula\u00e7\u00f5es rurais nessas \u00e1reas.<\/p>\n<\/blockquote>\n<\/div>\n","protected":false},"excerpt":{"rendered":"<p>Por MRNews Estudo do Instituto IDH analisou dados de custo de vida e de condi\u00e7\u00f5es de acesso aos direitos humanos<\/p>\n","protected":false},"author":2,"featured_media":0,"comment_status":"","ping_status":"","sticky":false,"template":"","format":"standard","meta":{"colormag_page_container_layout":"default_layout","colormag_page_sidebar_layout":"default_layout","footnotes":""},"categories":[1],"tags":[],"class_list":["post-47008","post","type-post","status-publish","format-standard","hentry","category-ejornais"],"aioseo_notices":[],"amp_enabled":true,"_links":{"self":[{"href":"https:\/\/ejornais.com.br\/index.php\/wp-json\/wp\/v2\/posts\/47008","targetHints":{"allow":["GET"]}}],"collection":[{"href":"https:\/\/ejornais.com.br\/index.php\/wp-json\/wp\/v2\/posts"}],"about":[{"href":"https:\/\/ejornais.com.br\/index.php\/wp-json\/wp\/v2\/types\/post"}],"author":[{"embeddable":true,"href":"https:\/\/ejornais.com.br\/index.php\/wp-json\/wp\/v2\/users\/2"}],"replies":[{"embeddable":true,"href":"https:\/\/ejornais.com.br\/index.php\/wp-json\/wp\/v2\/comments?post=47008"}],"version-history":[{"count":0,"href":"https:\/\/ejornais.com.br\/index.php\/wp-json\/wp\/v2\/posts\/47008\/revisions"}],"wp:attachment":[{"href":"https:\/\/ejornais.com.br\/index.php\/wp-json\/wp\/v2\/media?parent=47008"}],"wp:term":[{"taxonomy":"category","embeddable":true,"href":"https:\/\/ejornais.com.br\/index.php\/wp-json\/wp\/v2\/categories?post=47008"},{"taxonomy":"post_tag","embeddable":true,"href":"https:\/\/ejornais.com.br\/index.php\/wp-json\/wp\/v2\/tags?post=47008"}],"curies":[{"name":"wp","href":"https:\/\/api.w.org\/{rel}","templated":true}]}}