{"id":47047,"date":"2025-06-18T20:57:40","date_gmt":"2025-06-18T23:57:40","guid":{"rendered":"https:\/\/ejornais.com.br\/index.php\/2025\/06\/18\/prefeitura-entrega-reforma-do-cras-canguru-e-garante-mais-acessibilidade-aos-servicos-da-unidade-cgnoticias\/"},"modified":"2025-06-18T20:57:40","modified_gmt":"2025-06-18T23:57:40","slug":"prefeitura-entrega-reforma-do-cras-canguru-e-garante-mais-acessibilidade-aos-servicos-da-unidade-cgnoticias","status":"publish","type":"post","link":"https:\/\/ejornais.com.br\/index.php\/2025\/06\/18\/prefeitura-entrega-reforma-do-cras-canguru-e-garante-mais-acessibilidade-aos-servicos-da-unidade-cgnoticias\/","title":{"rendered":"Prefeitura\u00a0entrega reforma do\u00a0Cras Canguru e garante mais acessibilidade aos servi\u00e7os da unidade \u2013 CGNot\u00edcias"},"content":{"rendered":"<p><\/p>\n<div>\n<p>A Prefeitura de Campo Grande, por meio da Secretaria Municipal de Assist\u00eancia Social e Cidadania (SAS), realizou, nesta quarta-feira (18), a reinaugura\u00e7\u00e3o do Centro de Refer\u00eancia de Assist\u00eancia Social \u201cFauze Duailibi Amizo\u201d (Cras Canguru). A iniciativa visa oferecer um atendimento ainda mais qualificado \u00e0 popula\u00e7\u00e3o da regi\u00e3o, em um ambiente moderno, com espa\u00e7os amplos, acess\u00edveis e acolhedores.<\/p>\n<p>Com a revitaliza\u00e7\u00e3o, a unidade passou a contar com ambientes mais adequados, confort\u00e1veis e acess\u00edveis, representando um avan\u00e7o significativo na consolida\u00e7\u00e3o da rede de prote\u00e7\u00e3o social. A melhoria beneficia diretamente as fam\u00edlias em situa\u00e7\u00e3o de vulnerabilidade social, promovendo a qualifica\u00e7\u00e3o do espa\u00e7o f\u00edsico, a amplia\u00e7\u00e3o e o aprimoramento dos servi\u00e7os, programas, projetos e benef\u00edcios socioassistenciais. O Cras Canguru mant\u00e9m a oferta do Servi\u00e7o de Prote\u00e7\u00e3o e Atendimento Integral \u00e0s Fam\u00edlias (PAIF), do Servi\u00e7o de Conviv\u00eancia e Fortalecimento de V\u00ednculos (SCFV) e do atendimento para o Cadastro \u00danico.<\/p>\n<figure class=\"wp-block-image size-large\"><\/figure>\n<p>Entre as melhorias estruturais, os usu\u00e1rios da unidade passaram a contar com uma quadra de esportes e uma cozinha revitalizadas, al\u00e9m de novas redes el\u00e9trica e hidr\u00e1ulica, instala\u00e7\u00e3o de forro, pintura geral, melhoria da ilumina\u00e7\u00e3o, instala\u00e7\u00e3o de novos aparelhos de ar-condicionado e reforma da cal\u00e7ada.<\/p>\n<p>Com uma equipe formada por mais de 40 colaboradores, o Cras \u00e9 um importante equipamento social para os moradores do Jardim Canguru. Presidente da Associa\u00e7\u00e3o de Mulheres do bairro, Marilene Jarcem dos Santos relembrou a mobiliza\u00e7\u00e3o comunit\u00e1ria que resultou na cria\u00e7\u00e3o da unidade, h\u00e1 24 anos, e destacou a emo\u00e7\u00e3o ao ver o espa\u00e7o totalmente renovado.<\/p>\n<p>\u201c\u00c9 gratificante ver essa conquista. Temos tantos servi\u00e7os aqui que n\u00e3o precisamos sair do bairro. Somos muito gratos pelo trabalho que a gest\u00e3o tem realizado, tanto na unidade quanto na comunidade. Mas o que mais me deixa feliz \u00e9 o acolhimento que a equipe do Cras oferece aos idosos e as atividades que hoje mant\u00eam as crian\u00e7as ocupadas e longe das ruas ap\u00f3s a escola\u201d, relatou Marilene.<\/p>\n<p>Inaugurado em fevereiro de 2004, o Cras Canguru consolidou-se como um dos principais equipamentos p\u00fablicos voltados \u00e0 promo\u00e7\u00e3o e oferta dos servi\u00e7os da Rede de Assist\u00eancia Social na regi\u00e3o do Anhanduizinho. A unidade \u00e9 refer\u00eancia no atendimento \u00e0s fam\u00edlias em situa\u00e7\u00e3o de vulnerabilidade, com a\u00e7\u00f5es que fortalecem os v\u00ednculos comunit\u00e1rios e promovem o acesso a direitos.<\/p>\n<figure class=\"wp-block-image size-large\"><\/figure>\n<p>A coordenadora da unidade, M\u00e1rcia da Silva, destacou o empenho da equipe nas a\u00e7\u00f5es desenvolvidas, que v\u00e3o al\u00e9m do atendimento interno. \u201cNingu\u00e9m faz nada sozinho. Aqui temos uma equipe de excel\u00eancia, que atende com dedica\u00e7\u00e3o, desde a recep\u00e7\u00e3o at\u00e9 os projetos. Tamb\u00e9m realizamos visitas a outras institui\u00e7\u00f5es da regi\u00e3o, como escolas e unidades de sa\u00fade, para divulgar os servi\u00e7os do Cras e fortalecer a rede de assist\u00eancia\u201d, afirmou.<\/p>\n<p><strong>Cuidado e qualifica\u00e7\u00e3o<\/strong><\/p>\n<p>Al\u00e9m da revitaliza\u00e7\u00e3o do Cras Canguru, a SAS segue com um cronograma de reforma e moderniza\u00e7\u00e3o dos equipamentos sociais desde o in\u00edcio da gest\u00e3o, com o objetivo de ampliar e qualificar os servi\u00e7os em todas as sete regi\u00f5es de Campo Grande. O cuidado com a estrutura f\u00edsica vem acompanhado de investimentos cont\u00ednuos na capacita\u00e7\u00e3o dos profissionais que atuam na assist\u00eancia social.<\/p>\n<p>\u201cTemos um olhar atento e carinhoso para as pessoas. Por isso, buscamos constantemente qualificar os servi\u00e7os oferecidos, firmando parcerias que nos ajudem a atender melhor essa popula\u00e7\u00e3o e fortalecendo o trabalho em rede\u201d, ressaltou a superintendente de Prote\u00e7\u00e3o Social B\u00e1sica, Gizelli Mota.<\/p>\n<p>A secret\u00e1ria de Assist\u00eancia Social e Cidadania, Camilla Nascimento, refor\u00e7ou a import\u00e2ncia da parceria entre a comunidade e as equipes t\u00e9cnicas das unidades para preservar o patrim\u00f4nio p\u00fablico. \u201cEstamos visitando todas as unidades para promover melhorias e garantir um atendimento respons\u00e1vel e comprometido. A pol\u00edtica p\u00fablica s\u00f3 faz sentido quando chega efetivamente \u00e0 popula\u00e7\u00e3o, e a nossa miss\u00e3o \u00e9 trabalhar para que ela se concretize de forma cada vez mais abrangente\u201d, enfatizou. Camilla tamb\u00e9m destacou o papel dos projetos e atividades socioeducativas desenvolvidas no Cras. \u201cEstamos preparando nossas crian\u00e7as para um futuro promissor, e, por isso, \u00e9 fundamental preservar esse espa\u00e7o, que \u00e9 delas\u201d, concluiu.<\/p>\n<figure class=\"wp-block-image size-large\"><\/figure>\n<p><strong>Projetos e servi\u00e7os<\/strong><\/p>\n<p>Entre janeiro e abril deste ano, o Cras Canguru registrou 12.141 atendimentos individuais. Al\u00e9m disso, 412 usu\u00e1rios \u2013 entre crian\u00e7as, adolescentes e idosos \u2013 participaram das atividades do Servi\u00e7o de Conviv\u00eancia e Fortalecimento de V\u00ednculos (SCFV).<\/p>\n<p>O SCFV para pessoas acima de 60 anos atualmente atende 29 idosos, com encontros semanais realizados \u00e0s quintas-feiras no per\u00edodo da manh\u00e3. Outro destaque recente \u00e9 o projeto Mulheres Mil, iniciado este m\u00eas, fruto de parceria com a Funda\u00e7\u00e3o Social do Trabalho (Funsat), que oferece capacita\u00e7\u00e3o para o curso de Assistente Administrativo. Ao todo, 60 mulheres est\u00e3o inscritas e participar\u00e3o de uma forma\u00e7\u00e3o composta por 12 m\u00f3dulos, com certifica\u00e7\u00e3o pelo Minist\u00e9rio da Educa\u00e7\u00e3o.<\/p>\n<figure class=\"wp-block-image size-large\"><\/figure>\n<p>Buscando fortalecer a autoestima das usu\u00e1rias, a coordena\u00e7\u00e3o da unidade tamb\u00e9m criou um grupo reflexivo, que se re\u00fane quinzenalmente, com foco no fortalecimento emocional e na preven\u00e7\u00e3o \u00e0 depress\u00e3o. O grupo conta com a participa\u00e7\u00e3o de profissionais da sa\u00fade e de comportamento.<\/p>\n<p>Al\u00e9m dessas a\u00e7\u00f5es, o Cras oferece cursos cont\u00ednuos de gera\u00e7\u00e3o de renda nas \u00e1reas de culin\u00e1ria, artesanato e beleza, por meio da Ger\u00eancia de Trabalho e Gera\u00e7\u00e3o de Renda da SAS. O objetivo \u00e9 capacitar a popula\u00e7\u00e3o em situa\u00e7\u00e3o de vulnerabilidade, oferecendo alternativas para o incremento da renda familiar.<\/p>\n<p>A unidade tamb\u00e9m realiza os atendimentos do Cadastro \u00danico, com m\u00e9dia de 70 a 80 pessoas por turno, al\u00e9m de conceder benef\u00edcios eventuais para as fam\u00edlias que necessitam de apoio emergencial.<\/p>\n<figure class=\"wp-block-image size-large\"><\/figure>\n<p>#<em>ParaTodosVerem A imagem de capa mostra a fachada do CRAS Canguru. As imagens internas s\u00e3o de autoridades, popula\u00e7\u00e3o e servidores que participaram da inaugura\u00e7\u00e3o. <\/em><\/p>\n<\/div>\n<p><script async defer async defer src=\"https:\/\/connect.facebook.net\/en_US\/sdk.js?ver=1#xfbml=1&amp;version=v3.2\" id=\"prefeitura-campogrande-script-facebook-sdk-js\"><\/script><\/p>\n","protected":false},"excerpt":{"rendered":"<p>A Prefeitura de Campo Grande, por meio da Secretaria Municipal de Assist\u00eancia Social e Cidadania (SAS), realizou, nesta quarta-feira (18),<\/p>\n","protected":false},"author":2,"featured_media":0,"comment_status":"","ping_status":"","sticky":false,"template":"","format":"standard","meta":{"colormag_page_container_layout":"default_layout","colormag_page_sidebar_layout":"default_layout","footnotes":""},"categories":[1],"tags":[],"class_list":["post-47047","post","type-post","status-publish","format-standard","hentry","category-ejornais"],"aioseo_notices":[],"amp_enabled":true,"_links":{"self":[{"href":"https:\/\/ejornais.com.br\/index.php\/wp-json\/wp\/v2\/posts\/47047","targetHints":{"allow":["GET"]}}],"collection":[{"href":"https:\/\/ejornais.com.br\/index.php\/wp-json\/wp\/v2\/posts"}],"about":[{"href":"https:\/\/ejornais.com.br\/index.php\/wp-json\/wp\/v2\/types\/post"}],"author":[{"embeddable":true,"href":"https:\/\/ejornais.com.br\/index.php\/wp-json\/wp\/v2\/users\/2"}],"replies":[{"embeddable":true,"href":"https:\/\/ejornais.com.br\/index.php\/wp-json\/wp\/v2\/comments?post=47047"}],"version-history":[{"count":0,"href":"https:\/\/ejornais.com.br\/index.php\/wp-json\/wp\/v2\/posts\/47047\/revisions"}],"wp:attachment":[{"href":"https:\/\/ejornais.com.br\/index.php\/wp-json\/wp\/v2\/media?parent=47047"}],"wp:term":[{"taxonomy":"category","embeddable":true,"href":"https:\/\/ejornais.com.br\/index.php\/wp-json\/wp\/v2\/categories?post=47047"},{"taxonomy":"post_tag","embeddable":true,"href":"https:\/\/ejornais.com.br\/index.php\/wp-json\/wp\/v2\/tags?post=47047"}],"curies":[{"name":"wp","href":"https:\/\/api.w.org\/{rel}","templated":true}]}}