{"id":47363,"date":"2025-06-24T21:54:44","date_gmt":"2025-06-25T00:54:44","guid":{"rendered":"https:\/\/ejornais.com.br\/index.php\/2025\/06\/24\/conferencia-municipal-de-assistencia-social-comeca-nesta-quarta-com-foco-nos-20-anos-do-suas-cgnoticias\/"},"modified":"2025-06-24T21:54:44","modified_gmt":"2025-06-25T00:54:44","slug":"conferencia-municipal-de-assistencia-social-comeca-nesta-quarta-com-foco-nos-20-anos-do-suas-cgnoticias","status":"publish","type":"post","link":"https:\/\/ejornais.com.br\/index.php\/2025\/06\/24\/conferencia-municipal-de-assistencia-social-comeca-nesta-quarta-com-foco-nos-20-anos-do-suas-cgnoticias\/","title":{"rendered":"Confer\u00eancia Municipal de Assist\u00eancia Social come\u00e7a nesta quarta com foco nos 20 anos do Suas \u2013 CGNot\u00edcias"},"content":{"rendered":"<p><\/p>\n<div>\n<p>A pol\u00edtica de constru\u00e7\u00e3o e fortalecimento do Sistema \u00danico de Assist\u00eancia Social (Suas) nos \u00faltimos 20 anos ser\u00e1 o tema central da 16\u00aa Confer\u00eancia Municipal da Assist\u00eancia Social que tem in\u00edcio nesta quarta-feira (25), \u00e0s 13 horas, no audit\u00f3rio da universidade Uniderp. O evento foi convocado pela Prefeitura de Campo Grande por meio do Decreto n\u00ba 16.287 de 5 de junho de 2025.<\/p>\n<p>A Confer\u00eancia \u00e9 realizada pelo Conselho Municipal de Assist\u00eancia Social (CMAS) em parceria com a Prefeitura de Campo Grande, por meio da Secretaria de Assist\u00eancia Social e Cidadania (SAS) e acontece a cada dois anos com o objetivo avaliar a pol\u00edtica de Assist\u00eancia Social, identificar os principais desafios enfrentados e propor diretrizes estrat\u00e9gicas para seu aprimoramento futuro.<\/p>\n<p>Os debates promovidos a partir do evento criam um espa\u00e7o essencial para a consolida\u00e7\u00e3o e o fortalecimento do Sistema \u00danico de Assist\u00eancia Social, reafirmando o compromisso com a garantia da prote\u00e7\u00e3o social e com a resist\u00eancia institucional em um contexto de permanentes transforma\u00e7\u00f5es e adversidades.<\/p>\n<p>O tema central desta edi\u00e7\u00e3o ser\u00e1 \u201c20 anos do SUAS: Constru\u00e7\u00e3o, prote\u00e7\u00e3o social e resist\u00eancia\u201d e est\u00e1 organizada em cinco eixos: universaliza\u00e7\u00e3o do SUAS: Acesso Integral com Equidade e Respeito \u00e0s Diversidades; Aperfei\u00e7oamento Cont\u00ednuo do SUAS: inova\u00e7\u00e3o, gest\u00e3o descentralizada e valoriza\u00e7\u00e3o profissional; Integra\u00e7\u00e3o de Benef\u00edcios e Servi\u00e7os Socioassistenciais: fortalecendo a prote\u00e7\u00e3o social, seguran\u00e7a de renda e a inclus\u00e3o social no Sistema \u00danico de Assist\u00eancia Social (SUAS); Gest\u00e3o Democr\u00e1tica, informa\u00e7\u00e3o no SUAS e comunica\u00e7\u00e3o transparente: fortalecendo a participa\u00e7\u00e3o social no SUAS e Sustentabilidade Financeira e Equidade no Cofinanciamento do SUAS.<\/p>\n<figure class=\"wp-block-image size-large\"><\/figure>\n<p><strong>Avalia\u00e7\u00f5es<\/strong><\/p>\n<p>A palestra de abertura do evento ser\u00e1 ministrada pela secret\u00e1ria-executiva de Assist\u00eancia Social de Mato Grosso do Sul, Taciana Silvestrini, que ir\u00e1 abordar o tema central e dos eixos, com o objetivo de subsidiar os participantes quanto aos trabalhos em grupo.<\/p>\n<p>A Confer\u00eancia \u00e9 um espa\u00e7o aberto aos usu\u00e1rios da Assist\u00eancia Social, trabalhadores do SUAS, entidades e gest\u00e3o p\u00fablica, que tem como metas principais a avalia\u00e7\u00e3o das a\u00e7\u00f5es executadas e a defini\u00e7\u00e3o de novas propostas a serem implementadas, considerando os desafios e perspectivas j\u00e1 apontadas no II Plano Decenal de Assist\u00eancia Social\u201d, frisou o presidente do CMAS, Mario de Freitas.<\/p>\n<p>O processo que antecede a Confer\u00eancia foi realizado por meio de confer\u00eancias livres nas sete regi\u00f5es de Campo Grande, onde foram levantadas propostas, conforme demanda regional e eleito os delegados, representando os diversos segmentos da sociedade civil: usu\u00e1rios ou organiza\u00e7\u00e3o de usu\u00e1rios; trabalhadores do SUAS; representantes de entidades de assist\u00eancia social e representantes do Poder P\u00fablico. Os assuntos debatidos tiveram como norteadores os cinco eixos propostos que nortear\u00e3o a Confer\u00eancia.<\/p>\n<p>A 16\u00aa Confemas contar\u00e1 com os delegados eleitos nas pr\u00e9-confer\u00eancias, al\u00e9m de representantes dos \u00f3rg\u00e3os que comp\u00f5em a Rede Socioassistencial, universidades, Poder Judici\u00e1rio, conselhos intersetoriais e conselhos de categoria profissional.<\/p>\n<p>A Confer\u00eancia termina na quinta-feira (26) com a produ\u00e7\u00e3o do documento reunindo as sugest\u00f5es coletadas durante o evento e que ser\u00e3o encaminhadas para os encontros estadual e nacional.<\/p>\n<p>#<em>ParaTodosVerem As imagens de capa e internas mostram participantes da confer\u00eancia.<\/em><\/p>\n<\/div>\n<p><script async defer async defer src=\"https:\/\/connect.facebook.net\/en_US\/sdk.js?ver=1#xfbml=1&amp;version=v3.2\" id=\"prefeitura-campogrande-script-facebook-sdk-js\"><\/script><\/p>\n","protected":false},"excerpt":{"rendered":"<p>A pol\u00edtica de constru\u00e7\u00e3o e fortalecimento do Sistema \u00danico de Assist\u00eancia Social (Suas) nos \u00faltimos 20 anos ser\u00e1 o tema<\/p>\n","protected":false},"author":2,"featured_media":0,"comment_status":"","ping_status":"","sticky":false,"template":"","format":"standard","meta":{"colormag_page_container_layout":"default_layout","colormag_page_sidebar_layout":"default_layout","footnotes":""},"categories":[1],"tags":[],"class_list":["post-47363","post","type-post","status-publish","format-standard","hentry","category-ejornais"],"aioseo_notices":[],"amp_enabled":true,"_links":{"self":[{"href":"https:\/\/ejornais.com.br\/index.php\/wp-json\/wp\/v2\/posts\/47363","targetHints":{"allow":["GET"]}}],"collection":[{"href":"https:\/\/ejornais.com.br\/index.php\/wp-json\/wp\/v2\/posts"}],"about":[{"href":"https:\/\/ejornais.com.br\/index.php\/wp-json\/wp\/v2\/types\/post"}],"author":[{"embeddable":true,"href":"https:\/\/ejornais.com.br\/index.php\/wp-json\/wp\/v2\/users\/2"}],"replies":[{"embeddable":true,"href":"https:\/\/ejornais.com.br\/index.php\/wp-json\/wp\/v2\/comments?post=47363"}],"version-history":[{"count":0,"href":"https:\/\/ejornais.com.br\/index.php\/wp-json\/wp\/v2\/posts\/47363\/revisions"}],"wp:attachment":[{"href":"https:\/\/ejornais.com.br\/index.php\/wp-json\/wp\/v2\/media?parent=47363"}],"wp:term":[{"taxonomy":"category","embeddable":true,"href":"https:\/\/ejornais.com.br\/index.php\/wp-json\/wp\/v2\/categories?post=47363"},{"taxonomy":"post_tag","embeddable":true,"href":"https:\/\/ejornais.com.br\/index.php\/wp-json\/wp\/v2\/tags?post=47363"}],"curies":[{"name":"wp","href":"https:\/\/api.w.org\/{rel}","templated":true}]}}