{"id":47378,"date":"2025-06-25T04:08:40","date_gmt":"2025-06-25T07:08:40","guid":{"rendered":"https:\/\/ejornais.com.br\/index.php\/2025\/06\/25\/ibama-concede-1a-licenca-previa-a-projeto-eolico-offshore-no-pais\/"},"modified":"2025-06-25T04:08:40","modified_gmt":"2025-06-25T07:08:40","slug":"ibama-concede-1a-licenca-previa-a-projeto-eolico-offshore-no-pais","status":"publish","type":"post","link":"https:\/\/ejornais.com.br\/index.php\/2025\/06\/25\/ibama-concede-1a-licenca-previa-a-projeto-eolico-offshore-no-pais\/","title":{"rendered":"Ibama concede 1\u00aa licen\u00e7a pr\u00e9via a projeto e\u00f3lico offshore no pa\u00eds"},"content":{"rendered":"<p> Por MRNews<br \/>\n<\/p>\n<div wp_automatic_readability=\"64.783783783784\">\n<p>Com capacidade instalada de at\u00e9 24,5 megawatts (MW), o S\u00edtio de Testes de Aerogeradores Offshore recebeu nesta ter\u00e7a-feira (24) a licen\u00e7a pr\u00e9via do Instituto Brasileiro do Meio Ambiente e dos Recursos Naturais Renov\u00e1veis (Ibama). A estrutura ser\u00e1 implementada no litoral do munic\u00edpio de Areia Branca (RN). <strong>\u00c9 a primeira licen\u00e7a pr\u00e9via para um projeto de energia e\u00f3lica <em>offshore<\/em> (em alto-mar) no pa\u00eds.<\/strong><\/p>\n<p>O documento foi entregue pela diretora de Licenciamento Ambiental, Claudia Barros, e pelo presidente substituto do Ibama, Jair Schmitt, ao coordenador do Plano de Desenvolvimento Institucional (PDI) do Instituto Senai de Inova\u00e7\u00e3o em Energias Renov\u00e1veis (ISI-ER), Ant\u00f4nio Medeiros, e ao diretor regional do Senai no Rio Grande do Norte, Rodrigo Mello.<\/p>\n<p>Segundo informa\u00e7\u00f5es do Ibama, a licen\u00e7a pr\u00e9via foi concedida ap\u00f3s \u201cextenso processo de an\u00e1lise\u201d conduzido por uma equipe t\u00e9cnica multidisciplinar do instituto, \u201ccom ampla experi\u00eancia em avalia\u00e7\u00e3o de impactos ambientais\u201d.<\/p>\n<p><strong><a href=\"https:\/\/mrnews.com.br\/index.php\/2025\/06\/25\/flamengo-fecha-primeira-fase-do-mundial-com-empate-com-o-los-angeles\/\">Flamengo fecha primeira fase do Mundial com empate com o Los Angeles<\/a><\/strong><\/p>\n<p><strong><a href=\"https:\/\/mrnews.com.br\/index.php\/2025\/06\/25\/mdic-desmantela-fraude-em-importacoes-de-aco-que-burlavam-restricoes\/\">Mdic desmantela fraude em importa\u00e7\u00f5es de a\u00e7o que burlavam restri\u00e7\u00f5es<\/a><\/strong><\/p>\n<p>O trabalho teve in\u00edcio em 2017, de acordo com o coordenador de Licenciamento Ambiental de Gera\u00e7\u00e3o de Energias Renov\u00e1veis e T\u00e9rmicas, Eduardo Wagner. \u201c\u00c9 uma oportunidade \u00fanica e necess\u00e1ria de construir as formas de avalia\u00e7\u00e3o dentro do licenciamento ambiental desde o come\u00e7o, considerando de maneira adequada os impactos nos meios social, bi\u00f3tico e f\u00edsico\u201d, disse.<\/p>\n<p><strong>A avalia\u00e7\u00e3o ambiental identificou impactos associados ao projeto que motivaram recomenda\u00e7\u00f5es para fortalecer o Plano de Gest\u00e3o Ambiental. <\/strong>O documento \u00e9 composto por 13 programas, com a\u00e7\u00f5es que v\u00e3o desde o monitoramento de fauna, ru\u00eddos subaqu\u00e1ticos, comunica\u00e7\u00e3o social, at\u00e9 a qualifica\u00e7\u00e3o profissional, entre outras provid\u00eancias para garantir a sustentabilidade do empreendimento.<\/p>\n<p>\u201cA emiss\u00e3o da licen\u00e7a pr\u00e9via atesta a viabilidade ambiental do projeto em sua fase de planejamento, condicionada ao cumprimento dos requisitos estabelecidos pelo Ibama para as pr\u00f3ximas etapas do licenciamento\u201d, destacou Eduardo Wagner.<\/p>\n<p>A licen\u00e7a pr\u00e9via foi entregue em evento no edif\u00edcio-sede do Ibama, em Bras\u00edlia. Para Claudia Barros, diretora de Licenciamento Ambiental do instituto, a concess\u00e3o do documento representa um marco institucional. \u201c[A emiss\u00e3o] \u00e9 uma possibilidade de gerarmos conhecimento e informa\u00e7\u00e3o sobre um setor que pode deslanchar nos pr\u00f3ximos anos\u201d, ressaltou.<\/p>\n<p><strong><a href=\"https:\/\/mrnews.com.br\/index.php\/2025\/06\/25\/mega-sena-nao-tem-ganhador-e-premio-vai-a-r-40-milhoes\/\">Mega-Sena n\u00e3o tem ganhador e pr\u00eamio vai a R$ 40 milh\u00f5es<\/a><\/strong><\/p>\n<p><strong><a href=\"https:\/\/mrnews.com.br\/index.php\/2025\/06\/25\/rio-de-janeiro-sediara-cupula-mundial-de-prefeitos-antes-da-cop30\/\">Rio de Janeiro sediar\u00e1 C\u00fapula Mundial de Prefeitos antes da COP30<\/a><\/strong><\/p>\n<\/div>\n","protected":false},"excerpt":{"rendered":"<p>Por MRNews Com capacidade instalada de at\u00e9 24,5 megawatts (MW), o S\u00edtio de Testes de Aerogeradores Offshore recebeu nesta ter\u00e7a-feira<\/p>\n","protected":false},"author":2,"featured_media":0,"comment_status":"","ping_status":"","sticky":false,"template":"","format":"standard","meta":{"colormag_page_container_layout":"default_layout","colormag_page_sidebar_layout":"default_layout","footnotes":""},"categories":[1],"tags":[],"class_list":["post-47378","post","type-post","status-publish","format-standard","hentry","category-ejornais"],"aioseo_notices":[],"amp_enabled":true,"_links":{"self":[{"href":"https:\/\/ejornais.com.br\/index.php\/wp-json\/wp\/v2\/posts\/47378","targetHints":{"allow":["GET"]}}],"collection":[{"href":"https:\/\/ejornais.com.br\/index.php\/wp-json\/wp\/v2\/posts"}],"about":[{"href":"https:\/\/ejornais.com.br\/index.php\/wp-json\/wp\/v2\/types\/post"}],"author":[{"embeddable":true,"href":"https:\/\/ejornais.com.br\/index.php\/wp-json\/wp\/v2\/users\/2"}],"replies":[{"embeddable":true,"href":"https:\/\/ejornais.com.br\/index.php\/wp-json\/wp\/v2\/comments?post=47378"}],"version-history":[{"count":0,"href":"https:\/\/ejornais.com.br\/index.php\/wp-json\/wp\/v2\/posts\/47378\/revisions"}],"wp:attachment":[{"href":"https:\/\/ejornais.com.br\/index.php\/wp-json\/wp\/v2\/media?parent=47378"}],"wp:term":[{"taxonomy":"category","embeddable":true,"href":"https:\/\/ejornais.com.br\/index.php\/wp-json\/wp\/v2\/categories?post=47378"},{"taxonomy":"post_tag","embeddable":true,"href":"https:\/\/ejornais.com.br\/index.php\/wp-json\/wp\/v2\/tags?post=47378"}],"curies":[{"name":"wp","href":"https:\/\/api.w.org\/{rel}","templated":true}]}}