{"id":47384,"date":"2025-06-25T06:51:12","date_gmt":"2025-06-25T09:51:12","guid":{"rendered":"https:\/\/ejornais.com.br\/index.php\/2025\/06\/25\/brics-condena-ataques-a-instalacoes-nucleares-no-ira\/"},"modified":"2025-06-25T06:51:12","modified_gmt":"2025-06-25T09:51:12","slug":"brics-condena-ataques-a-instalacoes-nucleares-no-ira","status":"publish","type":"post","link":"https:\/\/ejornais.com.br\/index.php\/2025\/06\/25\/brics-condena-ataques-a-instalacoes-nucleares-no-ira\/","title":{"rendered":"Brics condena ataques a instala\u00e7\u00f5es nucleares no Ir\u00e3"},"content":{"rendered":"<p> Por MRNews<br \/>\n<\/p>\n<div wp_automatic_readability=\"115.34227882647\">\n<p>O\u00a0<strong>grupo do Brics divulgou\u00a0comunicado conjunto nesta ter\u00e7a-feira (24) condenando\u00a0os ataques a instala\u00e7\u00f5es nucleares do Ir\u00e3<\/strong>, iniciados no dia 13 de junho de 2025. Para o bloco, as <strong>a\u00e7\u00f5es\u00a0\u201cconstituem viola\u00e7\u00e3o do direito internacional e da Carta das Na\u00e7\u00f5es Unidas, e a subsequente escalada da situa\u00e7\u00e3o de seguran\u00e7a no Oriente M\u00e9dio\u201d<\/strong>.<\/p>\n<blockquote wp_automatic_readability=\"13\">\n<p>\u201cExpressamos profunda preocupa\u00e7\u00e3o em rela\u00e7\u00e3o a quaisquer ataques contra instala\u00e7\u00f5es nucleares de natureza pac\u00edfica realizados em viola\u00e7\u00e3o ao direito internacional e \u00e0s resolu\u00e7\u00f5es pertinentes da Ag\u00eancia Internacional de Energia At\u00f4mica. As salvaguardas, a seguran\u00e7a e a prote\u00e7\u00e3o nucleares devem ser sempre respeitadas, inclusive em situa\u00e7\u00f5es de conflitos armados, a fim de resguardar as pessoas e o meio ambiente contra danos. Nesse contexto, reiteramos nosso apoio a iniciativas diplom\u00e1ticas que visem abordar desafios regionais\u201d, diz a declara\u00e7\u00e3o conjunta.<\/p>\n<\/blockquote>\n<p>O bloco <strong>defende o\u00a0\u201cestabelecimento de uma zona livre de armas nucleares e outras armas de destrui\u00e7\u00e3o em massa no Oriente M\u00e9dio, em conformidade com as resolu\u00e7\u00f5es internacionais pertinentes\u201d.<\/strong><\/p>\n<p><strong><a href=\"https:\/\/mrnews.com.br\/index.php\/2025\/06\/25\/ibama-concede-1a-licenca-previa-a-projeto-eolico-offshore-no-pais\/\">Ibama concede 1\u00aa licen\u00e7a pr\u00e9via a projeto e\u00f3lico offshore no pa\u00eds<\/a><\/strong><\/p>\n<p><strong><a href=\"https:\/\/mrnews.com.br\/index.php\/2025\/06\/25\/flamengo-fecha-primeira-fase-do-mundial-com-empate-com-o-los-angeles\/\">Flamengo fecha primeira fase do Mundial com empate com o Los Angeles<\/a><\/strong><\/p>\n<p>Os pa\u00edses integrantes do Brics pedem ainda apoio da comunidade internacional para que haja di\u00e1logo entre as partes no intuito de construir uma \u201csolu\u00e7\u00e3o pac\u00edfica de controv\u00e9rsias em benef\u00edcio de toda a humanidade\u201d.<\/p>\n<p>\u201cDiante do aumento das tens\u00f5es, cujas consequ\u00eancias para a paz e a seguran\u00e7a internacionais, bem como para a economia global, s\u00e3o imprevis\u00edveis, ressaltamos a necessidade urgente de romper o ciclo de viol\u00eancia e restaurar a paz. Conclamamos todas as partes envolvidas a engajarem-se, por meio dos canais de di\u00e1logo e diplom\u00e1ticos existentes, com vistas a desescalar a situa\u00e7\u00e3o e resolver suas diverg\u00eancias por meios pac\u00edficos\u201d, afirmam.\u00a0<\/p>\n<p>O Brics \u00e9 formado por\u00a0Brasil, R\u00fassia, \u00cdndia, China e \u00c1frica do Sul. O bloco inclui ainda Ar\u00e1bia Saudita, Egito, Emirados \u00c1rabes Unidos, Eti\u00f3pia, Indon\u00e9sia e Ir\u00e3 e tem mais dez pa\u00edses parceiros: Belarus, Bol\u00edvia, Cuba, Cazaquist\u00e3o, Nig\u00e9ria, Mal\u00e1sia, Tail\u00e2ndia, Uganda, Uzbequist\u00e3o e Vietn\u00e3.<\/p>\n<h2>Entenda o conflito<\/h2>\n<p>O conflito teve in\u00edcio ap\u00f3s Israel acusar o Ir\u00e3 de estar pr\u00f3ximo de desenvolver uma arma nuclear, e lan\u00e7ar\u00a0um ataque surpresa contra o pa\u00eds no dia 13 deste m\u00eas, expandindo a guerra no Oriente M\u00e9dio.<\/p>\n<p><strong><a href=\"https:\/\/mrnews.com.br\/index.php\/2025\/06\/25\/mdic-desmantela-fraude-em-importacoes-de-aco-que-burlavam-restricoes\/\">Mdic desmantela fraude em importa\u00e7\u00f5es de a\u00e7o que burlavam restri\u00e7\u00f5es<\/a><\/strong><\/p>\n<p><strong><a href=\"https:\/\/mrnews.com.br\/index.php\/2025\/06\/25\/mega-sena-nao-tem-ganhador-e-premio-vai-a-r-40-milhoes\/\">Mega-Sena n\u00e3o tem ganhador e pr\u00eamio vai a R$ 40 milh\u00f5es<\/a><\/strong><\/p>\n<p>No \u00faltimo s\u00e1bado\u00a0(21), os Estados Unidos atacaram tr\u00eas usinas nucleares iranianas: Fordow, Natanz e Esfahan.\u00a0<\/p>\n<p>O Ir\u00e3 afirma que seu programa nuclear \u00e9 apenas para fins pac\u00edficos e que estava no meio de uma negocia\u00e7\u00e3o com os Estados Unidos para estabelecer acordos que garantissem o cumprimento do Tratado de N\u00e3o Prolifera\u00e7\u00e3o de Armas Nucleares, do qual \u00e9 signat\u00e1rio.<\/p>\n<p>No entanto, a Ag\u00eancia Internacional de Energia At\u00f4mica (Aiea) vinha acusando o Ir\u00e3 de n\u00e3o cumprir todas as suas obriga\u00e7\u00f5es, apesar de reconhecer que n\u00e3o tem provas de que o pa\u00eds estaria construindo uma bomba at\u00f4mica.\u00a0<\/p>\n<p>O Ir\u00e3 acusa a ag\u00eancia de agir \u201cpoliticamente motivada\u201d e dirigida pelas pot\u00eancias ocidentais, como EUA, Fran\u00e7a e Gr\u00e3-Bretanha, que t\u00eam apoiado Israel na guerra contra Teer\u00e3.<\/p>\n<p>Em mar\u00e7o, o setor de intelig\u00eancia dos Estados Unidos informou que o Ir\u00e3 n\u00e3o estava construindo armas nucleares, informa\u00e7\u00e3o que agora \u00e9 questionada pelo pr\u00f3prio presidente Donald Trump.<\/p>\n<p>Apesar de Israel n\u00e3o aceitar que Teer\u00e3 tenha armas nucleares, diversas fontes ao longo da hist\u00f3ria indicaram que o pa\u00eds mant\u00e9m um amplo programa nuclear secreto desde a d\u00e9cada de 1950, tendo desenvolvido pelo menos 90 ogivas at\u00f4micas.<\/p>\n<h2>Cessar-fogo<\/h2>\n<p>Na noite dessa segunda-feira (23), o\u00a0presidente dos Estados Unidos, Donald Trump, anunciou um cessar-fogo entre Israel e Ir\u00e3.\u00a0<\/p>\n<p>No entanto, os dois pa\u00edses continuaram\u00a0os combates.<\/p>\n<p>O Ir\u00e3 negou ter aceitado os termos do acordo, mas prometeu\u00a0suspender as hostilidades.\u00a0<\/p>\n<p>O primeiro-ministro israelense, Benjamin Netanyahu, disse que as for\u00e7as israelenses\u00a0removeram\u00a0a amea\u00e7a de aniquila\u00e7\u00e3o nuclear e estava determinado a frustrar qualquer tentativa de Teer\u00e3 de reviver seu programa.<\/p>\n<\/div>\n","protected":false},"excerpt":{"rendered":"<p>Por MRNews O\u00a0grupo do Brics divulgou\u00a0comunicado conjunto nesta ter\u00e7a-feira (24) condenando\u00a0os ataques a instala\u00e7\u00f5es nucleares do Ir\u00e3, iniciados no dia<\/p>\n","protected":false},"author":2,"featured_media":0,"comment_status":"","ping_status":"","sticky":false,"template":"","format":"standard","meta":{"colormag_page_container_layout":"default_layout","colormag_page_sidebar_layout":"default_layout","footnotes":""},"categories":[1],"tags":[],"class_list":["post-47384","post","type-post","status-publish","format-standard","hentry","category-ejornais"],"aioseo_notices":[],"amp_enabled":true,"_links":{"self":[{"href":"https:\/\/ejornais.com.br\/index.php\/wp-json\/wp\/v2\/posts\/47384","targetHints":{"allow":["GET"]}}],"collection":[{"href":"https:\/\/ejornais.com.br\/index.php\/wp-json\/wp\/v2\/posts"}],"about":[{"href":"https:\/\/ejornais.com.br\/index.php\/wp-json\/wp\/v2\/types\/post"}],"author":[{"embeddable":true,"href":"https:\/\/ejornais.com.br\/index.php\/wp-json\/wp\/v2\/users\/2"}],"replies":[{"embeddable":true,"href":"https:\/\/ejornais.com.br\/index.php\/wp-json\/wp\/v2\/comments?post=47384"}],"version-history":[{"count":0,"href":"https:\/\/ejornais.com.br\/index.php\/wp-json\/wp\/v2\/posts\/47384\/revisions"}],"wp:attachment":[{"href":"https:\/\/ejornais.com.br\/index.php\/wp-json\/wp\/v2\/media?parent=47384"}],"wp:term":[{"taxonomy":"category","embeddable":true,"href":"https:\/\/ejornais.com.br\/index.php\/wp-json\/wp\/v2\/categories?post=47384"},{"taxonomy":"post_tag","embeddable":true,"href":"https:\/\/ejornais.com.br\/index.php\/wp-json\/wp\/v2\/tags?post=47384"}],"curies":[{"name":"wp","href":"https:\/\/api.w.org\/{rel}","templated":true}]}}