{"id":47677,"date":"2025-06-29T15:24:39","date_gmt":"2025-06-29T18:24:39","guid":{"rendered":"https:\/\/ejornais.com.br\/index.php\/2025\/06\/29\/obra-da-ciclovia-do-putim-entra-em-etapa-final\/"},"modified":"2025-06-29T15:24:39","modified_gmt":"2025-06-29T18:24:39","slug":"obra-da-ciclovia-do-putim-entra-em-etapa-final","status":"publish","type":"post","link":"https:\/\/ejornais.com.br\/index.php\/2025\/06\/29\/obra-da-ciclovia-do-putim-entra-em-etapa-final\/","title":{"rendered":"Obra da ciclovia do Putim entra em etapa final"},"content":{"rendered":"<p><\/p>\n<div>\n<p><b>Ana L\u00facia Abranches<\/b><br \/>&#13;<br \/>\n&#13;<br \/>\n                <span style=\"font-weight: bold;\">Mobilidade Urbana<\/span><\/p>\n<p><span><em>Colaborou a estagi\u00e1ria Fl\u00e1via Souza<\/em><\/span><\/p>\n<p data-start=\"159\" data-end=\"411\">A nova ciclovia que conecta a regi\u00e3o do Putim ao DCTA, com 8 km de extens\u00e3o, est\u00e1 em fase final de execu\u00e7\u00e3o. A Prefeitura de S\u00e3o Jos\u00e9 dos Campos est\u00e1 instalando 138 lumin\u00e1rias de LED ao longo do trajeto.<\/p>\n<p data-start=\"413\" data-end=\"705\">At\u00e9 o momento, foram instaladas 76 lumin\u00e1rias, sendo que 44 j\u00e1 est\u00e3o em funcionamento, garantindo mais seguran\u00e7a e conforto para os ciclistas que utilizam o local. Trechos com barreira New Jersey (barreira de concreto para prote\u00e7\u00e3o dos ciclistas) tamb\u00e9m est\u00e3o com a implanta\u00e7\u00e3o na fase final.<\/p>\n<p data-start=\"707\" data-end=\"917\">A ciclovia, com uso compartilhado entre pedestres e ciclistas, conecta a regi\u00e3o do DCTA (em frente \u00e0 portaria principal) \u00e0 Avenida Jo\u00e3o Rodolfo Castelli, integrando-se a uma malha ciclovi\u00e1ria cont\u00ednua de 30 km.<\/p>\n<p data-start=\"919\" data-end=\"1028\">Com essa liga\u00e7\u00e3o, ciclistas e pedestres poder\u00e3o transitar sem interrup\u00e7\u00f5es entre as seguintes vias da cidade:<\/p>\n<p data-start=\"919\" data-end=\"1028\">&#8211; Ciclovia da Avenida dos Astronautas<\/p>\n<p data-start=\"919\" data-end=\"1028\">&#8211; Ciclovia da Via Cambu\u00ed<\/p>\n<p data-start=\"919\" data-end=\"1028\">&#8211; Ciclovia da Avenida Rodolfo Castelli<\/p>\n<p data-start=\"919\" data-end=\"1028\">&#8211; Ciclovia da Rodovia dos Tamoios<\/p>\n<p data-start=\"1172\" data-end=\"1465\">A obra, executada pela Urbam, refor\u00e7a o compromisso da cidade com a mobilidade sustent\u00e1vel e a seguran\u00e7a vi\u00e1ria, oferecendo uma alternativa de transporte saud\u00e1vel e eficiente para a popula\u00e7\u00e3o. A ilumina\u00e7\u00e3o completa ser\u00e1 essencial para o uso noturno do trajeto, promovendo maior acessibilidade.<\/p>\n<p>&#13;<br \/>\n                        <strong>MAIS NOT\u00cdCIAS<\/strong><br \/>&#13;<br \/>\n                        Mobilidade Urbana&#13;\n                    <\/p>\n<\/p><\/div>\n","protected":false},"excerpt":{"rendered":"<p>Ana L\u00facia Abranches&#13; &#13; Mobilidade Urbana Colaborou a estagi\u00e1ria Fl\u00e1via Souza A nova ciclovia que conecta a regi\u00e3o do Putim<\/p>\n","protected":false},"author":2,"featured_media":0,"comment_status":"","ping_status":"","sticky":false,"template":"","format":"standard","meta":{"colormag_page_container_layout":"default_layout","colormag_page_sidebar_layout":"default_layout","footnotes":""},"categories":[1],"tags":[],"class_list":["post-47677","post","type-post","status-publish","format-standard","hentry","category-ejornais"],"aioseo_notices":[],"amp_enabled":true,"_links":{"self":[{"href":"https:\/\/ejornais.com.br\/index.php\/wp-json\/wp\/v2\/posts\/47677","targetHints":{"allow":["GET"]}}],"collection":[{"href":"https:\/\/ejornais.com.br\/index.php\/wp-json\/wp\/v2\/posts"}],"about":[{"href":"https:\/\/ejornais.com.br\/index.php\/wp-json\/wp\/v2\/types\/post"}],"author":[{"embeddable":true,"href":"https:\/\/ejornais.com.br\/index.php\/wp-json\/wp\/v2\/users\/2"}],"replies":[{"embeddable":true,"href":"https:\/\/ejornais.com.br\/index.php\/wp-json\/wp\/v2\/comments?post=47677"}],"version-history":[{"count":0,"href":"https:\/\/ejornais.com.br\/index.php\/wp-json\/wp\/v2\/posts\/47677\/revisions"}],"wp:attachment":[{"href":"https:\/\/ejornais.com.br\/index.php\/wp-json\/wp\/v2\/media?parent=47677"}],"wp:term":[{"taxonomy":"category","embeddable":true,"href":"https:\/\/ejornais.com.br\/index.php\/wp-json\/wp\/v2\/categories?post=47677"},{"taxonomy":"post_tag","embeddable":true,"href":"https:\/\/ejornais.com.br\/index.php\/wp-json\/wp\/v2\/tags?post=47677"}],"curies":[{"name":"wp","href":"https:\/\/api.w.org\/{rel}","templated":true}]}}