{"id":47720,"date":"2025-06-30T13:49:31","date_gmt":"2025-06-30T16:49:31","guid":{"rendered":"https:\/\/ejornais.com.br\/index.php\/2025\/06\/30\/prefeitura-de-bonito-entrega-novos-uniformes-para-trabalhadores-da-coleta-domiciliar-prefeitura-municipal-de-bonito\/"},"modified":"2025-06-30T13:49:31","modified_gmt":"2025-06-30T16:49:31","slug":"prefeitura-de-bonito-entrega-novos-uniformes-para-trabalhadores-da-coleta-domiciliar-prefeitura-municipal-de-bonito","status":"publish","type":"post","link":"https:\/\/ejornais.com.br\/index.php\/2025\/06\/30\/prefeitura-de-bonito-entrega-novos-uniformes-para-trabalhadores-da-coleta-domiciliar-prefeitura-municipal-de-bonito\/","title":{"rendered":"Prefeitura de Bonito entrega novos uniformes para trabalhadores da coleta domiciliar &#8211; Prefeitura Municipal de Bonito"},"content":{"rendered":"<p><\/p>\n<div>\n<div class=\"td-post-featured-image\"><\/div>\n<p>Na manh\u00e3 desta segunda-feira (30), a Prefeitura de Bonito, por meio da Secretaria de Meio Ambiente, realizou a entrega oficial dos novos uniformes para os trabalhadores da coleta domiciliar. A solenidade aconteceu no Viveiro Municipal Eduardo Tumelero e contou com a presen\u00e7a do prefeito Josmail Rodrigues.<\/p>\n<p>Os novos kits visam proporcionar mais seguran\u00e7a, conforto e dignidade no dia a dia dos profissionais que atuam na limpeza urbana do munic\u00edpio. Cada trabalhador recebeu um conjunto completo contendo camisa, cal\u00e7a, bon\u00e9, capa de chuva, botina, m\u00e1scara e luvas.<\/p>\n<p>Durante a entrega, o prefeito Josmail destacou a import\u00e2ncia do trabalho realizado pelos coletores e refor\u00e7ou o compromisso da gest\u00e3o municipal com a valoriza\u00e7\u00e3o dos servidores. \u201cEsses profissionais desempenham um papel fundamental para manter nossa cidade limpa e organizada. Nada mais justo do que oferecer melhores condi\u00e7\u00f5es de trabalho para eles\u201d, afirmou.<\/p>\n<p>A iniciativa integra as a\u00e7\u00f5es da prefeitura voltadas \u00e0 melhoria das condi\u00e7\u00f5es de trabalho dos servidores p\u00fablicos e ao fortalecimento das pol\u00edticas ambientais e de limpeza urbana no munic\u00edpio.<\/p>\n<figure class=\"wp-block-gallery has-nested-images columns-default is-cropped wp-block-gallery-1 is-layout-flex wp-block-gallery-is-layout-flex\">\n<figure class=\"wp-block-image size-large\"><\/figure>\n<figure class=\"wp-block-image size-large\"><\/figure>\n<figure class=\"wp-block-image size-large\"><\/figure>\n<figure class=\"wp-block-image size-large\"><\/figure>\n<figure class=\"wp-block-image size-large\"><\/figure>\n<figure class=\"wp-block-image size-large\"><\/figure>\n<\/figure><\/div>\n","protected":false},"excerpt":{"rendered":"<p>Na manh\u00e3 desta segunda-feira (30), a Prefeitura de Bonito, por meio da Secretaria de Meio Ambiente, realizou a entrega oficial<\/p>\n","protected":false},"author":2,"featured_media":0,"comment_status":"","ping_status":"","sticky":false,"template":"","format":"standard","meta":{"colormag_page_container_layout":"default_layout","colormag_page_sidebar_layout":"default_layout","footnotes":""},"categories":[1],"tags":[],"class_list":["post-47720","post","type-post","status-publish","format-standard","hentry","category-ejornais"],"aioseo_notices":[],"amp_enabled":true,"_links":{"self":[{"href":"https:\/\/ejornais.com.br\/index.php\/wp-json\/wp\/v2\/posts\/47720","targetHints":{"allow":["GET"]}}],"collection":[{"href":"https:\/\/ejornais.com.br\/index.php\/wp-json\/wp\/v2\/posts"}],"about":[{"href":"https:\/\/ejornais.com.br\/index.php\/wp-json\/wp\/v2\/types\/post"}],"author":[{"embeddable":true,"href":"https:\/\/ejornais.com.br\/index.php\/wp-json\/wp\/v2\/users\/2"}],"replies":[{"embeddable":true,"href":"https:\/\/ejornais.com.br\/index.php\/wp-json\/wp\/v2\/comments?post=47720"}],"version-history":[{"count":0,"href":"https:\/\/ejornais.com.br\/index.php\/wp-json\/wp\/v2\/posts\/47720\/revisions"}],"wp:attachment":[{"href":"https:\/\/ejornais.com.br\/index.php\/wp-json\/wp\/v2\/media?parent=47720"}],"wp:term":[{"taxonomy":"category","embeddable":true,"href":"https:\/\/ejornais.com.br\/index.php\/wp-json\/wp\/v2\/categories?post=47720"},{"taxonomy":"post_tag","embeddable":true,"href":"https:\/\/ejornais.com.br\/index.php\/wp-json\/wp\/v2\/tags?post=47720"}],"curies":[{"name":"wp","href":"https:\/\/api.w.org\/{rel}","templated":true}]}}