{"id":48008,"date":"2025-07-04T16:35:00","date_gmt":"2025-07-04T19:35:00","guid":{"rendered":"https:\/\/ejornais.com.br\/index.php\/2025\/07\/04\/nugs-divulga-chamada-de-trabalhos-para-a-revista-ciencia-em-evidencia-ifsp\/"},"modified":"2025-07-04T16:35:00","modified_gmt":"2025-07-04T19:35:00","slug":"nugs-divulga-chamada-de-trabalhos-para-a-revista-ciencia-em-evidencia-ifsp","status":"publish","type":"post","link":"https:\/\/ejornais.com.br\/index.php\/2025\/07\/04\/nugs-divulga-chamada-de-trabalhos-para-a-revista-ciencia-em-evidencia-ifsp\/","title":{"rendered":"Nugs divulga chamada de trabalhos para a Revista Ci\u00eancia em Evid\u00eancia\u00a0 &#8211; IFSP"},"content":{"rendered":"<p><\/p>\n<div>\n<div class=\"subtitle\">\n<p><span data-contrast=\"auto\">Edi\u00e7\u00e3o especial celebra os\u00a010 anos do n\u00facleo; acesse <\/span><span data-contrast=\"none\">aqui<\/span><span data-contrast=\"auto\"> as normas e os modelos para a submiss\u00e3o<\/span><span data-ccp-props=\"{}\">\u00a0<\/span><\/p>\n<\/div>\n<p><!-- fim .content-header-options-1 --><\/p>\n<p><span data-contrast=\"auto\">Criado em 2016, o N\u00facleo de Estudos sobre G\u00eanero e Sexualidade do IFSP (Nugs) tem como objetivo promover a\u00e7\u00f5es de educa\u00e7\u00e3o inclusiva e n\u00e3o sexista. Al\u00e9m disso, possui a finalidade de fomentar a equidade de g\u00eanero, combater a viol\u00eancia e a discrimina\u00e7\u00e3o contra pessoas LGBTQIAPN+, bem como valorizar a diversidade, o respeito \u00e0s diferen\u00e7as e os direitos dessa popula\u00e7\u00e3o.<\/span><span data-ccp-props=\"{&quot;134233117&quot;:false,&quot;134233118&quot;:false,&quot;335551550&quot;:0,&quot;335551620&quot;:0,&quot;335559738&quot;:240,&quot;335559739&quot;:240}\">\u00a0<\/span><\/p>\n<p><span data-contrast=\"auto\">Em 2026, o Nugs completar\u00e1 10 anos de atua\u00e7\u00e3o. Para marcar a data e dar visibilidade \u00e0s a\u00e7\u00f5es e contribui\u00e7\u00f5es desenvolvidas ao longo da \u00faltima d\u00e9cada, a revista <\/span><span data-contrast=\"auto\">Ci\u00eancia em Evid\u00eancia<\/span><span data-contrast=\"auto\">, vinculada ao Portal de Peri\u00f3dicos da EDIFSP, lan\u00e7ar\u00e1 uma edi\u00e7\u00e3o especial dedicada a trabalhos voltados \u00e0 valoriza\u00e7\u00e3o do Nugs. A revista contemplar\u00e1 ainda pesquisas e a\u00e7\u00f5es de ensino e extens\u00e3o relacionadas aos estudos de g\u00eanero e sexualidade.<\/span><span data-ccp-props=\"{&quot;134233117&quot;:false,&quot;134233118&quot;:false,&quot;335551550&quot;:0,&quot;335551620&quot;:0,&quot;335559738&quot;:240,&quot;335559739&quot;:240}\">\u00a0<\/span><\/p>\n<p><span data-contrast=\"auto\">Ser\u00e3o aceitos trabalhos in\u00e9ditos nos formatos de ensaio, relato de experi\u00eancia, artigo de pesquisa e entrevista. As submiss\u00f5es de trabalhos podem ser feitas at\u00e9 o dia 30 de setembro.<\/span><span data-ccp-props=\"{&quot;134233117&quot;:false,&quot;134233118&quot;:false,&quot;335551550&quot;:0,&quot;335551620&quot;:0,&quot;335559738&quot;:240,&quot;335559739&quot;:240}\">\u00a0<\/span><\/p>\n<p><span data-contrast=\"auto\">\u00a0A chamada com todas as informa\u00e7\u00f5es, normas e modelos para submiss\u00e3o est\u00e1 dispon\u00edvel aqui.<\/span><span data-ccp-props=\"{&quot;134233117&quot;:false,&quot;134233118&quot;:false,&quot;335551550&quot;:0,&quot;335551620&quot;:0,&quot;335559738&quot;:240,&quot;335559739&quot;:240}\">\u00a0<\/span><\/p>\n<p><span data-ccp-props=\"{}\">\u00a0<\/span><\/p>\n<p>\u00a0<\/p>\n<\/div>\n","protected":false},"excerpt":{"rendered":"<p>Edi\u00e7\u00e3o especial celebra os\u00a010 anos do n\u00facleo; acesse aqui as normas e os modelos para a submiss\u00e3o\u00a0 Criado em 2016,<\/p>\n","protected":false},"author":2,"featured_media":0,"comment_status":"","ping_status":"","sticky":false,"template":"","format":"standard","meta":{"colormag_page_container_layout":"default_layout","colormag_page_sidebar_layout":"default_layout","footnotes":""},"categories":[1],"tags":[],"class_list":["post-48008","post","type-post","status-publish","format-standard","hentry","category-ejornais"],"aioseo_notices":[],"amp_enabled":true,"_links":{"self":[{"href":"https:\/\/ejornais.com.br\/index.php\/wp-json\/wp\/v2\/posts\/48008","targetHints":{"allow":["GET"]}}],"collection":[{"href":"https:\/\/ejornais.com.br\/index.php\/wp-json\/wp\/v2\/posts"}],"about":[{"href":"https:\/\/ejornais.com.br\/index.php\/wp-json\/wp\/v2\/types\/post"}],"author":[{"embeddable":true,"href":"https:\/\/ejornais.com.br\/index.php\/wp-json\/wp\/v2\/users\/2"}],"replies":[{"embeddable":true,"href":"https:\/\/ejornais.com.br\/index.php\/wp-json\/wp\/v2\/comments?post=48008"}],"version-history":[{"count":0,"href":"https:\/\/ejornais.com.br\/index.php\/wp-json\/wp\/v2\/posts\/48008\/revisions"}],"wp:attachment":[{"href":"https:\/\/ejornais.com.br\/index.php\/wp-json\/wp\/v2\/media?parent=48008"}],"wp:term":[{"taxonomy":"category","embeddable":true,"href":"https:\/\/ejornais.com.br\/index.php\/wp-json\/wp\/v2\/categories?post=48008"},{"taxonomy":"post_tag","embeddable":true,"href":"https:\/\/ejornais.com.br\/index.php\/wp-json\/wp\/v2\/tags?post=48008"}],"curies":[{"name":"wp","href":"https:\/\/api.w.org\/{rel}","templated":true}]}}