{"id":48048,"date":"2025-07-05T08:37:56","date_gmt":"2025-07-05T11:37:56","guid":{"rendered":"https:\/\/ejornais.com.br\/index.php\/2025\/07\/05\/agenda-da-prefeita-adriane-lopes-neste-sabado-5-cgnoticias-2\/"},"modified":"2025-07-05T08:37:56","modified_gmt":"2025-07-05T11:37:56","slug":"agenda-da-prefeita-adriane-lopes-neste-sabado-5-cgnoticias-2","status":"publish","type":"post","link":"https:\/\/ejornais.com.br\/index.php\/2025\/07\/05\/agenda-da-prefeita-adriane-lopes-neste-sabado-5-cgnoticias-2\/","title":{"rendered":"Agenda da prefeita Adriane Lopes neste s\u00e1bado (5) \u2013 CGNot\u00edcias"},"content":{"rendered":"<p><\/p>\n<div>\n<p>A prefeita Adriane Lopes participa, neste sabado (5), da A\u00e7\u00e3o Agro Social, realizada pela Prefeitura Municipal de Campo Grande, atrav\u00e9s da Semades, em parceria com \u00f3rg\u00e3os municipais, estaduais, federais, Sistema S e volunt\u00e1rios da sociedade civil. O evento tem in\u00edcio \u00e0s 8h, na Escola Municipal Governador Arnaldo Estev\u00e3o de Figueiredo, na Avenida Tr\u00eas Barras, 40.<\/p>\n<p>Ser\u00e3o oferecidos servi\u00e7os como emiss\u00e3o de RG, atendimento social com inscri\u00e7\u00e3o e atualiza\u00e7\u00e3o em programas governamentais, orienta\u00e7\u00f5es previdenci\u00e1rias, consultas m\u00e9dicas, exames preventivos, entre outros.<\/p>\n<p>Tamb\u00e9m haver\u00e1 tira-d\u00favidas sobre cr\u00e9dito rural e esclarecimentos sobre sanidade agropecu\u00e1ria. Como forma de estimular a sustentabilidade, ser\u00e3o realizadas doa\u00e7\u00f5es de mudas de \u00e1rvores nativas e frut\u00edferas.<\/p>\n<p>A expectativa \u00e9 de que cerca de 600 pessoas, moradoras das comunidades rurais Tr\u00eas Barras, Comunidade Quilombola Buriti, Abelhinha, Bosque dos L\u00edrios I e II e Ch\u00e1cara das Mans\u00f5es, participem da a\u00e7\u00e3o.<\/p>\n<p><strong>Servi\u00e7o:<\/strong><\/p>\n<p><strong>Data: 5 de julho (s\u00e1bado)<\/strong><\/p>\n<p><strong>Hor\u00e1rio:\u00a0 8 horas<\/strong><\/p>\n<p><strong>Local: <\/strong>E.M Agr\u00edcola Governador Arnaldo Estev\u00e3o de Figueiredo<\/p>\n<p><strong>Endere\u00e7o: <\/strong>Av. Tr\u00eas Barras, 40 \u2013 Zona Rural<\/p>\n<\/div>\n<p><script async defer async defer src=\"https:\/\/connect.facebook.net\/en_US\/sdk.js?ver=1#xfbml=1&amp;version=v3.2\" id=\"prefeitura-campogrande-script-facebook-sdk-js\"><\/script><\/p>\n","protected":false},"excerpt":{"rendered":"<p>A prefeita Adriane Lopes participa, neste sabado (5), da A\u00e7\u00e3o Agro Social, realizada pela Prefeitura Municipal de Campo Grande, atrav\u00e9s<\/p>\n","protected":false},"author":2,"featured_media":0,"comment_status":"","ping_status":"","sticky":false,"template":"","format":"standard","meta":{"colormag_page_container_layout":"default_layout","colormag_page_sidebar_layout":"default_layout","footnotes":""},"categories":[1],"tags":[],"class_list":["post-48048","post","type-post","status-publish","format-standard","hentry","category-ejornais"],"aioseo_notices":[],"amp_enabled":true,"_links":{"self":[{"href":"https:\/\/ejornais.com.br\/index.php\/wp-json\/wp\/v2\/posts\/48048","targetHints":{"allow":["GET"]}}],"collection":[{"href":"https:\/\/ejornais.com.br\/index.php\/wp-json\/wp\/v2\/posts"}],"about":[{"href":"https:\/\/ejornais.com.br\/index.php\/wp-json\/wp\/v2\/types\/post"}],"author":[{"embeddable":true,"href":"https:\/\/ejornais.com.br\/index.php\/wp-json\/wp\/v2\/users\/2"}],"replies":[{"embeddable":true,"href":"https:\/\/ejornais.com.br\/index.php\/wp-json\/wp\/v2\/comments?post=48048"}],"version-history":[{"count":0,"href":"https:\/\/ejornais.com.br\/index.php\/wp-json\/wp\/v2\/posts\/48048\/revisions"}],"wp:attachment":[{"href":"https:\/\/ejornais.com.br\/index.php\/wp-json\/wp\/v2\/media?parent=48048"}],"wp:term":[{"taxonomy":"category","embeddable":true,"href":"https:\/\/ejornais.com.br\/index.php\/wp-json\/wp\/v2\/categories?post=48048"},{"taxonomy":"post_tag","embeddable":true,"href":"https:\/\/ejornais.com.br\/index.php\/wp-json\/wp\/v2\/tags?post=48048"}],"curies":[{"name":"wp","href":"https:\/\/api.w.org\/{rel}","templated":true}]}}